{"id":32835,"date":"2010-12-16T11:58:39","date_gmt":"2010-12-16T15:58:39","guid":{"rendered":"http:\/\/www.redenoticia.com.br\/noticia\/?p=32835"},"modified":"2010-12-16T11:58:39","modified_gmt":"2010-12-16T15:58:39","slug":"embu-abre-concurso-artistico-para-portais-de-entrada","status":"publish","type":"post","link":"https:\/\/www.redenoticia.com.br\/noticia\/2010\/embu-abre-concurso-artistico-para-portais-de-entrada\/32835","title":{"rendered":"Embu abre concurso art\u00edstico para Portais de Entrada"},"content":{"rendered":"<p><strong><em>Embu das Artes <\/em><\/strong>abriu concurso para instalar 13  portais de entrada. O valor de quase R$ 1 milh\u00e3o ser\u00e1 dividido entre os 13  vencedores. A proposta \u00e9 criar uma identifica\u00e7\u00e3o para o munic\u00edpio, que faz  divisa com S\u00e3o Paulo, Tabo\u00e3o da Serra, Cotia e Itapecerica da Serra, somando 11  acessos, para receber bem o turista. O concurso, com inscri\u00e7\u00f5es at\u00e9 o dia 17 de  janeiro, \u00e9 aberto a artistas pl\u00e1sticos, arquitetos, desenhistas e interessados  que inscreverem seus trabalhos, individualmente ou como representantes de  equipes. O projeto faz parte do Programa Turismo Social no Brasil &#8211; Apoio a  Projetos de Infraestrutura Tur\u00edstica, do governo federal.<\/p>\n<p>Cada profissional tem direito a fazer uma  inscri\u00e7\u00e3o individual ou como representante de uma \u00fanica equipe, podendo  apresentar at\u00e9 13 propostas, por\u00e9m apenas uma para cada Portal de Entrada. A  sele\u00e7\u00e3o das propostas levar\u00e1 em conta itens como harmonia, rela\u00e7\u00e3o com o  entorno, tem\u00e1tica e objetivos.<\/p>\n<p>Para realizar esse trabalho ser\u00e1 constitu\u00edda  comiss\u00e3o julgadora, com cinco membros, representantes das secretarias municipais  de Obras, Desenvolvimento Urbano, Cultura e Turismo, mais um especialista em  arte urbana. Com os vencedores, ser\u00e3o assinados contratos para execu\u00e7\u00e3o da  obra.<\/p>\n<p>Os portais ter\u00e3o duas etapas: na primeira haver\u00e1  edifica\u00e7\u00e3o da constru\u00e7\u00e3o do portal e as melhoras do entorno (ilumina\u00e7\u00e3o,  urbanismo e paisagismo) e, na segunda, inser\u00e7\u00e3o das obras art\u00edsticas em cada  portal.<\/p>\n<p>Foram criadas quatro tipologias de portais de  entrada. A de tipo 1 tem duas colunas laterais com p\u00f3rticos sobre as pistas de  rolamento e no centro um obelisco; tipo 2, uma coluna lateral e uma al\u00e7a sobre a  pista de rolamento; tipo 3, duas colunas localizadas nos dois lados da cal\u00e7ada  da via, unidas por uma viga, que cruza as pistas de rolamento; tipo 4, tem uma  coluna central com p\u00f3rticos sobre as pistas de rolamento. Pavimenta\u00e7\u00e3o,  ilumina\u00e7\u00e3o, piso intertravado e outras medidas ser\u00e3o adotadas para instala\u00e7\u00e3o e  manuten\u00e7\u00e3o dos portais da cidade.<\/p>\n<p>N\u00e3o podem participar: membros, dirigentes,  assessores, servidores e empregados integrantes ou vinculados aos quadros da  Prefeitura de Embu, al\u00e9m de seus s\u00f3cios e\/ou parentes, at\u00e9 terceiro  grau.<\/p>\n<p>Inscri\u00e7\u00f5es at\u00e9 17\/1\/2011, na Secretaria de Cultura ( Rua Andronico  dos Prazeres Gon\u00e7alves, 114, Centro, Embu, SP). Mais informa\u00e7\u00f5es: (11)4785-3563.  Consulte edital e regulamento no site <a href=\"http:\/\/www.embu.sp.gov.br\/e-gov\/noticia\/index.php?ver=3412\" target=\"_blank\">http:\/\/www.embu.sp.gov.br\/e-gov\/noticia\/index.php?ver=3412<\/a><\/p>\n<p><em>Elke Muniz &#8211; MTb 11.603<br \/>\n<\/em>Dezembro\/2010<br \/>\ntel. 11-4785-3632;  11-9891-9508<\/p>\n<p>Nadir Prado Bremecker<br \/>\nComunica\u00e7\u00e3o Social &#8211; PP  atendimento<br \/>\n11-4785-34.84<\/p>\n","protected":false},"excerpt":{"rendered":"<p>Embu das Artes abriu concurso para instalar 13 portais de entrada. O valor de quase R$ 1 milh\u00e3o ser\u00e1 dividido entre os 13 vencedores. A proposta \u00e9 criar uma identifica\u00e7\u00e3o para o munic\u00edpio, que faz divisa com S\u00e3o Paulo, Tabo\u00e3o da Serra, Cotia e Itapecerica da Serra, somando 11 acessos, para receber bem o turista. [&hellip;]<\/p>\n","protected":false},"author":3,"featured_media":0,"comment_status":"open","ping_status":"open","sticky":false,"template":"","format":"standard","meta":{"_genesis_hide_title":false,"_genesis_hide_breadcrumbs":false,"_genesis_hide_singular_image":false,"_genesis_hide_footer_widgets":false,"_genesis_custom_body_class":"","_genesis_custom_post_class":"","_genesis_layout":"","_jetpack_memberships_contains_paid_content":false,"footnotes":""},"categories":[22],"tags":[],"class_list":{"0":"post-32835","1":"post","2":"type-post","3":"status-publish","4":"format-standard","6":"category-brasil","7":"entry","8":"gs-1","9":"gs-odd","10":"gs-even","11":"gs-featured-content-entry"},"jetpack_featured_media_url":"","jetpack_sharing_enabled":true,"jetpack_likes_enabled":true,"_links":{"self":[{"href":"https:\/\/www.redenoticia.com.br\/noticia\/wp-json\/wp\/v2\/posts\/32835","targetHints":{"allow":["GET"]}}],"collection":[{"href":"https:\/\/www.redenoticia.com.br\/noticia\/wp-json\/wp\/v2\/posts"}],"about":[{"href":"https:\/\/www.redenoticia.com.br\/noticia\/wp-json\/wp\/v2\/types\/post"}],"author":[{"embeddable":true,"href":"https:\/\/www.redenoticia.com.br\/noticia\/wp-json\/wp\/v2\/users\/3"}],"replies":[{"embeddable":true,"href":"https:\/\/www.redenoticia.com.br\/noticia\/wp-json\/wp\/v2\/comments?post=32835"}],"version-history":[{"count":0,"href":"https:\/\/www.redenoticia.com.br\/noticia\/wp-json\/wp\/v2\/posts\/32835\/revisions"}],"wp:attachment":[{"href":"https:\/\/www.redenoticia.com.br\/noticia\/wp-json\/wp\/v2\/media?parent=32835"}],"wp:term":[{"taxonomy":"category","embeddable":true,"href":"https:\/\/www.redenoticia.com.br\/noticia\/wp-json\/wp\/v2\/categories?post=32835"},{"taxonomy":"post_tag","embeddable":true,"href":"https:\/\/www.redenoticia.com.br\/noticia\/wp-json\/wp\/v2\/tags?post=32835"}],"curies":[{"name":"wp","href":"https:\/\/api.w.org\/{rel}","templated":true}]}}