{"id":32828,"date":"2010-12-16T11:25:22","date_gmt":"2010-12-16T15:25:22","guid":{"rendered":"http:\/\/www.redenoticia.com.br\/noticia\/?p=32828"},"modified":"2010-12-16T11:25:22","modified_gmt":"2010-12-16T15:25:22","slug":"ingressos-dos-roteiros-natalinos-sp-estao-esgotados","status":"publish","type":"post","link":"https:\/\/www.redenoticia.com.br\/noticia\/2010\/ingressos-dos-roteiros-natalinos-sp-estao-esgotados\/32828","title":{"rendered":"Ingressos dos Roteiros Natalinos SP est\u00e3o esgotados"},"content":{"rendered":"<p>O <strong><em>Roteiro Tur\u00edstico de Natal<\/em><\/strong>, uma iniciativa da Prefeitura de S\u00e3o Paulo, por  meio da S\u00e3o Paulo Turismo (SPTuris), \u00e9 sucesso total de p\u00fablico, em sua d\u00e9cima  segunda edi\u00e7\u00e3o. Todos os 7,1 mil ingressos j\u00e1 foram vendidos e os \u00f4nibus est\u00e3o  cheios. Turistas e moradores interessados em conhecer a decora\u00e7\u00e3o natalina na  cidade ainda podem optar pelo Turismetr\u00f4 de Natal.<\/p>\n<p>O Turismetr\u00f4, consagrado programa de roteiros tur\u00edsticos populares que usa o  metr\u00f4 como meio de transporte, oferecido pela S\u00e3o Paulo Turismo (SPTuris) em  parceria com a Companhia do Metropolitano de S\u00e3o Paulo, apresenta um roteiro  especial de Natal nos finais de semana de dezembro.<\/p>\n<p>O roteiro ser\u00e1 oferecido at\u00e9 o dia 26 de dezembro, sempre aos s\u00e1bados e  domingos, e tem in\u00edcio \u00e0s 16 horas no balc\u00e3o do Turismetr\u00f4 na Esta\u00e7\u00e3o S\u00e9, onde \u00e9  adquirido o ingresso. O passeio convida \u00e0 visita\u00e7\u00e3o \u00e0 p\u00e9 em pontos decorados  para as festas de fim de ano, como o Pateo do Col\u00e9gio, o Museu de Arte Sacra e a  Avenida Paulista.<\/p>\n<p>Guias bil\u00edngues acompanham o grupo, de at\u00e9 25 pessoas, aos pontos de  interesse, onde acontecem interven\u00e7\u00f5es art\u00edsticas programadas que explicam a  hist\u00f3ria e as tradi\u00e7\u00f5es da cidade.<br \/>\nItiner\u00e1rio<\/p>\n<p>\u2022 Embarque na esta\u00e7\u00e3o S\u00e9 com destino \u00e0 esta\u00e7\u00e3o Vale do Anhangaba\u00fa<br \/>\n\u2022  Caminhada sentido Shopping Light: explana\u00e7\u00e3o sobre Shopping Light, Theatro  Municipal, Vale do Anhangaba\u00fa e sede da Prefeitura<br \/>\n\u2022 Caminhada sentido Largo  de S\u00e3o Francisco: explana\u00e7\u00e3o e visita ao Largo de S\u00e3o Francisco<br \/>\n\u2022 Caminhada  sentido esta\u00e7\u00e3o S\u00e9<br \/>\n\u2022 Embarque sentido esta\u00e7\u00e3o Tiradentes<br \/>\n\u2022 Desembarque e  caminhada sentido Museu de Arte Sacra<br \/>\n\u2022 Visita Museu de Arte Sacra<br \/>\n\u2022  Caminhada sentido esta\u00e7\u00e3o Tiradentes<br \/>\n\u2022 Embarque sentido esta\u00e7\u00e3o  Consola\u00e7\u00e3o<br \/>\n\u2022 Desembarque e explana\u00e7\u00e3o sobre a tradi\u00e7\u00e3o da decora\u00e7\u00e3o natalina  na Avenida Paulista, Shopping Center 3<br \/>\n\u2022 Caminhada ao Conjunto Nacional:  visita e interven\u00e7\u00e3o teatral<br \/>\nSobre o Natal Iluminado<\/p>\n<p>O Natal Iluminado \u00e9 uma realiza\u00e7\u00e3o da Prefeitura de S\u00e3o Paulo, coordenada  pela S\u00e3o Paulo Turismo (SPTuris) e que conta com patroc\u00ednio de empresas privadas  e o apoio do Departamento de Ilumina\u00e7\u00e3o P\u00fablica (Ilume), da Eletropaulo, da CET  (Companhia de Engenharia e Tr\u00e1fego) e da Pol\u00edcia Militar.<\/p>\n<p>Em 2010, ruas, avenidas, parques, pra\u00e7as, pontes e patrim\u00f4nios p\u00fablicos  ganham decora\u00e7\u00e3o especial e mais de 100 quil\u00f4metros de vias ter\u00e3o cerca de 6 mil  elementos iluminados, entre \u00e1rvores e postes.<\/p>\n<p>Para saber mais: site oficial do Natal Iluminado &#8211;  <a href=\"http:\/\/www.cidadedesaopaulo.com\/natal\" target=\"_blank\">www.cidadedesaopaulo.com\/natal<\/a>.<\/p>\n<p>SERVI\u00c7O:<\/p>\n<p>Turismetr\u00f4 Especial de Natal<\/p>\n<p>Data: 4, 5, 11, 12, 18, 19 e 26 de dezembro de 2010<br \/>\nHor\u00e1rios: 16h<br \/>\nPonto  de partida: Esta\u00e7\u00e3o S\u00e9 do Metr\u00f4<br \/>\nPre\u00e7o: R$ 7,95 (3 bilhetes de metr\u00f4)<br \/>\nOnde  comprar: guich\u00ea do Turismetr\u00f4 na Esta\u00e7\u00e3o S\u00e9<br \/>\nMais informa\u00e7\u00f5es:  <a href=\"http:\/\/www.cidadedesaopaulo.com\/turismetro\" target=\"_blank\">www.cidadedesaopaulo.com\/turismetro<\/a><br \/>\nOBS: Em caso de chuva, o roteiro \u00e9  cancelado.<\/p>\n","protected":false},"excerpt":{"rendered":"<p>O Roteiro Tur\u00edstico de Natal, uma iniciativa da Prefeitura de S\u00e3o Paulo, por meio da S\u00e3o Paulo Turismo (SPTuris), \u00e9 sucesso total de p\u00fablico, em sua d\u00e9cima segunda edi\u00e7\u00e3o. Todos os 7,1 mil ingressos j\u00e1 foram vendidos e os \u00f4nibus est\u00e3o cheios. Turistas e moradores interessados em conhecer a decora\u00e7\u00e3o natalina na cidade ainda podem [&hellip;]<\/p>\n","protected":false},"author":3,"featured_media":0,"comment_status":"open","ping_status":"open","sticky":false,"template":"","format":"standard","meta":{"_genesis_hide_title":false,"_genesis_hide_breadcrumbs":false,"_genesis_hide_singular_image":false,"_genesis_hide_footer_widgets":false,"_genesis_custom_body_class":"","_genesis_custom_post_class":"","_genesis_layout":"","_jetpack_memberships_contains_paid_content":false,"footnotes":""},"categories":[22],"tags":[],"class_list":{"0":"post-32828","1":"post","2":"type-post","3":"status-publish","4":"format-standard","6":"category-brasil","7":"entry","8":"gs-1","9":"gs-odd","10":"gs-even","11":"gs-featured-content-entry"},"jetpack_featured_media_url":"","jetpack_sharing_enabled":true,"jetpack_likes_enabled":true,"_links":{"self":[{"href":"https:\/\/www.redenoticia.com.br\/noticia\/wp-json\/wp\/v2\/posts\/32828","targetHints":{"allow":["GET"]}}],"collection":[{"href":"https:\/\/www.redenoticia.com.br\/noticia\/wp-json\/wp\/v2\/posts"}],"about":[{"href":"https:\/\/www.redenoticia.com.br\/noticia\/wp-json\/wp\/v2\/types\/post"}],"author":[{"embeddable":true,"href":"https:\/\/www.redenoticia.com.br\/noticia\/wp-json\/wp\/v2\/users\/3"}],"replies":[{"embeddable":true,"href":"https:\/\/www.redenoticia.com.br\/noticia\/wp-json\/wp\/v2\/comments?post=32828"}],"version-history":[{"count":0,"href":"https:\/\/www.redenoticia.com.br\/noticia\/wp-json\/wp\/v2\/posts\/32828\/revisions"}],"wp:attachment":[{"href":"https:\/\/www.redenoticia.com.br\/noticia\/wp-json\/wp\/v2\/media?parent=32828"}],"wp:term":[{"taxonomy":"category","embeddable":true,"href":"https:\/\/www.redenoticia.com.br\/noticia\/wp-json\/wp\/v2\/categories?post=32828"},{"taxonomy":"post_tag","embeddable":true,"href":"https:\/\/www.redenoticia.com.br\/noticia\/wp-json\/wp\/v2\/tags?post=32828"}],"curies":[{"name":"wp","href":"https:\/\/api.w.org\/{rel}","templated":true}]}}