{"id":32822,"date":"2010-12-15T15:25:05","date_gmt":"2010-12-15T19:25:05","guid":{"rendered":"http:\/\/www.redenoticia.com.br\/noticia\/?p=32822"},"modified":"2010-12-15T15:26:41","modified_gmt":"2010-12-15T19:26:41","slug":"rede-record-especial-chitaozinho-e-xororo","status":"publish","type":"post","link":"https:\/\/www.redenoticia.com.br\/noticia\/2010\/rede-record-especial-chitaozinho-e-xororo\/32822","title":{"rendered":"Rede Record \u2013 especial Chit\u00e3ozinho e Xoror\u00f3"},"content":{"rendered":"<p>Com dire\u00e7\u00e3o de Maur\u00edcio Dias e Andr\u00e9 Ristum, o especial Nascemos Para Cantar ser\u00e1 exibido pela <strong><em>Rede Record<\/em><\/strong> no dia  25 de dezembro, \u00e0s 23h.  Com 55 min. de dura\u00e7\u00e3o e estrutura de um docudrama, Nascemos Para Cantar narra a trajet\u00f3ria dos 40 anos de carreira da dupla sertaneja Chit\u00e3ozinho &amp; Xoror\u00f3,  que descobriu o talento para cantar ainda na inf\u00e2ncia, dedicou suas vidas \u00e0 m\u00fasica e enfrentou in\u00fameros obst\u00e1culos para se tornar  \u00edcone da m\u00fasica Brasileira. O projeto \u00e9 uma produ\u00e7\u00e3o Gullane\/Grifa com o investimento e exibi\u00e7\u00e3o da Record e o apoio da Ancine, atrav\u00e9s das leis de incentivo federal.<\/p>\n<p>NASCEMOS PARA CANTAR apresenta n\u00e3o apenas o hist\u00f3rico profissional dos cantores, mas tamb\u00e9m toda a trajet\u00f3ria de vida da fam\u00edlia, que foi o alicerce para a consolida\u00e7\u00e3o de uma carreira de sucesso. O telefilme tem cenas documentais, com depoimentos de grandes artistas e personalidades do meio musical, e imagens de arquivo em paralelo \u00e0 encena\u00e7\u00e3o dramat\u00fargica de passagens importantes da inf\u00e2ncia de Zezinho e Durval, conhecidos nacionalmente como Chit\u00e3ozinho &amp; Xoror\u00f3.<\/p>\n<p>O sucesso de Chit\u00e3ozinho &amp; Xoror\u00f3 \u00e9 conseq\u00fc\u00eancia de uma \u00e1rdua escalada que s\u00f3 foi poss\u00edvel gra\u00e7as ao apoio de parentes e amigos, da luta di\u00e1ria de Seu Mario e Dona Araci \u2013 os pais e os principais incentivadores da dupla \u2013 e de um talento nato para cantar, al\u00e9m de muito trabalho ao longo dos mais de 40 anos de hist\u00f3ria com a m\u00fasica sertaneja.<\/p>\n<p>A hist\u00f3ria da Dupla se confunde com a hist\u00f3ria da m\u00fasica Sertaneja. Chitaozinho e Xoror\u00f3 quebraram barreiras, venceram preconceitos e colocaram pela primeira vez o g\u00eanero sertanejo no mesmo patamar de grandes \u00eddolos da m\u00fasica pop. S\u00e3o eles os respons\u00e1veis pela difus\u00e3o do sertanejo em todas as classes sociais.<\/p>\n<p>Vanessa Gerbelli, Leonardo Vieira e Paulo Gorgulho fazem parte do elenco de Nascemos Para Cantar, que tem depoimentos Andreas Kisser, Cesar &amp; Paulinho, Cesar Menotti e Fabiano, Daniel, Edson, Geraldo Meirelles, Gian &amp; Giovani, Ivete Sangalo, Jair Rodrigues, Jo\u00e3o Carlos Martins, Leonardo, Pel\u00e9, Rick e Renner, Rio Negro &amp; Solim\u00f5es, Roberta Miranda, Sergio Reis, Victor e Leo, Zez\u00e9 di Camargo e Luciano e Zuza Homem de Melo. O roteiro \u00e9 de Danilo Gullane, a fotografia de Jacob Solitrenick e a montagem de Marcio Canella.<\/p>\n<p>Hor\u00e1rios de exibi\u00e7\u00e3o<br \/>\nDia 25 de dezembro, s\u00e1bado, \u00e0s 23h, na Rede Record.<br \/>\nDia 26 de dezembro, domingo, \u00e0s 18h, na Record News.<\/p>\n<p>Uma Produ\u00e7\u00e3o Gullane\/GrifaA Gullane tem contribu\u00eddo ao longo dos \u00faltimos anos para a realiza\u00e7\u00e3o de importantes obras cinematogr\u00e1ficas brasileiras tais como Bicho de Sete Cabe\u00e7as, Carandiru, O Ano em que Meus Pais Sa\u00edram de F\u00e9rias, As Melhores Coisas do Mundo, entre outros. Produ\u00e7\u00f5es que alcan\u00e7aram sucesso de cr\u00edtica e p\u00fablico no Brasil e no exterior.<br \/>\nAtualmente a Gullane \u00e9 uma reconhecida e respeitada empresa no setor do audiovisual brasileiro. Com projetos diferenciados para o cinema e para a televis\u00e3o, a Gullane tem como principal desafio agregar \u00e0s suas produ\u00e7\u00f5es a m\u00e1xima qualidade art\u00edstica e t\u00e9cnica, com o sucesso comercial e o retorno para seus colaboradores, parceiros e investidores.<br \/>\nA Grifa tem em seu portf\u00f3lio, document\u00e1rios com exibi\u00e7\u00f5es em mais de 160 pa\u00edses em canais como Discovery Channel Internacional, National Geographic, Arte e NHK.<\/p>\n<p>Ficha t\u00e9cnica2010, 55 min, livre<br \/>\nElenco: Vanessa Gerbelli, Leonardo Vieira, Paulo Gorgulho.<br \/>\nDepoimentos: Andreas Kisser, Cesar &amp; Paulinho, Cesar Menotti e Fabiano, Daniel, Edson, Geraldo Meirelles, Gian &amp; Giovani, Ivete Sangalo, Jair Rodrigues, Jo\u00e3o Carlos Martins, Leonardo, Pel\u00e9, Rick e Renner, Rio Negro &amp; Solim\u00f5es, Roberta Miranda, Sergio Reis, Victor e Leo, Zez\u00e9 di Camargo e Luciano, Zuza Homem de Melo.<br \/>\nDire\u00e7\u00e3o: Maur\u00edcio Dias e Andr\u00e9 Ristum<br \/>\nProdutores: Caio Gullane, Fabiano Gullane, Fernando Dias e Maur\u00edcio Dias<br \/>\nRoteiro: Danilo GullaneFot\u00f3grafo: Jacob Solitrenick<br \/>\nDiretora de arte: Bia Pessoa<br \/>\nMontador: Marcio Canella<\/p>\n<p>F&amp;M Procultura<\/p>\n","protected":false},"excerpt":{"rendered":"<p>Com dire\u00e7\u00e3o de Maur\u00edcio Dias e Andr\u00e9 Ristum, o especial Nascemos Para Cantar ser\u00e1 exibido pela Rede Record no dia 25 de dezembro, \u00e0s 23h. Com 55 min. de dura\u00e7\u00e3o e estrutura de um docudrama, Nascemos Para Cantar narra a trajet\u00f3ria dos 40 anos de carreira da dupla sertaneja Chit\u00e3ozinho &amp; Xoror\u00f3, que descobriu o [&hellip;]<\/p>\n","protected":false},"author":3,"featured_media":0,"comment_status":"open","ping_status":"open","sticky":false,"template":"","format":"standard","meta":{"_genesis_hide_title":false,"_genesis_hide_breadcrumbs":false,"_genesis_hide_singular_image":false,"_genesis_hide_footer_widgets":false,"_genesis_custom_body_class":"","_genesis_custom_post_class":"","_genesis_layout":"","_jetpack_memberships_contains_paid_content":false,"footnotes":""},"categories":[22,371,343],"tags":[],"class_list":{"0":"post-32822","1":"post","2":"type-post","3":"status-publish","4":"format-standard","6":"category-brasil","7":"category-rede-record","8":"category-televisao","9":"entry","10":"gs-1","11":"gs-odd","12":"gs-even","13":"gs-featured-content-entry"},"jetpack_featured_media_url":"","jetpack_sharing_enabled":true,"jetpack_likes_enabled":true,"_links":{"self":[{"href":"https:\/\/www.redenoticia.com.br\/noticia\/wp-json\/wp\/v2\/posts\/32822","targetHints":{"allow":["GET"]}}],"collection":[{"href":"https:\/\/www.redenoticia.com.br\/noticia\/wp-json\/wp\/v2\/posts"}],"about":[{"href":"https:\/\/www.redenoticia.com.br\/noticia\/wp-json\/wp\/v2\/types\/post"}],"author":[{"embeddable":true,"href":"https:\/\/www.redenoticia.com.br\/noticia\/wp-json\/wp\/v2\/users\/3"}],"replies":[{"embeddable":true,"href":"https:\/\/www.redenoticia.com.br\/noticia\/wp-json\/wp\/v2\/comments?post=32822"}],"version-history":[{"count":0,"href":"https:\/\/www.redenoticia.com.br\/noticia\/wp-json\/wp\/v2\/posts\/32822\/revisions"}],"wp:attachment":[{"href":"https:\/\/www.redenoticia.com.br\/noticia\/wp-json\/wp\/v2\/media?parent=32822"}],"wp:term":[{"taxonomy":"category","embeddable":true,"href":"https:\/\/www.redenoticia.com.br\/noticia\/wp-json\/wp\/v2\/categories?post=32822"},{"taxonomy":"post_tag","embeddable":true,"href":"https:\/\/www.redenoticia.com.br\/noticia\/wp-json\/wp\/v2\/tags?post=32822"}],"curies":[{"name":"wp","href":"https:\/\/api.w.org\/{rel}","templated":true}]}}