{"id":32815,"date":"2010-12-15T14:54:20","date_gmt":"2010-12-15T18:54:20","guid":{"rendered":"http:\/\/www.redenoticia.com.br\/noticia\/?p=32815"},"modified":"2010-12-15T15:20:05","modified_gmt":"2010-12-15T19:20:05","slug":"consumidor-pode-registrar-acidentes-de-consumo-no-ipem-sp","status":"publish","type":"post","link":"https:\/\/www.redenoticia.com.br\/noticia\/2010\/consumidor-pode-registrar-acidentes-de-consumo-no-ipem-sp\/32815","title":{"rendered":"Registro de acidentes de consumo no Ipem-SP"},"content":{"rendered":"<p>Em evento na Secretaria da Justi\u00e7a e Defesa da Cidadania, com a presen\u00e7a do secret\u00e1rio Ricardo Dias Leme, o Instituto de Pesos e Medidas do Estado de S\u00e3o Paulo (Ipem-SP), lan\u00e7ou o programa de Registro e Monitoramento de Acidentes (Remac). Desenvolvido pelo Ipem-SP, o programa ficar\u00e1 dispon\u00edvel no <a href=\"http:\/\/www.ipem.sp.gov.br\/\" target=\"_blank\">site<\/a> para receber do consumidor relatos sobre <strong><em>acidentes de consumo<\/em><\/strong>.<\/p>\n<p>Participaram do lan\u00e7amento, a coordenadora da ONG de defesa do consumidor, Maria In\u00eas Dolci, o coordenador da \u00e1rea do consumidor do Minist\u00e9rio P\u00fablico do Estado de S\u00e3o Paulo, Celso Froes Brocchetto, diretor executivo do Procon-SP, Roberto Pfeiffer e o presidente da comiss\u00e3o de Direito e Rela\u00e7\u00f5es de Consumo da OAB\/SP, Jos\u00e9 Eduardo Tavolieri de Oliveira.<\/p>\n<p>O secret\u00e1rio Ricardo Dias Leme comemorou a cria\u00e7\u00e3o do servi\u00e7o, afirmando que ser\u00e1 muito \u00fatil para a popula\u00e7\u00e3o, ajudando a fortalecer a atua\u00e7\u00e3o conjunta de dois \u00f3rg\u00e3os p\u00fablicos de defesa do consumidor como Ipem e Procon. &#8220;Quem sabe com essa a\u00e7\u00e3o administrativa conseguiremos reduzir o n\u00famero de acidentes e saber o que acontece com celulares que explodem, por exemplo&#8221;.<\/p>\n<p>Superintendente do Ipem-SP, Fabiano Marques de Paula, explica que at\u00e9 hoje n\u00e3o h\u00e1 estat\u00edsticas sobre acidentes de consumo. &#8220;Al\u00e9m de analisar e mapear os problemas que n\u00e3o enxergamos no mercado e buscar medidas para reduzir essas ocorr\u00eancias, firmamos um compromisso de informar pela imprensa a lista desses produtos e servi\u00e7os relatados pelo consumidor&#8221;.<\/p>\n<p>As informa\u00e7\u00f5es recebidas do consumidor, que deve preencher um formul\u00e1rio no site, ser\u00e3o recebidos pela Ouvidoria do Ipem-SP que tamb\u00e9m far\u00e1 o monitoramento desse banco de dados como parte da comiss\u00e3o com representantes de outras institui\u00e7\u00f5es ligadas \u00e0 defesa do consumidor: Procon, Comiss\u00e3o de Direito e Rela\u00e7\u00f5es de Consumo da OAB\/SP e Proteste.<\/p>\n<p>Com informa\u00e7\u00f5es registradas pelas v\u00edtimas dos acidentes, a comiss\u00e3o adotar\u00e1 medidas para aperfei\u00e7oar a seguran\u00e7a de produtos e servi\u00e7os, propondo a\u00e7\u00f5es como termos de ajuste de conduta; projetos de lei; reformula\u00e7\u00e3o ou cria\u00e7\u00e3o de regulamentos t\u00e9cnicos do Instituto Nacional de Metrologia, Normaliza\u00e7\u00e3o e Qualidade Industrial (Inmetro).<\/p>\n<p>Acidentes de consumo<\/p>\n<p>Segundo a ouvidora do Ipem-SP, Sonia Amaro, a equipe est\u00e1 preparada para tirar d\u00favidas e orientar o consumidor a preencher fazer o Remac e explica que acidente de consumo \u00e9 causado por produto ou servi\u00e7o que, embora utilizado de acordo com as recomenda\u00e7\u00f5es do fornecedor inseridas em manual de instru\u00e7\u00e3o, embalagem, r\u00f3tulo ou bula, provoca danos que prejudicam a sa\u00fade ou seguran\u00e7a do consumidor, como queimaduras, cortes, quedas, dentre outros. &#8220;Nossa equipe est\u00e1 treinada e poder\u00e1 tirar d\u00favidas de quem tiver d\u00favidas para saber o que se encaixa como acidente de consumo pelo telefone 0800-0130522.<\/p>\n<p>Do Instituto de Pesos e Medidas do Estado de S\u00e3o Paulo<\/p>\n","protected":false},"excerpt":{"rendered":"<p>Em evento na Secretaria da Justi\u00e7a e Defesa da Cidadania, com a presen\u00e7a do secret\u00e1rio Ricardo Dias Leme, o Instituto de Pesos e Medidas do Estado de S\u00e3o Paulo (Ipem-SP), lan\u00e7ou o programa de Registro e Monitoramento de Acidentes (Remac). Desenvolvido pelo Ipem-SP, o programa ficar\u00e1 dispon\u00edvel no site para receber do consumidor relatos sobre [&hellip;]<\/p>\n","protected":false},"author":3,"featured_media":0,"comment_status":"open","ping_status":"open","sticky":false,"template":"","format":"standard","meta":{"_genesis_hide_title":false,"_genesis_hide_breadcrumbs":false,"_genesis_hide_singular_image":false,"_genesis_hide_footer_widgets":false,"_genesis_custom_body_class":"","_genesis_custom_post_class":"","_genesis_layout":"","_jetpack_memberships_contains_paid_content":false,"footnotes":""},"categories":[22],"tags":[],"class_list":{"0":"post-32815","1":"post","2":"type-post","3":"status-publish","4":"format-standard","6":"category-brasil","7":"entry","8":"gs-1","9":"gs-odd","10":"gs-even","11":"gs-featured-content-entry"},"jetpack_featured_media_url":"","jetpack_sharing_enabled":true,"jetpack_likes_enabled":true,"_links":{"self":[{"href":"https:\/\/www.redenoticia.com.br\/noticia\/wp-json\/wp\/v2\/posts\/32815","targetHints":{"allow":["GET"]}}],"collection":[{"href":"https:\/\/www.redenoticia.com.br\/noticia\/wp-json\/wp\/v2\/posts"}],"about":[{"href":"https:\/\/www.redenoticia.com.br\/noticia\/wp-json\/wp\/v2\/types\/post"}],"author":[{"embeddable":true,"href":"https:\/\/www.redenoticia.com.br\/noticia\/wp-json\/wp\/v2\/users\/3"}],"replies":[{"embeddable":true,"href":"https:\/\/www.redenoticia.com.br\/noticia\/wp-json\/wp\/v2\/comments?post=32815"}],"version-history":[{"count":0,"href":"https:\/\/www.redenoticia.com.br\/noticia\/wp-json\/wp\/v2\/posts\/32815\/revisions"}],"wp:attachment":[{"href":"https:\/\/www.redenoticia.com.br\/noticia\/wp-json\/wp\/v2\/media?parent=32815"}],"wp:term":[{"taxonomy":"category","embeddable":true,"href":"https:\/\/www.redenoticia.com.br\/noticia\/wp-json\/wp\/v2\/categories?post=32815"},{"taxonomy":"post_tag","embeddable":true,"href":"https:\/\/www.redenoticia.com.br\/noticia\/wp-json\/wp\/v2\/tags?post=32815"}],"curies":[{"name":"wp","href":"https:\/\/api.w.org\/{rel}","templated":true}]}}