{"id":32810,"date":"2010-12-16T23:16:43","date_gmt":"2010-12-17T03:16:43","guid":{"rendered":"http:\/\/www.redenoticia.com.br\/noticia\/?p=32810"},"modified":"2011-01-11T16:56:41","modified_gmt":"2011-01-11T20:56:41","slug":"mensagem-de-natal-redenoticia","status":"publish","type":"post","link":"https:\/\/www.redenoticia.com.br\/noticia\/2010\/mensagem-de-natal-redenoticia\/32810","title":{"rendered":"Mensagem de Natal RedeNoticia"},"content":{"rendered":"<p><img loading=\"lazy\" decoding=\"async\" class=\"alignleft size-full wp-image-32811\" title=\"mensagem de natal RedeNoticia\" src=\"https:\/\/www.redenoticia.com.br\/noticia\/imagens\/mensagem-de-natal-RedeNoticia.jpg\" alt=\"\" width=\"300\" height=\"193\" srcset=\"https:\/\/www.redenoticia.com.br\/noticia\/imagens\/mensagem-de-natal-RedeNoticia.jpg 300w, https:\/\/www.redenoticia.com.br\/noticia\/imagens\/mensagem-de-natal-RedeNoticia-250x160.jpg 250w, https:\/\/www.redenoticia.com.br\/noticia\/imagens\/mensagem-de-natal-RedeNoticia-150x96.jpg 150w\" sizes=\"auto, (max-width: 300px) 100vw, 300px\" \/>Mensagem de Natal &#8211; deixe uma feliz <strong><em>Mensagem de Natal<\/em><\/strong> aqui no RedeNoticia. Em 2010 a equipe RedeNoticia resolveu dividir mensagens de Natal com todos os leitores e assessores de imprensa que se encontraram aqui neste portal. Hoje recebemos textos e not\u00edcias de assessores de todas as regi\u00f5es do Brasil e de diversos pa\u00edses, que s\u00e3o acessadas por aproximadamente 3 milh\u00f5es de visitas\/m\u00eas. Assim desejamos a todos um \u00f3timo Natal e que 2011 seja repleto de realiza\u00e7\u00f5es.<\/p>\n<p>Convidamos voc\u00ea para que tamb\u00e9m registre sua mensagem, e assim possamos compartilhar o esp\u00edrito de natal com todos que estiveram juntos, aqui no RedeNoticia, em 2010. As mensagens de Natal registradas nos\u00a0coment\u00e1rios\u00a0tamb\u00e9m servir\u00e3o de inspira\u00e7\u00e3o para aqueles que gostam de agradar seus amigos.<\/p>\n<p>Para participar \u00e9 muito simples. Basta registrar sua Mensagem de Natal no espa\u00e7o para coment\u00e1rios, no final deste texto. O moderador s\u00f3 vai interferir em mensagens indevidas, propagandas ou id\u00e9ias fora do contexto idealizado para esta p\u00e1gina.<\/p>\n<p>Se tiver alguma d\u00favida acesse as orienta\u00e7\u00f5es do editor (<a href=\"https:\/\/www.redenoticia.com.br\/noticia\/conheca-as-regras-para-fazer-os-seus-comentarios\" target=\"_blank\">clique aqui<\/a>). Nos encontraremos aqui neste Natal. Deixe o seu recado e compartilhe palavras com os outros leitores.<\/p>\n<p>Por Reda\u00e7\u00e3o &#8211; Mensagem de Natal RedeNoticia &#8211;<\/p>\n","protected":false},"excerpt":{"rendered":"<p>Mensagem de Natal &#8211; deixe uma feliz Mensagem de Natal aqui no RedeNoticia. Em 2010 a equipe RedeNoticia resolveu dividir mensagens de Natal com todos os leitores e assessores de imprensa que se encontraram aqui neste portal. Hoje recebemos textos e not\u00edcias de assessores de todas as regi\u00f5es do Brasil e de diversos pa\u00edses, que [&hellip;]<\/p>\n","protected":false},"author":3,"featured_media":32811,"comment_status":"open","ping_status":"open","sticky":false,"template":"","format":"standard","meta":{"_genesis_hide_title":false,"_genesis_hide_breadcrumbs":false,"_genesis_hide_singular_image":false,"_genesis_hide_footer_widgets":false,"_genesis_custom_body_class":"","_genesis_custom_post_class":"","_genesis_layout":"","_jetpack_memberships_contains_paid_content":false,"footnotes":""},"categories":[22],"tags":[],"class_list":{"0":"post-32810","1":"post","2":"type-post","3":"status-publish","4":"format-standard","5":"has-post-thumbnail","7":"category-brasil","8":"entry","9":"gs-1","10":"gs-odd","11":"gs-even","12":"gs-featured-content-entry"},"jetpack_featured_media_url":"https:\/\/www.redenoticia.com.br\/noticia\/imagens\/mensagem-de-natal-RedeNoticia.jpg","jetpack_sharing_enabled":true,"jetpack_likes_enabled":true,"_links":{"self":[{"href":"https:\/\/www.redenoticia.com.br\/noticia\/wp-json\/wp\/v2\/posts\/32810","targetHints":{"allow":["GET"]}}],"collection":[{"href":"https:\/\/www.redenoticia.com.br\/noticia\/wp-json\/wp\/v2\/posts"}],"about":[{"href":"https:\/\/www.redenoticia.com.br\/noticia\/wp-json\/wp\/v2\/types\/post"}],"author":[{"embeddable":true,"href":"https:\/\/www.redenoticia.com.br\/noticia\/wp-json\/wp\/v2\/users\/3"}],"replies":[{"embeddable":true,"href":"https:\/\/www.redenoticia.com.br\/noticia\/wp-json\/wp\/v2\/comments?post=32810"}],"version-history":[{"count":0,"href":"https:\/\/www.redenoticia.com.br\/noticia\/wp-json\/wp\/v2\/posts\/32810\/revisions"}],"wp:featuredmedia":[{"embeddable":true,"href":"https:\/\/www.redenoticia.com.br\/noticia\/wp-json\/wp\/v2\/media\/32811"}],"wp:attachment":[{"href":"https:\/\/www.redenoticia.com.br\/noticia\/wp-json\/wp\/v2\/media?parent=32810"}],"wp:term":[{"taxonomy":"category","embeddable":true,"href":"https:\/\/www.redenoticia.com.br\/noticia\/wp-json\/wp\/v2\/categories?post=32810"},{"taxonomy":"post_tag","embeddable":true,"href":"https:\/\/www.redenoticia.com.br\/noticia\/wp-json\/wp\/v2\/tags?post=32810"}],"curies":[{"name":"wp","href":"https:\/\/api.w.org\/{rel}","templated":true}]}}