{"id":32806,"date":"2010-12-14T13:24:58","date_gmt":"2010-12-14T17:24:58","guid":{"rendered":"http:\/\/www.redenoticia.com.br\/noticia\/?p=32806"},"modified":"2010-12-14T13:24:58","modified_gmt":"2010-12-14T17:24:58","slug":"selt-lanca-calendario-de-festas-e-eventos-paulistas","status":"publish","type":"post","link":"https:\/\/www.redenoticia.com.br\/noticia\/2010\/selt-lanca-calendario-de-festas-e-eventos-paulistas\/32806","title":{"rendered":"Selt lan\u00e7a calend\u00e1rio de festas e eventos paulistas"},"content":{"rendered":"<p>Secretaria de Esporte, Lazer e Turismo do Estado de S\u00e3o Paulo (SELT) lan\u00e7a <strong>calend\u00e1rio<\/strong><em> que contempla as principais atividades e a\u00e7\u00f5es <strong>festivas<\/strong><\/em> promovidas pelos <strong>munic\u00edpios paulistas<\/strong><em><\/em>.<\/p>\n<p>Nesta ter\u00e7a-feira (14), a Secretaria de Esporte, Lazer e Turismo do Estado de S\u00e3o Paulo (SELT) lan\u00e7a calend\u00e1rio que contempla as principais atividades e a\u00e7\u00f5es festivas promovidas pelos munic\u00edpios paulistas oficializados por Decreto ou Lei ou que contam com mais de cinco anos e gerem significativo fluxo tur\u00edstico.<\/p>\n<p>Para o titular da Pasta, Benedito Fernandes, a a\u00e7\u00e3o representa um retrato da diversidade paulista &#8220;Com esta edi\u00e7\u00e3o abrimos espa\u00e7o para mostrar mais de mil festividades comemorativas, encontros e manifesta\u00e7\u00f5es culturais e religiosas, exibi\u00e7\u00f5es folcl\u00f3ricas, feiras e exposi\u00e7\u00f5es, entre tantos outros eventos que acontecem diariamente pelo Estado de S\u00e3o Paulo&#8221;.<\/p>\n<p>Das comemora\u00e7\u00f5es do Reinado de Momo \u00e0s manifesta\u00e7\u00f5es folcl\u00f3ricas; da coragem e habilidade dos pe\u00f5es boiadeiros ao respeito e rever\u00eancia \u00e0 Festa da Padroeira do Brasil; da eleg\u00e2ncia e bom gosto dos Festivais de Inverno ao aprendizado e alegria da Virada Cultural; do resgate da hist\u00f3ria dos imigrantes ao fasc\u00ednio pelas m\u00e1quinas exibidas em sal\u00f5es de autom\u00f3veis. Todas as manifesta\u00e7\u00f5es exibidas no calend\u00e1rio foram devidamente ilustradas e retratam os usos e costumes das jornadas dos paulistas.<\/p>\n<p>S\u00e3o 100 p\u00e1ginas em tr\u00eas idiomas: portugu\u00eas, espanhol e ingl\u00eas sobre os mais importantes eventos paulistas que apontam para um resultado expressivo, isto \u00e9, mais de 13 milh\u00f5es de pessoas circulando anualmente por festas, sal\u00f5es e feiras realizadas no Estado.<\/p>\n<p>O calend\u00e1rio conta com a parceria da Federa\u00e7\u00e3o de Convention &amp; Visitors Bureaux do Estado de S\u00e3o Paulo e ser\u00e1 lan\u00e7ado no munic\u00edpio de Ribeir\u00e3o Preto, nas depend\u00eancias do Theatro Pedro II , localizado na Rua \u00c1lvares Cabral, 370, Centro, \u00e0s 11 horas.<\/p>\n<p>Secretaria do Esporte, Lazer e Turismo do Estado de S\u00e3o Paulo<\/p>\n","protected":false},"excerpt":{"rendered":"<p>Secretaria de Esporte, Lazer e Turismo do Estado de S\u00e3o Paulo (SELT) lan\u00e7a calend\u00e1rio que contempla as principais atividades e a\u00e7\u00f5es festivas promovidas pelos munic\u00edpios paulistas. Nesta ter\u00e7a-feira (14), a Secretaria de Esporte, Lazer e Turismo do Estado de S\u00e3o Paulo (SELT) lan\u00e7a calend\u00e1rio que contempla as principais atividades e a\u00e7\u00f5es festivas promovidas pelos munic\u00edpios [&hellip;]<\/p>\n","protected":false},"author":3,"featured_media":0,"comment_status":"open","ping_status":"open","sticky":false,"template":"","format":"standard","meta":{"_genesis_hide_title":false,"_genesis_hide_breadcrumbs":false,"_genesis_hide_singular_image":false,"_genesis_hide_footer_widgets":false,"_genesis_custom_body_class":"","_genesis_custom_post_class":"","_genesis_layout":"","_jetpack_memberships_contains_paid_content":false,"footnotes":""},"categories":[22],"tags":[],"class_list":{"0":"post-32806","1":"post","2":"type-post","3":"status-publish","4":"format-standard","6":"category-brasil","7":"entry","8":"gs-1","9":"gs-odd","10":"gs-even","11":"gs-featured-content-entry"},"jetpack_featured_media_url":"","jetpack_sharing_enabled":true,"jetpack_likes_enabled":true,"_links":{"self":[{"href":"https:\/\/www.redenoticia.com.br\/noticia\/wp-json\/wp\/v2\/posts\/32806","targetHints":{"allow":["GET"]}}],"collection":[{"href":"https:\/\/www.redenoticia.com.br\/noticia\/wp-json\/wp\/v2\/posts"}],"about":[{"href":"https:\/\/www.redenoticia.com.br\/noticia\/wp-json\/wp\/v2\/types\/post"}],"author":[{"embeddable":true,"href":"https:\/\/www.redenoticia.com.br\/noticia\/wp-json\/wp\/v2\/users\/3"}],"replies":[{"embeddable":true,"href":"https:\/\/www.redenoticia.com.br\/noticia\/wp-json\/wp\/v2\/comments?post=32806"}],"version-history":[{"count":0,"href":"https:\/\/www.redenoticia.com.br\/noticia\/wp-json\/wp\/v2\/posts\/32806\/revisions"}],"wp:attachment":[{"href":"https:\/\/www.redenoticia.com.br\/noticia\/wp-json\/wp\/v2\/media?parent=32806"}],"wp:term":[{"taxonomy":"category","embeddable":true,"href":"https:\/\/www.redenoticia.com.br\/noticia\/wp-json\/wp\/v2\/categories?post=32806"},{"taxonomy":"post_tag","embeddable":true,"href":"https:\/\/www.redenoticia.com.br\/noticia\/wp-json\/wp\/v2\/tags?post=32806"}],"curies":[{"name":"wp","href":"https:\/\/api.w.org\/{rel}","templated":true}]}}