{"id":32802,"date":"2010-12-14T13:14:34","date_gmt":"2010-12-14T17:14:34","guid":{"rendered":"http:\/\/www.redenoticia.com.br\/noticia\/?p=32802"},"modified":"2010-12-14T13:14:34","modified_gmt":"2010-12-14T17:14:34","slug":"2%c2%ba-forum-brasileiro-de-pos-graduacao-em-ciencia-politica","status":"publish","type":"post","link":"https:\/\/www.redenoticia.com.br\/noticia\/2010\/2%c2%ba-forum-brasileiro-de-pos-graduacao-em-ciencia-politica\/32802","title":{"rendered":"2\u00ba F\u00f3rum Brasileiro de P\u00f3s-Gradua\u00e7\u00e3o em Ci\u00eancia Pol\u00edtica"},"content":{"rendered":"<div>\n<h3><span style=\"font-weight: normal; font-size: 13px;\">A Universidade Federal de S\u00e3o Carlos (UFSCar)  sediar\u00e1, de 20 a 22 de julho de 2011, o 2\u00ba F\u00f3rum Brasileiro de P\u00f3s-Gradua\u00e7\u00e3o em <\/span><span style=\"font-size: 13px;\"><em>Ci\u00eancia Pol\u00edtica<\/em><\/span><span style=\"font-weight: normal; font-size: 13px;\">, em S\u00e3o Carlos (SP). <\/span><span style=\"font-weight: normal; font-size: 13px;\">Segundo os organizadores, o evento \u00e9 voltado a estudantes de p\u00f3s-gradua\u00e7\u00e3o e  docentes de todo o pa\u00eds e pretende criar um espa\u00e7o institucionalizado para o  debate de projetos de pesquisa, integrar alunos de p\u00f3s-gradua\u00e7\u00e3o da \u00e1rea,  promover o crescimento e o fortalecimento do campo no pa\u00eds.<\/span><\/h3>\n<\/div>\n<div>\n<p>O f\u00f3rum ser\u00e1 constitu\u00eddo de palestras, apresenta\u00e7\u00e3o de trabalhos e  mesas-redondas. O prazo para submiss\u00e3o de trabalhos est\u00e1 aberto at\u00e9 o dia 29 de  janeiro, com a divulga\u00e7\u00e3o dos aprovados prevista para o dia 9 de mar\u00e7o de  2011.<\/p>\n<p>A programa\u00e7\u00e3o envolver\u00e1 temas como &#8220;Partidos, elei\u00e7\u00f5es e representa\u00e7\u00e3o  pol\u00edtica&#8221;, &#8220;Comunica\u00e7\u00e3o pol\u00edtica e opini\u00e3o p\u00fablica&#8221;, &#8220;Teoria pol\u00edtica&#8221;, &#8220;Estado  e pol\u00edticas p\u00fablicas&#8221;, &#8220;Institui\u00e7\u00f5es pol\u00edticas&#8221;, &#8220;Cultura pol\u00edtica e  democracia&#8221;, &#8220;Participa\u00e7\u00e3o pol\u00edtica e movimentos sociais&#8221; e &#8220;Rela\u00e7\u00f5es  internacionais&#8221;.<\/p>\n<p>O evento ser\u00e1 realizado na UFSCar, localizada na Rodovia Washington Lu\u00eds, Km  235.<\/p>\n<p>Mais informa\u00e7\u00f5es: <a href=\"http:\/\/www.forumcienciapolitica.com.br\/\" target=\"_blank\">www.forumcienciapolitica.com.br<\/a><\/p>\n<p>Agencia FAPESP<\/p>\n<\/div>\n","protected":false},"excerpt":{"rendered":"<p>A Universidade Federal de S\u00e3o Carlos (UFSCar) sediar\u00e1, de 20 a 22 de julho de 2011, o 2\u00ba F\u00f3rum Brasileiro de P\u00f3s-Gradua\u00e7\u00e3o em Ci\u00eancia Pol\u00edtica, em S\u00e3o Carlos (SP). Segundo os organizadores, o evento \u00e9 voltado a estudantes de p\u00f3s-gradua\u00e7\u00e3o e docentes de todo o pa\u00eds e pretende criar um espa\u00e7o institucionalizado para o debate [&hellip;]<\/p>\n","protected":false},"author":3,"featured_media":0,"comment_status":"open","ping_status":"open","sticky":false,"template":"","format":"standard","meta":{"_genesis_hide_title":false,"_genesis_hide_breadcrumbs":false,"_genesis_hide_singular_image":false,"_genesis_hide_footer_widgets":false,"_genesis_custom_body_class":"","_genesis_custom_post_class":"","_genesis_layout":"","_jetpack_memberships_contains_paid_content":false,"footnotes":""},"categories":[22],"tags":[],"class_list":{"0":"post-32802","1":"post","2":"type-post","3":"status-publish","4":"format-standard","6":"category-brasil","7":"entry","8":"gs-1","9":"gs-odd","10":"gs-even","11":"gs-featured-content-entry"},"jetpack_featured_media_url":"","jetpack_sharing_enabled":true,"jetpack_likes_enabled":true,"_links":{"self":[{"href":"https:\/\/www.redenoticia.com.br\/noticia\/wp-json\/wp\/v2\/posts\/32802","targetHints":{"allow":["GET"]}}],"collection":[{"href":"https:\/\/www.redenoticia.com.br\/noticia\/wp-json\/wp\/v2\/posts"}],"about":[{"href":"https:\/\/www.redenoticia.com.br\/noticia\/wp-json\/wp\/v2\/types\/post"}],"author":[{"embeddable":true,"href":"https:\/\/www.redenoticia.com.br\/noticia\/wp-json\/wp\/v2\/users\/3"}],"replies":[{"embeddable":true,"href":"https:\/\/www.redenoticia.com.br\/noticia\/wp-json\/wp\/v2\/comments?post=32802"}],"version-history":[{"count":0,"href":"https:\/\/www.redenoticia.com.br\/noticia\/wp-json\/wp\/v2\/posts\/32802\/revisions"}],"wp:attachment":[{"href":"https:\/\/www.redenoticia.com.br\/noticia\/wp-json\/wp\/v2\/media?parent=32802"}],"wp:term":[{"taxonomy":"category","embeddable":true,"href":"https:\/\/www.redenoticia.com.br\/noticia\/wp-json\/wp\/v2\/categories?post=32802"},{"taxonomy":"post_tag","embeddable":true,"href":"https:\/\/www.redenoticia.com.br\/noticia\/wp-json\/wp\/v2\/tags?post=32802"}],"curies":[{"name":"wp","href":"https:\/\/api.w.org\/{rel}","templated":true}]}}