{"id":328,"date":"2009-04-09T23:50:00","date_gmt":"2009-04-10T03:50:00","guid":{"rendered":"http:\/\/www.redenoticia.com.br\/noticia\/?p=328"},"modified":"2009-04-11T10:10:39","modified_gmt":"2009-04-11T14:10:39","slug":"policia-indicia-dois-pelo-assassinato-do-senador-olavo","status":"publish","type":"post","link":"https:\/\/www.redenoticia.com.br\/noticia\/2009\/policia-indicia-dois-pelo-assassinato-do-senador-olavo\/328","title":{"rendered":"Pol\u00edcia indicia dois pelo assassinato do senador Olavo"},"content":{"rendered":"<h3 style=\"MARGIN: 7.5pt 0cm 0pt\"><img loading=\"lazy\" decoding=\"async\" class=\"alignleft\" src=\"http:\/\/farm4.static.flickr.com\/3576\/3429103372_213f6172e8_m.jpg\" alt=\"\" width=\"165\" height=\"240\" \/>Carlos Leonor e Jo\u00e3o Ferreira s\u00e3o acusados de terem matado o senador Olavo Pires em 1990. Caso caminhava para prescri\u00e7\u00e3o em 2010<\/h3>\n<p style=\"MARGIN: 7.5pt 0cm 0pt\">Edson Sardinha<\/p>\n<p style=\"MARGIN: 7.5pt 0cm 0pt\">Dezoito anos e seis meses depois do crime, a Pol\u00edcia Civil de Rond\u00f4nia indiciou, pela primeira vez, dois suspeitos de assassinarem o senador Olavo Pires (PTB-RO). O titular da Delegacia de Homic\u00eddios de Porto Velho, delegado M\u00e1rcio Mendes Moraes, confirmou ao Congresso em Foco o indiciamento de Carlos Leonor de Macedo, o Perneta, e Jo\u00e3o Ferreira Lima, acusados de serem os autores dos 11 disparos que mataram o senador, em 16 de outubro de 1990.<\/p>\n<p style=\"MARGIN: 7.5pt 0cm 0pt\">O delegado tamb\u00e9m pediu a pris\u00e3o tempor\u00e1ria da dupla por 30 dias, com possibilidade de prorroga\u00e7\u00e3o pelo mesmo per\u00edodo. Carlos Leonor est\u00e1 preso em Santar\u00e9m (PA) desde o dia 27 de fevereiro, por porte ilegal de armas. Jo\u00e3o Ferreira encontra-se na Penitenci\u00e1ria Nelson Hungria, em Contagem (MG), acusado de participar de uma quadrilha especializada em assalto a bancos e carro-forte.<\/p>\n<p style=\"MARGIN: 7.5pt 0cm 0pt\">M\u00e1rcio Mendes tem um m\u00eas para apresentar seu relat\u00f3rio ao Minist\u00e9rio P\u00fablico estadual, ao qual caber\u00e1 oferecer a den\u00fancia \u00e0 Justi\u00e7a. O indiciamento dos suspeitos \u00e9 a primeira medida concreta para evitar a prescri\u00e7\u00e3o do crime.<\/p>\n<p style=\"MARGIN: 7.5pt 0cm 0pt\">&#8220;Entendo que j\u00e1 h\u00e1 elementos para uma eventual den\u00fancia por parte do Minist\u00e9rio P\u00fablico&#8221;, afirmou o delegado, que descarta, por enquanto, pedir a transfer\u00eancia dos presos para Porto Velho.<\/p>\n<p style=\"MARGIN: 7.5pt 0cm 0pt\">Caso a Justi\u00e7a n\u00e3o receba a eventual den\u00fancia do Minist\u00e9rio P\u00fablico de Rond\u00f4nia, o Estado brasileiro perder\u00e1 o direito de punir os culpados mesmo que eles confessem o assassinato a partir do dia 17 de outubro de 2010, quando o homic\u00eddio completar\u00e1 20 anos.<\/p>\n<p style=\"MARGIN: 7.5pt 0cm 0pt\">No \u00faltimo minuto<\/p>\n<p style=\"MARGIN: 7.5pt 0cm 0pt\">&#8220;At\u00e9 hoje ningu\u00e9m havia dado esse passo. Que seja aos 46 minutos do segundo tempo, mas que esse caso n\u00e3o fique impune&#8221;, comemorou o ex-deputado Emerson Serpa Pires, filho do senador, ao ser informado sobre o indiciamento de Carlos Leonor e Jo\u00e3o Ferreira.<\/p>\n<p style=\"MARGIN: 7.5pt 0cm 0pt\">Para Emerson, a pol\u00edcia est\u00e1 no caminho certo ao apontar a dupla como autora do crime, mas ainda precisa avan\u00e7ar na apura\u00e7\u00e3o dos mandantes. Desde 1990, Carlos Leonor e Jo\u00e3o Ferreira foram presos ao menos tr\u00eas vezes por crimes como homic\u00eddio, assalto a banco, contrabando, furto de ve\u00edculo e posse de armas e muni\u00e7\u00f5es de uso exclusivo das For\u00e7as Armadas.<\/p>\n<p style=\"MARGIN: 7.5pt 0cm 0pt\">Jo\u00e3o Ferreira foi o respons\u00e1vel por tirar do esquecimento o caso Olavo Pires ao confessar, em fevereiro, ser o autor dos disparos que mataram o senador. Logo em seguida, voltou atr\u00e1s e disse ter sido convidado para acompanhar a execu\u00e7\u00e3o. Convite que teria sido rejeitado, segundo ele.<\/p>\n<p style=\"MARGIN: 7.5pt 0cm 0pt\">Leia mais em <a href=\"http:\/\/congressoemfoco.ig.com.br\/noticia.asp?cod_canal=1&amp;cod_publicacao=27754\">Congresso em Foco<\/a><\/p>\n<p style=\"MARGIN: 0cm 0cm 12pt\">\u00a0<\/p>\n","protected":false},"excerpt":{"rendered":"<p>Carlos Leonor e Jo\u00e3o Ferreira s\u00e3o acusados de terem matado o senador Olavo Pires em 1990. Caso caminhava para prescri\u00e7\u00e3o em 2010 Edson Sardinha Dezoito anos e seis meses depois do crime, a Pol\u00edcia Civil de Rond\u00f4nia indiciou, pela primeira vez, dois suspeitos de assassinarem o senador Olavo Pires (PTB-RO). O titular da Delegacia de [&hellip;]<\/p>\n","protected":false},"author":2,"featured_media":0,"comment_status":"open","ping_status":"open","sticky":false,"template":"","format":"standard","meta":{"_genesis_hide_title":false,"_genesis_hide_breadcrumbs":false,"_genesis_hide_singular_image":false,"_genesis_hide_footer_widgets":false,"_genesis_custom_body_class":"","_genesis_custom_post_class":"","_genesis_layout":"","_jetpack_memberships_contains_paid_content":false,"footnotes":""},"categories":[22],"tags":[],"class_list":{"0":"post-328","1":"post","2":"type-post","3":"status-publish","4":"format-standard","6":"category-brasil","7":"entry","8":"gs-1","9":"gs-odd","10":"gs-even","11":"gs-featured-content-entry"},"jetpack_featured_media_url":"","jetpack_sharing_enabled":true,"jetpack_likes_enabled":true,"_links":{"self":[{"href":"https:\/\/www.redenoticia.com.br\/noticia\/wp-json\/wp\/v2\/posts\/328","targetHints":{"allow":["GET"]}}],"collection":[{"href":"https:\/\/www.redenoticia.com.br\/noticia\/wp-json\/wp\/v2\/posts"}],"about":[{"href":"https:\/\/www.redenoticia.com.br\/noticia\/wp-json\/wp\/v2\/types\/post"}],"author":[{"embeddable":true,"href":"https:\/\/www.redenoticia.com.br\/noticia\/wp-json\/wp\/v2\/users\/2"}],"replies":[{"embeddable":true,"href":"https:\/\/www.redenoticia.com.br\/noticia\/wp-json\/wp\/v2\/comments?post=328"}],"version-history":[{"count":0,"href":"https:\/\/www.redenoticia.com.br\/noticia\/wp-json\/wp\/v2\/posts\/328\/revisions"}],"wp:attachment":[{"href":"https:\/\/www.redenoticia.com.br\/noticia\/wp-json\/wp\/v2\/media?parent=328"}],"wp:term":[{"taxonomy":"category","embeddable":true,"href":"https:\/\/www.redenoticia.com.br\/noticia\/wp-json\/wp\/v2\/categories?post=328"},{"taxonomy":"post_tag","embeddable":true,"href":"https:\/\/www.redenoticia.com.br\/noticia\/wp-json\/wp\/v2\/tags?post=328"}],"curies":[{"name":"wp","href":"https:\/\/api.w.org\/{rel}","templated":true}]}}