{"id":32792,"date":"2010-12-13T11:28:51","date_gmt":"2010-12-13T15:28:51","guid":{"rendered":"http:\/\/www.redenoticia.com.br\/noticia\/?p=32792"},"modified":"2010-12-13T14:31:02","modified_gmt":"2010-12-13T18:31:02","slug":"programa-de-apoio-para-o-terceiro-setor","status":"publish","type":"post","link":"https:\/\/www.redenoticia.com.br\/noticia\/2010\/programa-de-apoio-para-o-terceiro-setor\/32792","title":{"rendered":"Programa de apoio para o Terceiro Setor"},"content":{"rendered":"<p>Com a sustentabilidade como um dos pilares de seu planejamento estrat\u00e9gico, a  CPFL Energia acaba de lan\u00e7ar o Programa Gest\u00e3o Social CPFL, para apoiar os  profissionais que trabalham em entidades do <strong><em>Terceiro Setor<\/em><\/strong> nas cidades onde a  companhia est\u00e1 presente.<\/p>\n<p>O objetivo da iniciativa, que teve seu conte\u00fado  planejado sob a orienta\u00e7\u00e3o do Modelo de Excel\u00eancia em Gest\u00e3o da FNQ &#8211; Funda\u00e7\u00e3o  Nacional da Qualidade, \u00e9 aprimorar os processos administrativos das entidades,  para que as mesmas possam executar seus projetos com mais efici\u00eancia. A  expectativa \u00e9 atender 12 institui\u00e7\u00f5es da regi\u00e3o de Itapetininga e 15 da regi\u00e3o  de Avar\u00e9 e Ourinhos.<\/p>\n<p>No in\u00edcio do pr\u00f3ximo ano, ser\u00e3o atendidas entidades das regi\u00f5es de Mococa,  S\u00e3o Jos\u00e9 do Rio Pardo e Jaguari\u00fana. A CPFL Energia integra, pela sexta vez  consecutiva, o \u00cdndice de Sustentabilidade Empresarial da Bovespa (ISE), formado  pelas companhias que mais se destacam em quest\u00f5es de sustentabilidade  empresarial, avaliando aspectos de meio-ambiente, governan\u00e7a corporativa,  econ\u00f4mico-financeiro, responsabilidade social e mudan\u00e7as clim\u00e1ticas.<\/p>\n<p>Para mais informa\u00e7\u00f5es sobre a atua\u00e7\u00e3o da empresa nessa \u00e1rea, acesse  <a href=\"http:\/\/www.cpfl.com.br\/sustentabilidade\" target=\"_blank\">www.cpfl.com.br\/sustentabilidade<\/a>.<\/p>\n<p>*Acompanhe as not\u00edcias da CPFL pelo Twitter. Acesse  http:\/\/twitter.com\/cpflenergia<\/p>\n","protected":false},"excerpt":{"rendered":"<p>Com a sustentabilidade como um dos pilares de seu planejamento estrat\u00e9gico, a CPFL Energia acaba de lan\u00e7ar o Programa Gest\u00e3o Social CPFL, para apoiar os profissionais que trabalham em entidades do Terceiro Setor nas cidades onde a companhia est\u00e1 presente. O objetivo da iniciativa, que teve seu conte\u00fado planejado sob a orienta\u00e7\u00e3o do Modelo de [&hellip;]<\/p>\n","protected":false},"author":3,"featured_media":0,"comment_status":"open","ping_status":"open","sticky":false,"template":"","format":"standard","meta":{"_genesis_hide_title":false,"_genesis_hide_breadcrumbs":false,"_genesis_hide_singular_image":false,"_genesis_hide_footer_widgets":false,"_genesis_custom_body_class":"","_genesis_custom_post_class":"","_genesis_layout":"","_jetpack_memberships_contains_paid_content":false,"footnotes":""},"categories":[22],"tags":[],"class_list":{"0":"post-32792","1":"post","2":"type-post","3":"status-publish","4":"format-standard","6":"category-brasil","7":"entry","8":"gs-1","9":"gs-odd","10":"gs-even","11":"gs-featured-content-entry"},"jetpack_featured_media_url":"","jetpack_sharing_enabled":true,"jetpack_likes_enabled":true,"_links":{"self":[{"href":"https:\/\/www.redenoticia.com.br\/noticia\/wp-json\/wp\/v2\/posts\/32792","targetHints":{"allow":["GET"]}}],"collection":[{"href":"https:\/\/www.redenoticia.com.br\/noticia\/wp-json\/wp\/v2\/posts"}],"about":[{"href":"https:\/\/www.redenoticia.com.br\/noticia\/wp-json\/wp\/v2\/types\/post"}],"author":[{"embeddable":true,"href":"https:\/\/www.redenoticia.com.br\/noticia\/wp-json\/wp\/v2\/users\/3"}],"replies":[{"embeddable":true,"href":"https:\/\/www.redenoticia.com.br\/noticia\/wp-json\/wp\/v2\/comments?post=32792"}],"version-history":[{"count":0,"href":"https:\/\/www.redenoticia.com.br\/noticia\/wp-json\/wp\/v2\/posts\/32792\/revisions"}],"wp:attachment":[{"href":"https:\/\/www.redenoticia.com.br\/noticia\/wp-json\/wp\/v2\/media?parent=32792"}],"wp:term":[{"taxonomy":"category","embeddable":true,"href":"https:\/\/www.redenoticia.com.br\/noticia\/wp-json\/wp\/v2\/categories?post=32792"},{"taxonomy":"post_tag","embeddable":true,"href":"https:\/\/www.redenoticia.com.br\/noticia\/wp-json\/wp\/v2\/tags?post=32792"}],"curies":[{"name":"wp","href":"https:\/\/api.w.org\/{rel}","templated":true}]}}