{"id":32785,"date":"2010-12-13T14:05:51","date_gmt":"2010-12-13T18:05:51","guid":{"rendered":"http:\/\/www.redenoticia.com.br\/noticia\/?p=32785"},"modified":"2010-12-13T14:09:29","modified_gmt":"2010-12-13T18:09:29","slug":"mensagens-para-a-arvore-de-natal-do-ibirapuera","status":"publish","type":"post","link":"https:\/\/www.redenoticia.com.br\/noticia\/2010\/mensagens-para-a-arvore-de-natal-do-ibirapuera\/32785","title":{"rendered":"Mensagens para a \u00c1rvore de Natal do Ibirapuera"},"content":{"rendered":"<p><strong><em><img loading=\"lazy\" decoding=\"async\" class=\"alignleft size-full wp-image-32787\" title=\"mensagem arvore natal ibirapuera\" src=\"https:\/\/www.redenoticia.com.br\/noticia\/imagens\/mensagem-arvore-natal-ibirapuera.jpg\" alt=\"\" width=\"300\" height=\"193\" srcset=\"https:\/\/www.redenoticia.com.br\/noticia\/imagens\/mensagem-arvore-natal-ibirapuera.jpg 300w, https:\/\/www.redenoticia.com.br\/noticia\/imagens\/mensagem-arvore-natal-ibirapuera-250x160.jpg 250w, https:\/\/www.redenoticia.com.br\/noticia\/imagens\/mensagem-arvore-natal-ibirapuera-150x96.jpg 150w\" sizes=\"auto, (max-width: 300px) 100vw, 300px\" \/>Mensagens <\/em><\/strong>para a \u00c1rvore de Natal do Ibirapuera &#8211; com 68 metros de altura, a tradicional <strong><em>\u00e1rvore de Natal do Ibirapuera<\/em><\/strong>, na Zona  Sul de S\u00e3o Paulo, foi inteiramente concebida e executada pela ag\u00eancia Pepper, no  tempo recorde de 45 dias. A sustentabilidade \u00e9 um dos motes do projeto para o  Santander \u2013 um dos patrocinadores do Natal Iluminado de S\u00e3o Paulo \u2013, que conta  com tecnologia de ponta para dar vida a um dos mais representativos s\u00edmbolos do  Natal paulistano.<\/p>\n<p>Pela primeira vez na hist\u00f3ria da cidade, a de Natal do Ibirapuera ganhou  conectividade e interatividade de texto em tempo real. A \u00e1rvore do Santander j\u00e1  recebeu, desde a inaugura\u00e7\u00e3o, em 05\/12, mais de duas mil mensagens enviadas por  SMS e pela internet por pessoas dos quatro cantos do planeta. Com 68 metros de  altura, s\u00e3o exibidas diversas anima\u00e7\u00f5es de v\u00eddeo na \u00e1rvore, que conta tamb\u00e9m com  trilha sonora exclusiva. Totalmente equipada com tecnologia LED, a \u00e1rvore  consumir\u00e1, durante todo o per\u00edodo em que estar\u00e1 iluminada \u2013 at\u00e9 o dia 06 de  janeiro do pr\u00f3ximo ano \u2013, o equivalente \u00e0 energia consumida por dois chuveiros  el\u00e9tricos dom\u00e9sticos, no mesmo per\u00edodo.<\/p>\n<p>Outro diferencial sustent\u00e1vel do projeto \u00e9 o fato da \u00e1rvore n\u00e3o ter funda\u00e7\u00e3o  subterr\u00e2nea e medir mais de 68 metros de altura. Somente a estrela no topo da  estrutura pesa cerca de 4 toneladas, e conta com um Sky Light \u2013 farol girat\u00f3rio  \u2013 que ir\u00e1 iluminar a cidade em todas as dire\u00e7\u00f5es.<\/p>\n<p>\u201cO projeto de engenharia da funda\u00e7\u00e3o foi ambicioso e conta com 190 mil litros  de \u00e1gua para sustentar toda a estrutura, uma vez que n\u00e3o \u00e9 permitido executar  nenhum tipo de obra subterr\u00e2nea no gramado onde est\u00e1 a \u00e1rvore\u201d, conta Al\u00ea Alves,  s\u00f3cio e VP de cria\u00e7\u00e3o da Pepper.<\/p>\n<p>Toda a \u00e1gua utilizada no projeto ser\u00e1 reaproveitada e devolvida para a Sabesp  para novo uso. O gramado no entorno, por sua vez, foi redesenhado e est\u00e1  recebendo uma s\u00e9rie de melhorias durante todo o per\u00edodo em que a \u00e1rvore estar\u00e1  em funcionamento.<\/p>\n<p>\u201cAinda nessa linha, a estrutura foi inteiramente concebida e executada a  partir de materiais recicl\u00e1veis\u201d, comenta o criativo da Pepper, ao observar que  \u201cforam utilizados desde SANET (pl\u00e1stico) de PET para recobrir os LEDS durante o  dia at\u00e9 a estrutura met\u00e1lica, que pode ser completamente reaproveitada no  futuro\u201d.<\/p>\n<p>COMO PARTICIPAR<\/p>\n<p>Para participar, basta enviar um SMS para 49820 com a cor que gostaria de  iluminar a \u00e1rvore no momento da proje\u00e7\u00e3o da mensagem, seguido pelo texto com os  votos de Natal \u2013 por exemplo \u201cVermelho Feliz Natal para todos!!!. Entre as cores  elencadas, est\u00e3o o vermelho, o amarelo, o azul, o verde e o branco. As mensagens  tamb\u00e9m poder\u00e3o ser enviadas pela internet, no endere\u00e7o:  <a href=\"http:\/\/www.santander.com.br\/natal\" target=\"_blank\">www.santander.com.br\/natal<\/a>.<\/p>\n<p>SOBRE A PEPPER<\/p>\n<p>Comandada por Carlos Perrone e Anuar Tacach, a ag\u00eancia Pepper \u00e9 especializada  em comunica\u00e7\u00e3o integrada, eventos corporativos e no desenvolvimento,  planejamento e gerenciamento de projetos de patroc\u00ednio para eventos de grande  porte, como o Carnaval do Rio de Janeiro e a F\u00f3rmula 1. Na \u00e1rea de marketing  esportivo, o portf\u00f3lio conta com produtos pr\u00f3prios, como a Corporate Run,  Corporate Run RJ, Kids Run e Fashion Run.<\/p>\n<p>Em 2010 abriu outras tr\u00eas empresas, a E*Pepper \u2013 a primeira empresa do Pa\u00eds  especializada em marketing promocional para o setor imobili\u00e1rio \u2013, em sociedade  com o Grupo Eugenio; a Mobitown, empresa pioneira em mobile marketing com foco  100% na \u00e1rea imobili\u00e1ria; e a B.R.A. PRO Sports &amp; Marketing, uma empresa  comprometida com o neg\u00f3cio de esportes e entretenimento no Brasil. A Pepper tem  sede em S\u00e3o Paulo e conta tamb\u00e9m com uma unidade no Rio de Janeiro.<\/p>\n","protected":false},"excerpt":{"rendered":"<p>Mensagens para a \u00c1rvore de Natal do Ibirapuera &#8211; com 68 metros de altura, a tradicional \u00e1rvore de Natal do Ibirapuera, na Zona Sul de S\u00e3o Paulo, foi inteiramente concebida e executada pela ag\u00eancia Pepper, no tempo recorde de 45 dias. A sustentabilidade \u00e9 um dos motes do projeto para o Santander \u2013 um dos [&hellip;]<\/p>\n","protected":false},"author":3,"featured_media":32787,"comment_status":"open","ping_status":"open","sticky":false,"template":"","format":"standard","meta":{"_genesis_hide_title":false,"_genesis_hide_breadcrumbs":false,"_genesis_hide_singular_image":false,"_genesis_hide_footer_widgets":false,"_genesis_custom_body_class":"","_genesis_custom_post_class":"","_genesis_layout":"","_jetpack_memberships_contains_paid_content":false,"footnotes":""},"categories":[22],"tags":[],"class_list":{"0":"post-32785","1":"post","2":"type-post","3":"status-publish","4":"format-standard","5":"has-post-thumbnail","7":"category-brasil","8":"entry","9":"gs-1","10":"gs-odd","11":"gs-even","12":"gs-featured-content-entry"},"jetpack_featured_media_url":"https:\/\/www.redenoticia.com.br\/noticia\/imagens\/mensagem-arvore-natal-ibirapuera.jpg","jetpack_sharing_enabled":true,"jetpack_likes_enabled":true,"_links":{"self":[{"href":"https:\/\/www.redenoticia.com.br\/noticia\/wp-json\/wp\/v2\/posts\/32785","targetHints":{"allow":["GET"]}}],"collection":[{"href":"https:\/\/www.redenoticia.com.br\/noticia\/wp-json\/wp\/v2\/posts"}],"about":[{"href":"https:\/\/www.redenoticia.com.br\/noticia\/wp-json\/wp\/v2\/types\/post"}],"author":[{"embeddable":true,"href":"https:\/\/www.redenoticia.com.br\/noticia\/wp-json\/wp\/v2\/users\/3"}],"replies":[{"embeddable":true,"href":"https:\/\/www.redenoticia.com.br\/noticia\/wp-json\/wp\/v2\/comments?post=32785"}],"version-history":[{"count":0,"href":"https:\/\/www.redenoticia.com.br\/noticia\/wp-json\/wp\/v2\/posts\/32785\/revisions"}],"wp:featuredmedia":[{"embeddable":true,"href":"https:\/\/www.redenoticia.com.br\/noticia\/wp-json\/wp\/v2\/media\/32787"}],"wp:attachment":[{"href":"https:\/\/www.redenoticia.com.br\/noticia\/wp-json\/wp\/v2\/media?parent=32785"}],"wp:term":[{"taxonomy":"category","embeddable":true,"href":"https:\/\/www.redenoticia.com.br\/noticia\/wp-json\/wp\/v2\/categories?post=32785"},{"taxonomy":"post_tag","embeddable":true,"href":"https:\/\/www.redenoticia.com.br\/noticia\/wp-json\/wp\/v2\/tags?post=32785"}],"curies":[{"name":"wp","href":"https:\/\/api.w.org\/{rel}","templated":true}]}}