{"id":32773,"date":"2010-12-11T17:47:11","date_gmt":"2010-12-11T21:47:11","guid":{"rendered":"http:\/\/www.redenoticia.com.br\/noticia\/?p=32773"},"modified":"2010-12-12T10:46:38","modified_gmt":"2010-12-12T14:46:38","slug":"meteorologia-%e2%80%93-previsao-do-tempo-para-este-domingo-1212","status":"publish","type":"post","link":"https:\/\/www.redenoticia.com.br\/noticia\/2010\/meteorologia-%e2%80%93-previsao-do-tempo-para-este-domingo-1212\/32773","title":{"rendered":"Meteorologia \u2013 previs\u00e3o do tempo para este domingo 12\/12"},"content":{"rendered":"<p><img loading=\"lazy\" decoding=\"async\" class=\"alignleft size-full wp-image-28410\" title=\"previsao do tempo temperatura\" src=\"https:\/\/www.redenoticia.com.br\/noticia\/imagens\/previsao-do-tempo-temperatura.jpg\" alt=\"\" width=\"300\" height=\"193\" srcset=\"https:\/\/www.redenoticia.com.br\/noticia\/imagens\/previsao-do-tempo-temperatura.jpg 300w, https:\/\/www.redenoticia.com.br\/noticia\/imagens\/previsao-do-tempo-temperatura-250x160.jpg 250w, https:\/\/www.redenoticia.com.br\/noticia\/imagens\/previsao-do-tempo-temperatura-150x96.jpg 150w\" sizes=\"auto, (max-width: 300px) 100vw, 300px\" \/><\/p>\n<p>Previs\u00e3o do tempo \u2013 a <strong><em>meteorologia<\/em><\/strong> divulgou a <strong><em>previs\u00e3o do tempo<\/em><\/strong> e <strong><em>temperatura<\/em><\/strong> para este domingo (12\/12) e informa que o avan\u00e7o de uma frente fria deixar\u00e1 o c\u00e9u com muitas nuvens e pancadas de chuva em toda a Regi\u00e3o Sul do Brasil. Segundo a previs\u00e3o do tempo pancadas de chuva tamb\u00e9m em grande parte do Norte e Nordeste, e no Centro-Oeste. No norte e nordeste de SP, sul e serra do RJ e sul de MG as pancadas de chuva ser\u00e3o \u00e0 partir da tarde. Dados da previs\u00e3o do tempo indicam que poder\u00e1 chover forte em alguns pontos. Nas demais \u00e1reas do RJ, no ES, litoral do Nordeste e no norte do PA o sol aparecer\u00e1 entre nuvens. A previs\u00e3o do tempo destaca que temperaturas mais amenas no sudeste do RS.<\/p>\n<p>Vale do Para\u00edba \u2013 previs\u00e3o do tempo em No domingo (12\/12), o dia ser\u00e1 de sol e poucas nuvens em toda a regi\u00e3o. No per\u00edodo da tarde ocorrer\u00e3o pancadas de chuva, que de forma localizada poder\u00e1 ser forte. As temperaturas seguir\u00e3o elevadas.<\/p>\n<p>Regi\u00e3o Centro-Oeste \u2013 previs\u00e3o do tempo em 12\/12\/2010: No sudeste de GO: sol com varia\u00e7\u00e3o de nuvens e pequena chance de pancadas de chuva \u00e0 tarde. No sul do MS: nublado com fortes pancadas de chuva. Nas demais \u00e1reas da Regi\u00e3o: sol entre nuvens e pancadas de chuva. Temperaturas est\u00e1veis. Temperatura m\u00e1xima: 34C na maior parte do MS. Temperatura m\u00ednima: 18C no sudeste de GO.<\/p>\n<p>Regi\u00e3o Nordeste \u2013 previs\u00e3o do tempo em 12\/12\/2010: No nordeste do CE, no RN e leste do Nordeste: sol e varia\u00e7\u00e3o de nuvens. Na faixa central da PB, PE, oeste de AL e de SE: sol com varia\u00e7\u00e3o de nuvens e pequena chance de pancadas de chuva. Nas demais \u00e1reas da Regi\u00e3o: sol com varia\u00e7\u00e3o de nuvens e fortes pancadas de chuva. Temperaturas est\u00e1veis. Temperatura m\u00e1xima: 35C no norte do PI. Temperatura m\u00ednima: 15C no interior da BA.<\/p>\n<p>Regi\u00e3o Norte \u2013 previs\u00e3o do tempo em 12\/12\/2010: No sul do AP e nordeste do PA: sol com varia\u00e7\u00e3o de nuvens e pequenas chances de pancadas de chuva. No leste e extremo sul do AP: sol e varia\u00e7\u00e3o de nuvens. Nas demais \u00e1reas da Regi\u00e3o sol entre nuvens e fortes pancadas de chuva. Temperaturas est\u00e1veis. Temperatura m\u00e1xima: 37C no nordeste do PA. Temperatura m\u00ednima: 18C no noroeste de RR.<\/p>\n<p>Regi\u00e3o Sudeste \u2013 previs\u00e3o do tempo em 12\/12\/2010: No leste de MG, no ES, norte e leste do RJ: sol e poucas nuvens. No sudeste de MG, nordeste e leste de SP, incluindo a Serra da Mantiqueira e sul do RJ: sol com varia\u00e7\u00e3o de nuvens e pancadas de chuva \u00e0 tarde. No centro-oeste de MG e norte de SP: sol com varia\u00e7\u00e3o de nuvens e pequenas chances de pancadas de chuva. Nas demais \u00e1reas da Regi\u00e3o: sol com varia\u00e7\u00e3o de nuvens e pancadas de chuva. Temperaturas est\u00e1veis. Temperatura m\u00e1xima: 34C no oeste de SP. Temperatura m\u00ednima: 15C no interior de MG.<\/p>\n<p>Regi\u00e3o Sul \u2013 previs\u00e3o do tempo em 12\/12\/2010: No sul do RS: muitas nuvens e chuva. Na faixa central do RS: sol com varia\u00e7\u00e3o de nuvens e pancadas de chuva. Nas demais \u00e1reas: nublado e fortes pancadas de chuva. Temperaturas amenas no sul do RS. Temperatura m\u00e1xima: 34C no noroeste do PR. Temperatura m\u00ednima: 18C nas serras ga\u00facha e catarinense.<\/p>\n<p>Previs\u00e3o do tempo e temperatura CPTEC<\/p>\n","protected":false},"excerpt":{"rendered":"<p>Previs\u00e3o do tempo \u2013 a meteorologia divulgou a previs\u00e3o do tempo e temperatura para este domingo (12\/12) e informa que o avan\u00e7o de uma frente fria deixar\u00e1 o c\u00e9u com muitas nuvens e pancadas de chuva em toda a Regi\u00e3o Sul do Brasil. Segundo a previs\u00e3o do tempo pancadas de chuva tamb\u00e9m em grande parte [&hellip;]<\/p>\n","protected":false},"author":3,"featured_media":28410,"comment_status":"open","ping_status":"open","sticky":false,"template":"","format":"standard","meta":{"_genesis_hide_title":false,"_genesis_hide_breadcrumbs":false,"_genesis_hide_singular_image":false,"_genesis_hide_footer_widgets":false,"_genesis_custom_body_class":"","_genesis_custom_post_class":"","_genesis_layout":"","_jetpack_memberships_contains_paid_content":false,"footnotes":""},"categories":[22],"tags":[],"class_list":{"0":"post-32773","1":"post","2":"type-post","3":"status-publish","4":"format-standard","5":"has-post-thumbnail","7":"category-brasil","8":"entry","9":"gs-1","10":"gs-odd","11":"gs-even","12":"gs-featured-content-entry"},"jetpack_featured_media_url":"https:\/\/www.redenoticia.com.br\/noticia\/imagens\/previsao-do-tempo-temperatura.jpg","jetpack_sharing_enabled":true,"jetpack_likes_enabled":true,"_links":{"self":[{"href":"https:\/\/www.redenoticia.com.br\/noticia\/wp-json\/wp\/v2\/posts\/32773","targetHints":{"allow":["GET"]}}],"collection":[{"href":"https:\/\/www.redenoticia.com.br\/noticia\/wp-json\/wp\/v2\/posts"}],"about":[{"href":"https:\/\/www.redenoticia.com.br\/noticia\/wp-json\/wp\/v2\/types\/post"}],"author":[{"embeddable":true,"href":"https:\/\/www.redenoticia.com.br\/noticia\/wp-json\/wp\/v2\/users\/3"}],"replies":[{"embeddable":true,"href":"https:\/\/www.redenoticia.com.br\/noticia\/wp-json\/wp\/v2\/comments?post=32773"}],"version-history":[{"count":0,"href":"https:\/\/www.redenoticia.com.br\/noticia\/wp-json\/wp\/v2\/posts\/32773\/revisions"}],"wp:featuredmedia":[{"embeddable":true,"href":"https:\/\/www.redenoticia.com.br\/noticia\/wp-json\/wp\/v2\/media\/28410"}],"wp:attachment":[{"href":"https:\/\/www.redenoticia.com.br\/noticia\/wp-json\/wp\/v2\/media?parent=32773"}],"wp:term":[{"taxonomy":"category","embeddable":true,"href":"https:\/\/www.redenoticia.com.br\/noticia\/wp-json\/wp\/v2\/categories?post=32773"},{"taxonomy":"post_tag","embeddable":true,"href":"https:\/\/www.redenoticia.com.br\/noticia\/wp-json\/wp\/v2\/tags?post=32773"}],"curies":[{"name":"wp","href":"https:\/\/api.w.org\/{rel}","templated":true}]}}