{"id":32762,"date":"2010-12-10T16:55:21","date_gmt":"2010-12-10T20:55:21","guid":{"rendered":"http:\/\/www.redenoticia.com.br\/noticia\/?p=32762"},"modified":"2010-12-11T14:31:44","modified_gmt":"2010-12-11T18:31:44","slug":"meteorologia-%e2%80%93-previsao-do-tempo-para-este-sabado-1112","status":"publish","type":"post","link":"https:\/\/www.redenoticia.com.br\/noticia\/2010\/meteorologia-%e2%80%93-previsao-do-tempo-para-este-sabado-1112\/32762","title":{"rendered":"Meteorologia \u2013 previs\u00e3o do tempo para este s\u00e1bado 11\/12"},"content":{"rendered":"<p><img loading=\"lazy\" decoding=\"async\" class=\"alignleft size-full wp-image-28410\" title=\"previsao do tempo temperatura\" src=\"https:\/\/www.redenoticia.com.br\/noticia\/imagens\/previsao-do-tempo-temperatura.jpg\" alt=\"\" width=\"300\" height=\"193\" srcset=\"https:\/\/www.redenoticia.com.br\/noticia\/imagens\/previsao-do-tempo-temperatura.jpg 300w, https:\/\/www.redenoticia.com.br\/noticia\/imagens\/previsao-do-tempo-temperatura-250x160.jpg 250w, https:\/\/www.redenoticia.com.br\/noticia\/imagens\/previsao-do-tempo-temperatura-150x96.jpg 150w\" sizes=\"auto, (max-width: 300px) 100vw, 300px\" \/>Previs\u00e3o do tempo \u2013 a <strong><em>meteorologia<\/em><\/strong> divulgou a <strong><em>previs\u00e3o do tempo<\/em><\/strong> e <strong><em>temperatura <\/em><\/strong>para este s\u00e1bado (11\/12)\u00a0e informa que \u00e1reas de instabilidade provocar\u00e3o pancadas de chuva sobre todo o Sul do pa\u00eds, inclusive no oeste e sul do RS poder\u00e1 ocorrer temporais localizados. Segundo a previs\u00e3o do tempo o\u00a0dia ser\u00e1 de calor e poucas nuvens no norte e leste de SP, no RJ, no ES, no centro-leste de MG, no nordeste do PA e no noroeste do MA. Sendo que no norte e Serra da Mantiqueira de SP poder\u00e3o ocorrer pancadas de chuva localizadas entre a tarde e a noite. Dados da previs\u00e3o do tempo indicam que uma Zona de Converg\u00eancia de Umidade (ZCOU), assim como as temperaturas elevadas facilitar\u00e3o o desenvolvimento de nuvens carregadas sobre a faixa centro-norte do pa\u00eds. E no Centro-Oeste, o calor e a alta umidade favorecer\u00e3o as pancadas de chuva. A previs\u00e3o do tempo destaca que nessas duas \u00faltimas \u00e1reas poder\u00e1 chover em forma de pancadas a qualquer hora do dia. Temperaturas est\u00e1veis.<\/p>\n<p>Vale do Para\u00edba \u2013 previs\u00e3o do tempo em No s\u00e1bado 11\/12 o dia ser\u00e1 de predom\u00ednio de sol e poucas nuvens em toda a regi\u00e3o. Haver\u00e1 possibilidade de pancadas de chuva nas \u00e1reas de serra, no per\u00edodo da tarde. As temperaturas estar\u00e3o elevadas.<\/p>\n<p>Regi\u00e3o Centro-Oeste \u2013 previs\u00e3o do tempo em 11\/12\/2010: Em toda a Regi\u00e3o: sol entre nuvens e pancadas de chuva. Poder\u00e1 chover forte no sul do MS. Temperaturas est\u00e1veis. Temperatura m\u00e1xima: 37C no oeste do MS. Temperatura m\u00ednima: 18C no interior de GO.<\/p>\n<p>Regi\u00e3o Nordeste \u2013 previs\u00e3o do tempo em 11\/12\/2010: No nordeste do MA: sol e poucas nuvens. Nas demais \u00e1reas: sol entre nuvens e pancadas de chuva. Temperaturas est\u00e1veis. Temperatura m\u00e1xima: 35C no nordeste da BA. Temperatura m\u00ednima: 20C no interior da BA.<\/p>\n<p>Regi\u00e3o Norte \u2013 previs\u00e3o do tempo em 11\/12\/2010: No nordeste do PA: sol entre nuvens. Nas demais \u00e1reas: sol entre nuvens e pancadas de chuva. Temperaturas est\u00e1veis. Temperatura m\u00e1xima: 36C no sudoeste do PA. Temperatura m\u00ednima: 18C no noroeste de RR.<\/p>\n<p>Regi\u00e3o Sudeste \u2013 previs\u00e3o do tempo em 11\/12\/2010: Na faixa litor\u00e2nea: sol entre poucas nuvens. No sudeste de MG: predom\u00ednio de sol Nas demais \u00e1reas: sol entre nuvens e pancadas de chuva. Temperaturas est\u00e1veis. Temperatura m\u00e1xima: 32C no oeste de SP. Temperatura m\u00ednima: 18C na sul de MG.<\/p>\n<p>Regi\u00e3o Sul \u2013 previs\u00e3o do tempo em 11\/12\/2010: No oeste do RS: tempo nublado com chuvas e tempestades. No sul de SC e demais \u00e1reas do RS: nublado com pancadas de chuva. No nordeste do PR: nebulosidade vari\u00e1vel. Nas demais \u00e1reas: sol entre nuvens e pancadas de chuva. Temperaturas est\u00e1veis. Temperatura m\u00e1xima: 34C no oeste do PR. Temperatura m\u00ednima: 8C no sul do RS.<\/p>\n<p>Previs\u00e3o do tempo e temperatura CPTEC<\/p>\n","protected":false},"excerpt":{"rendered":"<p>Previs\u00e3o do tempo \u2013 a meteorologia divulgou a previs\u00e3o do tempo e temperatura para este s\u00e1bado (11\/12)\u00a0e informa que \u00e1reas de instabilidade provocar\u00e3o pancadas de chuva sobre todo o Sul do pa\u00eds, inclusive no oeste e sul do RS poder\u00e1 ocorrer temporais localizados. Segundo a previs\u00e3o do tempo o\u00a0dia ser\u00e1 de calor e poucas nuvens [&hellip;]<\/p>\n","protected":false},"author":3,"featured_media":28410,"comment_status":"open","ping_status":"open","sticky":false,"template":"","format":"standard","meta":{"_genesis_hide_title":false,"_genesis_hide_breadcrumbs":false,"_genesis_hide_singular_image":false,"_genesis_hide_footer_widgets":false,"_genesis_custom_body_class":"","_genesis_custom_post_class":"","_genesis_layout":"","_jetpack_memberships_contains_paid_content":false,"footnotes":""},"categories":[22],"tags":[],"class_list":{"0":"post-32762","1":"post","2":"type-post","3":"status-publish","4":"format-standard","5":"has-post-thumbnail","7":"category-brasil","8":"entry","9":"gs-1","10":"gs-odd","11":"gs-even","12":"gs-featured-content-entry"},"jetpack_featured_media_url":"https:\/\/www.redenoticia.com.br\/noticia\/imagens\/previsao-do-tempo-temperatura.jpg","jetpack_sharing_enabled":true,"jetpack_likes_enabled":true,"_links":{"self":[{"href":"https:\/\/www.redenoticia.com.br\/noticia\/wp-json\/wp\/v2\/posts\/32762","targetHints":{"allow":["GET"]}}],"collection":[{"href":"https:\/\/www.redenoticia.com.br\/noticia\/wp-json\/wp\/v2\/posts"}],"about":[{"href":"https:\/\/www.redenoticia.com.br\/noticia\/wp-json\/wp\/v2\/types\/post"}],"author":[{"embeddable":true,"href":"https:\/\/www.redenoticia.com.br\/noticia\/wp-json\/wp\/v2\/users\/3"}],"replies":[{"embeddable":true,"href":"https:\/\/www.redenoticia.com.br\/noticia\/wp-json\/wp\/v2\/comments?post=32762"}],"version-history":[{"count":0,"href":"https:\/\/www.redenoticia.com.br\/noticia\/wp-json\/wp\/v2\/posts\/32762\/revisions"}],"wp:featuredmedia":[{"embeddable":true,"href":"https:\/\/www.redenoticia.com.br\/noticia\/wp-json\/wp\/v2\/media\/28410"}],"wp:attachment":[{"href":"https:\/\/www.redenoticia.com.br\/noticia\/wp-json\/wp\/v2\/media?parent=32762"}],"wp:term":[{"taxonomy":"category","embeddable":true,"href":"https:\/\/www.redenoticia.com.br\/noticia\/wp-json\/wp\/v2\/categories?post=32762"},{"taxonomy":"post_tag","embeddable":true,"href":"https:\/\/www.redenoticia.com.br\/noticia\/wp-json\/wp\/v2\/tags?post=32762"}],"curies":[{"name":"wp","href":"https:\/\/api.w.org\/{rel}","templated":true}]}}