{"id":32759,"date":"2010-12-10T14:06:08","date_gmt":"2010-12-10T18:06:08","guid":{"rendered":"http:\/\/www.redenoticia.com.br\/noticia\/?p=32759"},"modified":"2010-12-10T14:06:08","modified_gmt":"2010-12-10T18:06:08","slug":"trio-queniano-e-candidato-ao-podio-da-sao-silvestre","status":"publish","type":"post","link":"https:\/\/www.redenoticia.com.br\/noticia\/2010\/trio-queniano-e-candidato-ao-podio-da-sao-silvestre\/32759","title":{"rendered":"Trio queniano \u00e9 candidato ao p\u00f3dio da S\u00e3o Silvestre"},"content":{"rendered":"<p>O pelot\u00e3o africano vem forte para disputar a 86\u00aa edi\u00e7\u00e3o da <strong><em>S\u00e3o Silvestre<\/em><\/strong>, no dia  31, pelas ruas da Capital Paulista. Os quenianos Barnabas Kiplagat Kosgei, Mark  Korir e Mathew Kiptoo Cheboi, mostraram que est\u00e3o bem preparados e s\u00e3o  candidatos ao p\u00f3dio da S\u00e3o Silvestre. O trio dominou a 10K Rio &#8211; Corrida  Pan-Americana, no dia 28 de novembro, e a Volta da Pampulha, no dia 5.<\/p>\n<p>Barnabas venceu a prova mineira de 17,8 quil\u00f4metros, com um sprint  impressionante nos \u00faltimos 300 metros. Ele tem 24 anos e foi campe\u00e3o mundial de  cross country em 2007. Na 10K Rio, na semana anterior, foi vice-campe\u00e3o, atr\u00e1s  de seu compatriota Mark Korir. Este acabou em segundo em Belo Horizonte.<\/p>\n<p>O trio tamb\u00e9m conta com Mathew Cheboi, de 28 anos, terceiro na 10K Rio e  sexto na Pampulha. Ele venceu a Meia Maratona de S\u00e3o Paulo em 2007 e foi  terceiro neste ano. Ganhou a Meia Maratona de Belgrado, na S\u00e9rvia, e foi vice na  Meia de Bologna, na It\u00e1lia, no ano passado.<\/p>\n<p>O grupo est\u00e1 no Brasil desde a metade do ano, treinando em Nova Santa  B\u00e1rbara, no Paran\u00e1, com o t\u00e9cnico Moacir Marconi, o &#8220;Coquinho&#8221;, e disputando  provas em v\u00e1rios estados. &#8220;Eles est\u00e3o totalmente ambientados ao clima e \u00e0s  condi\u00e7\u00f5es do Brasil. Pelos \u00faltimos resultados, dever\u00e3o fazer um \u00f3timo papel na  S\u00e3o Silvestre&#8221;, antecipou Marconi.<\/p>\n<p>Qu\u00eania venceu 12 das \u00faltimas 19 edi\u00e7\u00f5es &#8211; Os atletas quenianos dominam as  primeiras posi\u00e7\u00f5es desde que a S\u00e3o Silvestre passou a ter 15k, em 1991. Simon  Chemwoyo (1993 e 1994), Paul Tergat (1995, 1996, 1998, 1999 e 2000), Robert  Cheruyiot (2002, 2004 e 2007) e James Kwambai, que venceu nos dois \u00faltimos anos,  marcaram o nome do pa\u00eds na prova. Foram 12 vit\u00f3rias quenianas, uma do M\u00e9xico  (Arturo Barrios, em 1991), uma da Eti\u00f3pia (Tesfaye Ragassa, em 2001) e cinco  brasileiras: Ronaldo da Costa (1994), Emerson Izer Bem (1997), Mar\u00edlson Gomes  (2003 e 2005) e Franck Caldeira (2006).<\/p>\n<p>Campe\u00f5es da S\u00e3o Silvestre desde que a prova passou a ter 15k<br \/>\n2009 &#8211; James  Kwambai (QUE) &#8211; Nike &#8211; 44min40s<br \/>\n2008 &#8211; James Kwambai (QUE) &#8211; 44min42s<br \/>\n2007  &#8211; Robert Cheruyiot (QUE) &#8211; 45min54s<br \/>\n2006 &#8211; Franck Caldeira (BRA) &#8211;  44min06s<br \/>\n2005 &#8211; Marilson Gomes (BRA) &#8211; 44min21s<br \/>\n2004 &#8211; Robert Cheruyiot  (QUE) &#8211; 44min43s<br \/>\n2003 &#8211; Marilson Gomes (BRA) &#8211; 43min45s<br \/>\n2002 &#8211; Robert  Cheruyiot (QUE) &#8211; 44min59s<br \/>\n2001 &#8211; Tesfaye Ragassa (ETI) &#8211; 44min15s<br \/>\n2000 &#8211;  Paul Tergat (QUE) &#8211; 43min57s<br \/>\n1999 &#8211; Paul Tergat (QUE) &#8211; 44min35s<br \/>\n1998 &#8211;  Paul Tergat (QUE) &#8211; 44min47s<br \/>\n1997 &#8211; Emerson Izer Bem (BRA) &#8211; 44min40s<br \/>\n1996  &#8211; Paul Tergat (QUE) &#8211; 43min50s<br \/>\n1995 &#8211; Paul Tergat (QUE) &#8211; 43min12s &#8211; recorde  da prova<br \/>\n1994 &#8211; Ronaldo da Costa (BRA) &#8211; 44min11s<br \/>\n1993 &#8211; Simon Chemwoyo  (QUE) &#8211; 43min20s<br \/>\n1992 &#8211; Simon Chemwoyo (QUE) &#8211; 44min08s<br \/>\n1991 &#8211; Arturo  Barrios (MEX) &#8211; 44min04s<\/p>\n<p>A S\u00e3o Silvestre \u00e9 uma realiza\u00e7\u00e3o da Funda\u00e7\u00e3o C\u00e1sper L\u00edbero e promo\u00e7\u00e3o da  Gazeta Esportiva Net e Rede Globo. A prova tem patroc\u00ednio da Caixa e Oi com  apoio de HCor, Montev\u00e9rgine, Gatorade e Caf\u00e9 3 Cora\u00e7\u00f5es, e apoio especial do  Governo do Estado de S\u00e3o Paulo e da Prefeitura de S\u00e3o Paulo. A supervis\u00e3o \u00e9 da  CBAt, FPA, IAAF e AIMS.<\/p>\n<p>Mais informa\u00e7\u00f5es no site <a href=\"http:\/\/www.saosilvestre.com.br\/\" target=\"_blank\">www.saosilvestre.com.br<\/a><\/p>\n","protected":false},"excerpt":{"rendered":"<p>O pelot\u00e3o africano vem forte para disputar a 86\u00aa edi\u00e7\u00e3o da S\u00e3o Silvestre, no dia 31, pelas ruas da Capital Paulista. Os quenianos Barnabas Kiplagat Kosgei, Mark Korir e Mathew Kiptoo Cheboi, mostraram que est\u00e3o bem preparados e s\u00e3o candidatos ao p\u00f3dio da S\u00e3o Silvestre. O trio dominou a 10K Rio &#8211; Corrida Pan-Americana, no [&hellip;]<\/p>\n","protected":false},"author":3,"featured_media":0,"comment_status":"open","ping_status":"open","sticky":false,"template":"","format":"standard","meta":{"_genesis_hide_title":false,"_genesis_hide_breadcrumbs":false,"_genesis_hide_singular_image":false,"_genesis_hide_footer_widgets":false,"_genesis_custom_body_class":"","_genesis_custom_post_class":"","_genesis_layout":"","_jetpack_memberships_contains_paid_content":false,"footnotes":""},"categories":[22],"tags":[],"class_list":{"0":"post-32759","1":"post","2":"type-post","3":"status-publish","4":"format-standard","6":"category-brasil","7":"entry","8":"gs-1","9":"gs-odd","10":"gs-even","11":"gs-featured-content-entry"},"jetpack_featured_media_url":"","jetpack_sharing_enabled":true,"jetpack_likes_enabled":true,"_links":{"self":[{"href":"https:\/\/www.redenoticia.com.br\/noticia\/wp-json\/wp\/v2\/posts\/32759","targetHints":{"allow":["GET"]}}],"collection":[{"href":"https:\/\/www.redenoticia.com.br\/noticia\/wp-json\/wp\/v2\/posts"}],"about":[{"href":"https:\/\/www.redenoticia.com.br\/noticia\/wp-json\/wp\/v2\/types\/post"}],"author":[{"embeddable":true,"href":"https:\/\/www.redenoticia.com.br\/noticia\/wp-json\/wp\/v2\/users\/3"}],"replies":[{"embeddable":true,"href":"https:\/\/www.redenoticia.com.br\/noticia\/wp-json\/wp\/v2\/comments?post=32759"}],"version-history":[{"count":0,"href":"https:\/\/www.redenoticia.com.br\/noticia\/wp-json\/wp\/v2\/posts\/32759\/revisions"}],"wp:attachment":[{"href":"https:\/\/www.redenoticia.com.br\/noticia\/wp-json\/wp\/v2\/media?parent=32759"}],"wp:term":[{"taxonomy":"category","embeddable":true,"href":"https:\/\/www.redenoticia.com.br\/noticia\/wp-json\/wp\/v2\/categories?post=32759"},{"taxonomy":"post_tag","embeddable":true,"href":"https:\/\/www.redenoticia.com.br\/noticia\/wp-json\/wp\/v2\/tags?post=32759"}],"curies":[{"name":"wp","href":"https:\/\/api.w.org\/{rel}","templated":true}]}}