{"id":32757,"date":"2010-12-10T14:00:01","date_gmt":"2010-12-10T18:00:01","guid":{"rendered":"http:\/\/www.redenoticia.com.br\/noticia\/?p=32757"},"modified":"2010-12-10T14:00:01","modified_gmt":"2010-12-10T18:00:01","slug":"judiciario-define-metas-nacionais-para-2011","status":"publish","type":"post","link":"https:\/\/www.redenoticia.com.br\/noticia\/2010\/judiciario-define-metas-nacionais-para-2011\/32757","title":{"rendered":"Judici\u00e1rio define metas nacionais para 2011"},"content":{"rendered":"<p>As novas <strong><em>metas<\/em><\/strong> nacionais que dever\u00e3o ser perseguidas pelo Poder <strong><em>Judici\u00e1rio <\/em><\/strong>em  2011 foram definidas nesta ter\u00e7a-feira (7\/12) durante o 4\u00ba Encontro Nacional do  Judici\u00e1rio, no Rio de Janeiro (RJ). O vice-presidente do Conselho da Justi\u00e7a  Federal (CJF) e do Superior Tribunal de Justi\u00e7a (STJ), ministro F\u00e9lix Fischer,  participou do Encontro, acompanhado da secret\u00e1ria de Desenvolvimento  Institucional (SDI) do CJF, Jaqueline Mello.<\/p>\n<p>As metas foram escolhidas por vota\u00e7\u00e3o pelos presidentes dos 91 tribunais  brasileiros. Foram selecionadas quatro metas para todo Judici\u00e1rio e uma meta  espec\u00edfica para cada segmento de Justi\u00e7a (Trabalhista, Federal, Militar e  Eleitoral), com exce\u00e7\u00e3o da Justi\u00e7a Estadual.<\/p>\n<p>As metas do Judici\u00e1rio para 2011 s\u00e3o as seguintes:<\/p>\n<p>Meta 1 &#8211; Concilia\u00e7\u00e3o e Gest\u00e3o &#8211; Criar unidade de gerenciamento de projetos  nos tribunais para auxiliar a implanta\u00e7\u00e3o da gest\u00e3o estrat\u00e9gica;<\/p>\n<p>Meta 2 &#8211; Moderniza\u00e7\u00e3o &#8211; Implantar sistema de registro audiovisual de  audi\u00eancias em pelo menos uma unidade judici\u00e1ria de primeiro grau em cada  tribunal;<\/p>\n<p>Meta 3 &#8211; Celeridade &#8211; Julgar quantidade igual a de processos de conhecimento  distribu\u00eddos em 2011 e parcela do estoque, com acompanhamento mensal;<\/p>\n<p>Meta 4 &#8211; Responsabilidade social &#8211; Implantar pelo menos um programa de  esclarecimento ao p\u00fablico sobre as fun\u00e7\u00f5es, atividades e \u00f3rg\u00e3os do Poder  Judici\u00e1rio em escolas ou quaisquer espa\u00e7os p\u00fablicos.<\/p>\n<p>Meta espec\u00edfica da Justi\u00e7a Federal &#8211; Implantar processo eletr\u00f4nico judicial e  administrativo em 70% das unidades de primeiro e segundo grau at\u00e9 dezembro de  2011.<\/p>\n<p>De acordo com a secret\u00e1ria, o projeto para atendimento da meta 1 j\u00e1 est\u00e1 em  fase de finaliza\u00e7\u00e3o e ser\u00e1 apresentado para aprecia\u00e7\u00e3o, uma vez que a  institucionaliza\u00e7\u00e3o das unidades de gerenciamento de projetos para a implanta\u00e7\u00e3o  da gest\u00e3o estrat\u00e9gica j\u00e1 estava prevista para 2011. Ela informa, ainda, que a  meta 4 (Implantar pelo menos um programa de esclarecimento ao p\u00fablico sobre as  fun\u00e7\u00f5es, atividades e \u00f3rg\u00e3os do Poder Judici\u00e1rio em escolas ou quaisquer espa\u00e7os  p\u00fablicos) ser\u00e1 f\u00e1cil de atender, tendo em vista que a Justi\u00e7a Federal, sob a  coordena\u00e7\u00e3o do CJF, j\u00e1 produz programas de r\u00e1dio e televis\u00e3o, como o R\u00e1dio  Cidadania Judici\u00e1ria, o Via Legal e o Momento Ambiental.<\/p>\n<p>J\u00e1 a meta espec\u00edfica (Implantar processo eletr\u00f4nico judicial e administrativo  em 70% das unidades de 1\u00ba e 2\u00ba grau at\u00e9 dezembro de 2011) tem iniciativas em  andamento em toda a Justi\u00e7a Federal, contudo ser\u00e1 necess\u00e1ria uma an\u00e1lise para  verificar se o planejado atender\u00e1 ao percentual da meta para o ano 2011, informa  Jaqueline Mello.<\/p>\n","protected":false},"excerpt":{"rendered":"<p>As novas metas nacionais que dever\u00e3o ser perseguidas pelo Poder Judici\u00e1rio em 2011 foram definidas nesta ter\u00e7a-feira (7\/12) durante o 4\u00ba Encontro Nacional do Judici\u00e1rio, no Rio de Janeiro (RJ). O vice-presidente do Conselho da Justi\u00e7a Federal (CJF) e do Superior Tribunal de Justi\u00e7a (STJ), ministro F\u00e9lix Fischer, participou do Encontro, acompanhado da secret\u00e1ria de [&hellip;]<\/p>\n","protected":false},"author":3,"featured_media":0,"comment_status":"open","ping_status":"open","sticky":false,"template":"","format":"standard","meta":{"_genesis_hide_title":false,"_genesis_hide_breadcrumbs":false,"_genesis_hide_singular_image":false,"_genesis_hide_footer_widgets":false,"_genesis_custom_body_class":"","_genesis_custom_post_class":"","_genesis_layout":"","_jetpack_memberships_contains_paid_content":false,"footnotes":""},"categories":[22],"tags":[],"class_list":{"0":"post-32757","1":"post","2":"type-post","3":"status-publish","4":"format-standard","6":"category-brasil","7":"entry","8":"gs-1","9":"gs-odd","10":"gs-even","11":"gs-featured-content-entry"},"jetpack_featured_media_url":"","jetpack_sharing_enabled":true,"jetpack_likes_enabled":true,"_links":{"self":[{"href":"https:\/\/www.redenoticia.com.br\/noticia\/wp-json\/wp\/v2\/posts\/32757","targetHints":{"allow":["GET"]}}],"collection":[{"href":"https:\/\/www.redenoticia.com.br\/noticia\/wp-json\/wp\/v2\/posts"}],"about":[{"href":"https:\/\/www.redenoticia.com.br\/noticia\/wp-json\/wp\/v2\/types\/post"}],"author":[{"embeddable":true,"href":"https:\/\/www.redenoticia.com.br\/noticia\/wp-json\/wp\/v2\/users\/3"}],"replies":[{"embeddable":true,"href":"https:\/\/www.redenoticia.com.br\/noticia\/wp-json\/wp\/v2\/comments?post=32757"}],"version-history":[{"count":0,"href":"https:\/\/www.redenoticia.com.br\/noticia\/wp-json\/wp\/v2\/posts\/32757\/revisions"}],"wp:attachment":[{"href":"https:\/\/www.redenoticia.com.br\/noticia\/wp-json\/wp\/v2\/media?parent=32757"}],"wp:term":[{"taxonomy":"category","embeddable":true,"href":"https:\/\/www.redenoticia.com.br\/noticia\/wp-json\/wp\/v2\/categories?post=32757"},{"taxonomy":"post_tag","embeddable":true,"href":"https:\/\/www.redenoticia.com.br\/noticia\/wp-json\/wp\/v2\/tags?post=32757"}],"curies":[{"name":"wp","href":"https:\/\/api.w.org\/{rel}","templated":true}]}}