{"id":32752,"date":"2010-12-10T13:40:09","date_gmt":"2010-12-10T17:40:09","guid":{"rendered":"http:\/\/www.redenoticia.com.br\/noticia\/?p=32752"},"modified":"2010-12-10T13:40:09","modified_gmt":"2010-12-10T17:40:09","slug":"volkswagen-realiza-megafeirao-em-belo-horizonte","status":"publish","type":"post","link":"https:\/\/www.redenoticia.com.br\/noticia\/2010\/volkswagen-realiza-megafeirao-em-belo-horizonte\/32752","title":{"rendered":"Volkswagen realiza megafeir\u00e3o em Belo Horizonte"},"content":{"rendered":"<p><strong><em>Feira de autom\u00f3veis<\/em><\/strong> &#8211; Entre os dias 10 e 19 de dezembro, a <strong><em>Volkswagen<\/em><\/strong> realizar\u00e1 um megafeir\u00e3o em Belo  Horizonte. Al\u00e9m de pre\u00e7os especiais para carros novos e seminovos, a Feira de  Atra\u00e7\u00f5es Volkswagen levar\u00e1 \u00e0 cidade atra\u00e7\u00f5es expostas no 50\u00ba Sal\u00e3o Internacional  do Autom\u00f3vel de S\u00e3o Paulo, como o carro conceito Saveiro RockeT.<\/p>\n<p>Na tenda de 2.000 m\u00b2 montada no Espa\u00e7o Lago, pr\u00f3ximo \u00e0 Barragem da Pampulha,  os visitantes poder\u00e3o conferir exposi\u00e7\u00f5es de carros hist\u00f3ricos da marca, al\u00e9m de  assistir \u00e0 filmes sobre a Volkswagen no Espa\u00e7o Cinema VW. Na \u00e1rea externa,  haver\u00e1 espa\u00e7os para experimenta\u00e7\u00e3o da dirigibilidade e das novas tecnologias dos  ve\u00edculos, como a pista off-roadAmarok, o Tiguan Experience e a \u00e1rea de Best  Drive para toda a linha Volkswagen, inclusive para os modelos importados.<\/p>\n<p>A pista off-roadAmarok d\u00e1 ao visitante a possibilidade de realizar 5  manobras, todas acompanhadas por um instrutor: Slalom, Costelas, Gangorra,  Inclina\u00e7\u00e3o e a Rampa \u201cSuicida\u201d King, de 38\u00b0 de inclina\u00e7\u00e3o.<\/p>\n<p>No espa\u00e7o Tiguan Experience, o consumidor dever\u00e1 estacionar o Tiguan numa  vaga entre dois carros para experimentar o Park Assist, sistema autom\u00e1tico de  baliza que deixa ao motorista apenas a tarefa de apertar o acelerador quando  necess\u00e1rio.<\/p>\n<p>No espa\u00e7o do Feir\u00e3o, a linha Fox ser\u00e1 ofertada com pre\u00e7os especiais: o Fox  1.0 com rodas aro 15\u201d, lavador, limpador e desemba\u00e7ador do vidro traseiro,  poder\u00e1 ser comprado por R$ 30.690, com pagamento em 24 vezes de R$ 773. O Novo  SpaceFox, com ar-condicionado, dire\u00e7\u00e3o hidr\u00e1ulica, trio el\u00e9trico e alarme  keyless ser\u00e1 ofertado por R$ 46.990 e o CrossFox 1.6, com ar-condicionado, trio  el\u00e9trico, dire\u00e7\u00e3o hidr\u00e1ulica, far\u00f3is duplos escurecidos, rack de teto, ABS e  airbag ter\u00e1 pre\u00e7o de R$ 49.990.<\/p>\n<p>Outro destaque \u00e9 o Gol G4 Ecomotion, mais uma op\u00e7\u00e3o da linha Volkswagen com o  objetivo de reduzir o consumo e os \u00edndices de emiss\u00f5es. O modelo possibilita uma  economia de cerca de 10% no gasto de combust\u00edvel.<\/p>\n<p>O evento contar\u00e1 ainda com atra\u00e7\u00f5es diferenciadas, para toda a fam\u00edlia. Uma  delas \u00e9 o autorama de 8 metros montado no Espa\u00e7o Kids, com miniaturas de  ve\u00edculos Volkswagen. Os aficcionados por carros poder\u00e3o conferir exposi\u00e7\u00f5es de  modelos consagrados, como a do Fusca, o primeiro carro popular da hist\u00f3ria, e a  das 5 gera\u00e7\u00f5es do Gol. Al\u00e9m disso, os visitantes poder\u00e3o conhecer as novidades  apresentadas pela marca durante o ano, como a Saveiro RockeT, carro conceito com  design revolucion\u00e1rio, criado pelo centro de design do Brasil, e o Gol Vintage,  que comemora os 30 anos de produ\u00e7\u00e3o do modelo.<\/p>\n<p>Feira de Atra\u00e7\u00f5es Volkswagen<\/p>\n<p>Data: 10 a 19 de dezembro<br \/>\nLocal: Espa\u00e7o Lagoa \u2013 Av. Portugal, 3.800,  Itapu\u00e3<br \/>\nHor\u00e1rios: de segunda \u00e0 sexta, das 14h \u00e0s 20h; aos s\u00e1bados e domingos  das 9h \u00e0s 20h<\/p>\n<p>Volkswagen do Brasil<br \/>\nAssuntos Corporativos e Rela\u00e7\u00f5es com a Imprensa<\/p>\n","protected":false},"excerpt":{"rendered":"<p>Feira de autom\u00f3veis &#8211; Entre os dias 10 e 19 de dezembro, a Volkswagen realizar\u00e1 um megafeir\u00e3o em Belo Horizonte. Al\u00e9m de pre\u00e7os especiais para carros novos e seminovos, a Feira de Atra\u00e7\u00f5es Volkswagen levar\u00e1 \u00e0 cidade atra\u00e7\u00f5es expostas no 50\u00ba Sal\u00e3o Internacional do Autom\u00f3vel de S\u00e3o Paulo, como o carro conceito Saveiro RockeT. Na [&hellip;]<\/p>\n","protected":false},"author":3,"featured_media":0,"comment_status":"open","ping_status":"open","sticky":false,"template":"","format":"standard","meta":{"_genesis_hide_title":false,"_genesis_hide_breadcrumbs":false,"_genesis_hide_singular_image":false,"_genesis_hide_footer_widgets":false,"_genesis_custom_body_class":"","_genesis_custom_post_class":"","_genesis_layout":"","_jetpack_memberships_contains_paid_content":false,"footnotes":""},"categories":[22],"tags":[],"class_list":{"0":"post-32752","1":"post","2":"type-post","3":"status-publish","4":"format-standard","6":"category-brasil","7":"entry","8":"gs-1","9":"gs-odd","10":"gs-even","11":"gs-featured-content-entry"},"jetpack_featured_media_url":"","jetpack_sharing_enabled":true,"jetpack_likes_enabled":true,"_links":{"self":[{"href":"https:\/\/www.redenoticia.com.br\/noticia\/wp-json\/wp\/v2\/posts\/32752","targetHints":{"allow":["GET"]}}],"collection":[{"href":"https:\/\/www.redenoticia.com.br\/noticia\/wp-json\/wp\/v2\/posts"}],"about":[{"href":"https:\/\/www.redenoticia.com.br\/noticia\/wp-json\/wp\/v2\/types\/post"}],"author":[{"embeddable":true,"href":"https:\/\/www.redenoticia.com.br\/noticia\/wp-json\/wp\/v2\/users\/3"}],"replies":[{"embeddable":true,"href":"https:\/\/www.redenoticia.com.br\/noticia\/wp-json\/wp\/v2\/comments?post=32752"}],"version-history":[{"count":0,"href":"https:\/\/www.redenoticia.com.br\/noticia\/wp-json\/wp\/v2\/posts\/32752\/revisions"}],"wp:attachment":[{"href":"https:\/\/www.redenoticia.com.br\/noticia\/wp-json\/wp\/v2\/media?parent=32752"}],"wp:term":[{"taxonomy":"category","embeddable":true,"href":"https:\/\/www.redenoticia.com.br\/noticia\/wp-json\/wp\/v2\/categories?post=32752"},{"taxonomy":"post_tag","embeddable":true,"href":"https:\/\/www.redenoticia.com.br\/noticia\/wp-json\/wp\/v2\/tags?post=32752"}],"curies":[{"name":"wp","href":"https:\/\/api.w.org\/{rel}","templated":true}]}}