{"id":32750,"date":"2010-12-10T13:25:42","date_gmt":"2010-12-10T17:25:42","guid":{"rendered":"http:\/\/www.redenoticia.com.br\/noticia\/?p=32750"},"modified":"2010-12-10T13:25:42","modified_gmt":"2010-12-10T17:25:42","slug":"corais-dao-o-tom-do-3%c2%ba-festival-de-natal-de-monte-verde","status":"publish","type":"post","link":"https:\/\/www.redenoticia.com.br\/noticia\/2010\/corais-dao-o-tom-do-3%c2%ba-festival-de-natal-de-monte-verde\/32750","title":{"rendered":"Corais d\u00e3o o tom do 3\u00ba Festival de Natal de Monte Verde"},"content":{"rendered":"<p>J\u00e1 come\u00e7ou o 3\u00ba <strong><em>Festival de Natal de Monte Verde<\/em><\/strong>. Durante todo m\u00eas de dezembro, a vila cercada pelas montanhas da Serra da Mantiqueira ter\u00e1 apresenta\u00e7\u00f5es de corais. O primeiro a se apresentar foi o Coral Si\u00e3o, de S\u00e3o Jos\u00e9 dos Campos (SP), no dia 27 de novembro. No s\u00e1bado, dia 04 de dezembro, foi a vez do grupo Meninos e Meninas da 3\u00aa. Idade, de Campinas (SP) encantar os turistas. E assim ser\u00e1 at\u00e9 o final do ano: todo s\u00e1bado, a partir das 19 horas, um grupo se apresentar\u00e1 na Avenida Monte Verde entoando can\u00e7\u00f5es de Natal.<\/p>\n<p>\u201cEssa \u00e9 uma \u00e9poca muito especial para Monte Verde, pois a arquitetura europeia das casas, o clima ameno e os pinheiros que cercam a vila remetem a todas as imagens e lembran\u00e7as do Natal\u201d, diz Gustavo Arrais, diretor da AHPMV &#8211; Associa\u00e7\u00e3o de Hot\u00e9is e Pousadas de Monte Verde. \u201cAl\u00e9m disso, h\u00e1 um empenho em enfeitar e iluminar as casas, hot\u00e9is, restaurantes, enfim, todo mundo entra no clima natalino e isso acaba contagiando o turista. \u00c9 uma grande e alegre integra\u00e7\u00e3o e o esp\u00edrito de Natal realmente toma conta de Monte Verde\u201d, termina o diretor da AHPMV.<\/p>\n<p>Quem quiser conhecer assistir as apresenta\u00e7\u00f5es do 3\u00ba Festival de Natal de Monte Verde e ver a vila toda iluminada vai contar com surpresas e condi\u00e7\u00f5es especiais no com\u00e9rcio e na rede hoteleira. Isto \u00e9, al\u00e9m dos bares e restaurantes que normalmente agitam a vila com gastronomia e anima\u00e7\u00e3o farta, hot\u00e9is e pousadas prepararam pacotes especiais para o Natal e para o Ano Novo. Visite o site www.monteverde.org.br e certamente um pacote ser\u00e1 do seu gosto e para seu bolso.<\/p>\n<p>Sobre Monte Verde &#8211; Distrito da cidade mineira de Camanducaia, Monte Verde caracteriza-se pela combina\u00e7\u00e3o de um clima frio e rom\u00e2ntico com preserva\u00e7\u00e3o ecol\u00f3gica e esportes de aventura. Bastante procurada principalmente no inverno, quando as temperaturas ficam em torno de 5\u00b0C, Monte Verde conta com excelente infra-estrutura hoteleira &#8211; cerca de 150 hot\u00e9is e pousadas \u2013, restaurantes que servem desde a mais tradicional cozinha mineira at\u00e9 pratos da culin\u00e1ria contempor\u00e2nea e t\u00edpicos do inverno, como foundue, um centro comercial movimentado, atividades como caminhadas, rappel, arborismo, rafting, motocross, cavalgadas e uma pista de patina\u00e7\u00e3o ecol\u00f3gica. Cercada pelas montanhas da Serra da Mantiqueira, a est\u00e2ncia fica a mais de 1.500 m de altitude, est\u00e1 a 167 km da capital paulista, 420 km do Rio de Janeiro e a 456 km de Belo Horizonte. Veja mais sobre Monte Verde em www.monteverde.org.br.<\/p>\n<p>Sobre a AHPMV \u2013 Criada h\u00e1 cinco anos, a Associa\u00e7\u00e3o de Hot\u00e9is e Pousadas de Monte Verde re\u00fane estabelecimentos com servi\u00e7os de excel\u00eancia garantida e que s\u00e3o avalizados pelo selo de qualidade \u201cPl\u00e1tano de Ouro\u201d. Com sede ao lado do portal de entrada de Monte Verde, possui equipe de profissionais capacitados para atender aos turistas com informa\u00e7\u00f5es sobre hospedagens e dicas de lazer. A AHPMV publica tamb\u00e9m a revista Divirta-se em Monte Verde, guia tur\u00edstico gratuito que pode ser retirado na sede da associa\u00e7\u00e3o, nos estabelecimentos associados ou no site <a href=\"http:\/\/www.monteverde.org.br\" target=\"_blank\">www.monteverde.org.br<\/a>.<\/p>\n","protected":false},"excerpt":{"rendered":"<p>J\u00e1 come\u00e7ou o 3\u00ba Festival de Natal de Monte Verde. Durante todo m\u00eas de dezembro, a vila cercada pelas montanhas da Serra da Mantiqueira ter\u00e1 apresenta\u00e7\u00f5es de corais. O primeiro a se apresentar foi o Coral Si\u00e3o, de S\u00e3o Jos\u00e9 dos Campos (SP), no dia 27 de novembro. No s\u00e1bado, dia 04 de dezembro, foi [&hellip;]<\/p>\n","protected":false},"author":3,"featured_media":0,"comment_status":"open","ping_status":"open","sticky":false,"template":"","format":"standard","meta":{"_genesis_hide_title":false,"_genesis_hide_breadcrumbs":false,"_genesis_hide_singular_image":false,"_genesis_hide_footer_widgets":false,"_genesis_custom_body_class":"","_genesis_custom_post_class":"","_genesis_layout":"","_jetpack_memberships_contains_paid_content":false,"footnotes":""},"categories":[22],"tags":[],"class_list":{"0":"post-32750","1":"post","2":"type-post","3":"status-publish","4":"format-standard","6":"category-brasil","7":"entry","8":"gs-1","9":"gs-odd","10":"gs-even","11":"gs-featured-content-entry"},"jetpack_featured_media_url":"","jetpack_sharing_enabled":true,"jetpack_likes_enabled":true,"_links":{"self":[{"href":"https:\/\/www.redenoticia.com.br\/noticia\/wp-json\/wp\/v2\/posts\/32750","targetHints":{"allow":["GET"]}}],"collection":[{"href":"https:\/\/www.redenoticia.com.br\/noticia\/wp-json\/wp\/v2\/posts"}],"about":[{"href":"https:\/\/www.redenoticia.com.br\/noticia\/wp-json\/wp\/v2\/types\/post"}],"author":[{"embeddable":true,"href":"https:\/\/www.redenoticia.com.br\/noticia\/wp-json\/wp\/v2\/users\/3"}],"replies":[{"embeddable":true,"href":"https:\/\/www.redenoticia.com.br\/noticia\/wp-json\/wp\/v2\/comments?post=32750"}],"version-history":[{"count":0,"href":"https:\/\/www.redenoticia.com.br\/noticia\/wp-json\/wp\/v2\/posts\/32750\/revisions"}],"wp:attachment":[{"href":"https:\/\/www.redenoticia.com.br\/noticia\/wp-json\/wp\/v2\/media?parent=32750"}],"wp:term":[{"taxonomy":"category","embeddable":true,"href":"https:\/\/www.redenoticia.com.br\/noticia\/wp-json\/wp\/v2\/categories?post=32750"},{"taxonomy":"post_tag","embeddable":true,"href":"https:\/\/www.redenoticia.com.br\/noticia\/wp-json\/wp\/v2\/tags?post=32750"}],"curies":[{"name":"wp","href":"https:\/\/api.w.org\/{rel}","templated":true}]}}