{"id":32733,"date":"2010-12-09T11:24:55","date_gmt":"2010-12-09T15:24:55","guid":{"rendered":"http:\/\/www.redenoticia.com.br\/noticia\/?p=32733"},"modified":"2010-12-09T11:24:55","modified_gmt":"2010-12-09T15:24:55","slug":"campanha-da-samsung-para-o-galaxy-tab","status":"publish","type":"post","link":"https:\/\/www.redenoticia.com.br\/noticia\/2010\/campanha-da-samsung-para-o-galaxy-tab\/32733","title":{"rendered":"Campanha da Samsung para o Galaxy Tab"},"content":{"rendered":"<p><img loading=\"lazy\" decoding=\"async\" class=\"alignleft size-full wp-image-32734\" title=\"sansung tablet\" src=\"https:\/\/www.redenoticia.com.br\/noticia\/imagens\/sansung-tablet.jpg\" alt=\"\" width=\"301\" height=\"194\" srcset=\"https:\/\/www.redenoticia.com.br\/noticia\/imagens\/sansung-tablet.jpg 301w, https:\/\/www.redenoticia.com.br\/noticia\/imagens\/sansung-tablet-250x161.jpg 250w, https:\/\/www.redenoticia.com.br\/noticia\/imagens\/sansung-tablet-150x96.jpg 150w\" sizes=\"auto, (max-width: 301px) 100vw, 301px\" \/>A conectividade, portabilidade e praticidade s\u00e3o destaques em campanha  publicit\u00e1ria da <strong><em>Samsung<\/em><\/strong>. Dessa vez pelo <strong><em>tablet Galaxy Tab<\/em><\/strong>, primeiro tablet  lan\u00e7ado no Brasil, sucesso mundial e que chega ao pa\u00eds suportado por um completo  conjunto de comunica\u00e7\u00e3o e marketing.<\/p>\n<p>A campanha refor\u00e7a a proposta do  produto e mostra como o dia a dia das pessoas pode ficar muito mais f\u00e1cil com  todas as possibilidades oferecidas pelo aparelho.<\/p>\n<p>No filme, \u00e9 mostrada a  rotina de um rapaz com o Galaxy Tab em diversas situa\u00e7\u00f5es, utilizando as fun\u00e7\u00f5es  do produto &#8211; teclado Swype, aplicativo de mapas, TV digital, e-book,  videochamada, entre outros.<\/p>\n<p>&#8220;A campanha refor\u00e7a o conceito da  portabilidade, que \u00e9 o principal atributo do Samsung Galaxy TAB&#8221;, afirma  Hamilton Yoshida, Diretor de Marketing para a Divis\u00e3o de Telecom e TI da  Samsung.<\/p>\n<p>A iniciativa j\u00e1 pode ser conferida nos principais ve\u00edculos de  m\u00eddia do Pa\u00eds e na TV, por meio do filme publicit\u00e1rio, em vers\u00e3o de 30 segundos.  Criada pela Cheil Korea, e adaptada pela Cheil Brasil, a campanha conta com  diversas a\u00e7\u00f5es at\u00e9 final do ano.<\/p>\n","protected":false},"excerpt":{"rendered":"<p>A conectividade, portabilidade e praticidade s\u00e3o destaques em campanha publicit\u00e1ria da Samsung. Dessa vez pelo tablet Galaxy Tab, primeiro tablet lan\u00e7ado no Brasil, sucesso mundial e que chega ao pa\u00eds suportado por um completo conjunto de comunica\u00e7\u00e3o e marketing. A campanha refor\u00e7a a proposta do produto e mostra como o dia a dia das pessoas [&hellip;]<\/p>\n","protected":false},"author":3,"featured_media":32734,"comment_status":"open","ping_status":"open","sticky":false,"template":"","format":"standard","meta":{"_genesis_hide_title":false,"_genesis_hide_breadcrumbs":false,"_genesis_hide_singular_image":false,"_genesis_hide_footer_widgets":false,"_genesis_custom_body_class":"","_genesis_custom_post_class":"","_genesis_layout":"","_jetpack_memberships_contains_paid_content":false,"footnotes":""},"categories":[22],"tags":[],"class_list":{"0":"post-32733","1":"post","2":"type-post","3":"status-publish","4":"format-standard","5":"has-post-thumbnail","7":"category-brasil","8":"entry","9":"gs-1","10":"gs-odd","11":"gs-even","12":"gs-featured-content-entry"},"jetpack_featured_media_url":"https:\/\/www.redenoticia.com.br\/noticia\/imagens\/sansung-tablet.jpg","jetpack_sharing_enabled":true,"jetpack_likes_enabled":true,"_links":{"self":[{"href":"https:\/\/www.redenoticia.com.br\/noticia\/wp-json\/wp\/v2\/posts\/32733","targetHints":{"allow":["GET"]}}],"collection":[{"href":"https:\/\/www.redenoticia.com.br\/noticia\/wp-json\/wp\/v2\/posts"}],"about":[{"href":"https:\/\/www.redenoticia.com.br\/noticia\/wp-json\/wp\/v2\/types\/post"}],"author":[{"embeddable":true,"href":"https:\/\/www.redenoticia.com.br\/noticia\/wp-json\/wp\/v2\/users\/3"}],"replies":[{"embeddable":true,"href":"https:\/\/www.redenoticia.com.br\/noticia\/wp-json\/wp\/v2\/comments?post=32733"}],"version-history":[{"count":0,"href":"https:\/\/www.redenoticia.com.br\/noticia\/wp-json\/wp\/v2\/posts\/32733\/revisions"}],"wp:featuredmedia":[{"embeddable":true,"href":"https:\/\/www.redenoticia.com.br\/noticia\/wp-json\/wp\/v2\/media\/32734"}],"wp:attachment":[{"href":"https:\/\/www.redenoticia.com.br\/noticia\/wp-json\/wp\/v2\/media?parent=32733"}],"wp:term":[{"taxonomy":"category","embeddable":true,"href":"https:\/\/www.redenoticia.com.br\/noticia\/wp-json\/wp\/v2\/categories?post=32733"},{"taxonomy":"post_tag","embeddable":true,"href":"https:\/\/www.redenoticia.com.br\/noticia\/wp-json\/wp\/v2\/tags?post=32733"}],"curies":[{"name":"wp","href":"https:\/\/api.w.org\/{rel}","templated":true}]}}