{"id":32710,"date":"2010-12-08T09:30:12","date_gmt":"2010-12-08T13:30:12","guid":{"rendered":"http:\/\/www.redenoticia.com.br\/noticia\/?p=32710"},"modified":"2010-12-08T09:30:12","modified_gmt":"2010-12-08T13:30:12","slug":"metro-sp-promove-coral-de-natal-em-diversas-estacoes","status":"publish","type":"post","link":"https:\/\/www.redenoticia.com.br\/noticia\/2010\/metro-sp-promove-coral-de-natal-em-diversas-estacoes\/32710","title":{"rendered":"Metr\u00f4 SP promove Coral de Natal em diversas esta\u00e7\u00f5es"},"content":{"rendered":"<h2><span style=\"font-weight: normal; font-size: 13px;\"><span style=\"font-weight: normal;\">Canto <\/span><em>Coral de Natal<\/em><\/span><span style=\"font-weight: normal; font-size: 13px;\"> se apresentar\u00e1 de 8 a 17 de  dezembro. <\/span><span style=\"font-weight: normal; font-size: 13px;\">A 18\u00aa edi\u00e7\u00e3o do Canto Coral de Natal do Metr\u00f4  come\u00e7a nesta quarta, 8, e se estender\u00e1 at\u00e9 o dia 17. Integrante do programa  &#8220;A\u00e7\u00e3o Cultural no <\/span><span style=\"font-weight: normal; font-size: 13px;\"><em>Metr\u00f4<\/em><\/span><span style=\"font-weight: normal; font-size: 13px;\">&#8220;, as apresenta\u00e7\u00f5es j\u00e1 se tornaram uma tradi\u00e7\u00e3o para os  usu\u00e1rios, que todo final de ano acompanham nas esta\u00e7\u00f5es do sistema os cantores,  m\u00fasicos e maestros de diversos corais e institui\u00e7\u00f5es. Para este ano, est\u00e3o  previstas 40 apresenta\u00e7\u00f5es.<\/span><\/h2>\n<p>Para o primeiro dia de evento, as esta\u00e7\u00f5es  Cl\u00ednicas (\u00e0s 12h30 e 19h), Vila Mariana (18h30) e S\u00e9 (\u00e0s 18h30 e 19h) ter\u00e3o  apresenta\u00e7\u00f5es.<\/p>\n<p><a href=\"http:\/\/www.metro.sp.gov.br\/cultura\/acaocultural\/programacao\/programacao_cultural_coral.asp\" target=\"_blank\">Clique  aqui<\/a> e veja a programa\u00e7\u00e3o completa.<\/p>\n<p>Cerca de 40 corais participar\u00e3o este ano do Canto Coral de Natal 2010, projeto tradicional no Metr\u00f4 de S\u00e3o Paulo. As apresenta\u00e7\u00f5es acontecem de 8 a 17 de dezembro, na hora do almo\u00e7o e no final da tarde, nas esta\u00e7\u00f5es Cl\u00ednicas, Vila Mariana, S\u00e9, Rep\u00fablica, Tatuap\u00e9, Br\u00e1s e Marechal Deodoro.<\/p>\n<p>Do Metr\u00f4<\/p>\n","protected":false},"excerpt":{"rendered":"<p>Canto Coral de Natal se apresentar\u00e1 de 8 a 17 de dezembro. A 18\u00aa edi\u00e7\u00e3o do Canto Coral de Natal do Metr\u00f4 come\u00e7a nesta quarta, 8, e se estender\u00e1 at\u00e9 o dia 17. Integrante do programa &#8220;A\u00e7\u00e3o Cultural no Metr\u00f4&#8220;, as apresenta\u00e7\u00f5es j\u00e1 se tornaram uma tradi\u00e7\u00e3o para os usu\u00e1rios, que todo final de ano [&hellip;]<\/p>\n","protected":false},"author":3,"featured_media":0,"comment_status":"open","ping_status":"open","sticky":false,"template":"","format":"standard","meta":{"_genesis_hide_title":false,"_genesis_hide_breadcrumbs":false,"_genesis_hide_singular_image":false,"_genesis_hide_footer_widgets":false,"_genesis_custom_body_class":"","_genesis_custom_post_class":"","_genesis_layout":"","_jetpack_memberships_contains_paid_content":false,"footnotes":""},"categories":[22],"tags":[],"class_list":{"0":"post-32710","1":"post","2":"type-post","3":"status-publish","4":"format-standard","6":"category-brasil","7":"entry","8":"gs-1","9":"gs-odd","10":"gs-even","11":"gs-featured-content-entry"},"jetpack_featured_media_url":"","jetpack_sharing_enabled":true,"jetpack_likes_enabled":true,"_links":{"self":[{"href":"https:\/\/www.redenoticia.com.br\/noticia\/wp-json\/wp\/v2\/posts\/32710","targetHints":{"allow":["GET"]}}],"collection":[{"href":"https:\/\/www.redenoticia.com.br\/noticia\/wp-json\/wp\/v2\/posts"}],"about":[{"href":"https:\/\/www.redenoticia.com.br\/noticia\/wp-json\/wp\/v2\/types\/post"}],"author":[{"embeddable":true,"href":"https:\/\/www.redenoticia.com.br\/noticia\/wp-json\/wp\/v2\/users\/3"}],"replies":[{"embeddable":true,"href":"https:\/\/www.redenoticia.com.br\/noticia\/wp-json\/wp\/v2\/comments?post=32710"}],"version-history":[{"count":0,"href":"https:\/\/www.redenoticia.com.br\/noticia\/wp-json\/wp\/v2\/posts\/32710\/revisions"}],"wp:attachment":[{"href":"https:\/\/www.redenoticia.com.br\/noticia\/wp-json\/wp\/v2\/media?parent=32710"}],"wp:term":[{"taxonomy":"category","embeddable":true,"href":"https:\/\/www.redenoticia.com.br\/noticia\/wp-json\/wp\/v2\/categories?post=32710"},{"taxonomy":"post_tag","embeddable":true,"href":"https:\/\/www.redenoticia.com.br\/noticia\/wp-json\/wp\/v2\/tags?post=32710"}],"curies":[{"name":"wp","href":"https:\/\/api.w.org\/{rel}","templated":true}]}}