{"id":32709,"date":"2010-12-08T09:23:54","date_gmt":"2010-12-08T13:23:54","guid":{"rendered":"http:\/\/www.redenoticia.com.br\/noticia\/?p=32709"},"modified":"2010-12-08T09:23:54","modified_gmt":"2010-12-08T13:23:54","slug":"procon-sp-promove-palestra-sobre-orcamento-domestico","status":"publish","type":"post","link":"https:\/\/www.redenoticia.com.br\/noticia\/2010\/procon-sp-promove-palestra-sobre-orcamento-domestico\/32709","title":{"rendered":"Procon-SP promove palestra sobre or\u00e7amento dom\u00e9stico"},"content":{"rendered":"<h2><span style=\"font-weight: normal; font-size: 13px;\">A Funda\u00e7\u00e3o Procon-SP promove na segunda, 13, <\/span><span style=\"font-size: 13px;\"><em>palestra gratuita sobre  Or\u00e7amento Dom\u00e9stico<\/em><\/span><span style=\"font-weight: normal; font-size: 13px;\">. O objetivo \u00e9 estimular o consumidor a repensar h\u00e1bitos e  atitudes do dia a dia da sociedade de consumo, al\u00e9m de alertar para a  import\u00e2ncia do uso do cr\u00e9dito consciente e da preven\u00e7\u00e3o contra o  endividamento.<\/span><\/h2>\n<p>Orienta\u00e7\u00f5es sobre como planejar corretamente o or\u00e7amento familiar, evitar  gastos desnecess\u00e1rios e outras quest\u00f5es pr\u00e1ticas fazem parte da pauta de  discuss\u00e3o. Ser\u00e1 distribu\u00eddo um informativo educativo sobre o tema.<\/p>\n<p>Para sair do vermelho<\/p>\n<p>Os participantes ser\u00e3o orientados sobre os caminhos para sair de uma situa\u00e7\u00e3o  de endividamento, com dicas sobre como renegociar d\u00edvidas e &#8220;limpar o nome&#8221;,  sobre o que \u00e9 cr\u00e9dito consciente, quais as principais op\u00e7\u00f5es de linhas de  cr\u00e9dito e os cuidados ao contratar cada uma delas, entre outras.<\/p>\n<p>Servi\u00e7o<\/p>\n<p>Dia e hora: 13 de dezembro, das 09h \u00e0s 12h30.<br \/>\nLocal: Audit\u00f3rio do  Procon-SP \/ Rua Barra Funda, 930, 4\u00ba andar, sala 407.<br \/>\nInscri\u00e7\u00f5es: gratuitas,  pelo telefone 3824-7065, das 9h \u00e0s 12h30. Ou pelo <a href=\"http:\/\/www.procon.sp.gov.br\/\" target=\"_blank\">site<\/a>.<\/p>\n<p>Da Funda\u00e7\u00e3o\u00a0Procon<\/p>\n","protected":false},"excerpt":{"rendered":"<p>A Funda\u00e7\u00e3o Procon-SP promove na segunda, 13, palestra gratuita sobre Or\u00e7amento Dom\u00e9stico. O objetivo \u00e9 estimular o consumidor a repensar h\u00e1bitos e atitudes do dia a dia da sociedade de consumo, al\u00e9m de alertar para a import\u00e2ncia do uso do cr\u00e9dito consciente e da preven\u00e7\u00e3o contra o endividamento. Orienta\u00e7\u00f5es sobre como planejar corretamente o or\u00e7amento [&hellip;]<\/p>\n","protected":false},"author":3,"featured_media":0,"comment_status":"open","ping_status":"open","sticky":false,"template":"","format":"standard","meta":{"_genesis_hide_title":false,"_genesis_hide_breadcrumbs":false,"_genesis_hide_singular_image":false,"_genesis_hide_footer_widgets":false,"_genesis_custom_body_class":"","_genesis_custom_post_class":"","_genesis_layout":"","_jetpack_memberships_contains_paid_content":false,"footnotes":""},"categories":[22],"tags":[],"class_list":{"0":"post-32709","1":"post","2":"type-post","3":"status-publish","4":"format-standard","6":"category-brasil","7":"entry","8":"gs-1","9":"gs-odd","10":"gs-even","11":"gs-featured-content-entry"},"jetpack_featured_media_url":"","jetpack_sharing_enabled":true,"jetpack_likes_enabled":true,"_links":{"self":[{"href":"https:\/\/www.redenoticia.com.br\/noticia\/wp-json\/wp\/v2\/posts\/32709","targetHints":{"allow":["GET"]}}],"collection":[{"href":"https:\/\/www.redenoticia.com.br\/noticia\/wp-json\/wp\/v2\/posts"}],"about":[{"href":"https:\/\/www.redenoticia.com.br\/noticia\/wp-json\/wp\/v2\/types\/post"}],"author":[{"embeddable":true,"href":"https:\/\/www.redenoticia.com.br\/noticia\/wp-json\/wp\/v2\/users\/3"}],"replies":[{"embeddable":true,"href":"https:\/\/www.redenoticia.com.br\/noticia\/wp-json\/wp\/v2\/comments?post=32709"}],"version-history":[{"count":0,"href":"https:\/\/www.redenoticia.com.br\/noticia\/wp-json\/wp\/v2\/posts\/32709\/revisions"}],"wp:attachment":[{"href":"https:\/\/www.redenoticia.com.br\/noticia\/wp-json\/wp\/v2\/media?parent=32709"}],"wp:term":[{"taxonomy":"category","embeddable":true,"href":"https:\/\/www.redenoticia.com.br\/noticia\/wp-json\/wp\/v2\/categories?post=32709"},{"taxonomy":"post_tag","embeddable":true,"href":"https:\/\/www.redenoticia.com.br\/noticia\/wp-json\/wp\/v2\/tags?post=32709"}],"curies":[{"name":"wp","href":"https:\/\/api.w.org\/{rel}","templated":true}]}}