{"id":32707,"date":"2010-12-07T16:38:53","date_gmt":"2010-12-07T20:38:53","guid":{"rendered":"http:\/\/www.redenoticia.com.br\/noticia\/?p=32707"},"modified":"2010-12-08T14:16:09","modified_gmt":"2010-12-08T18:16:09","slug":"meteorologia-%e2%80%93-previsao-do-tempo-para-esta-quarta-feira-0812","status":"publish","type":"post","link":"https:\/\/www.redenoticia.com.br\/noticia\/2010\/meteorologia-%e2%80%93-previsao-do-tempo-para-esta-quarta-feira-0812\/32707","title":{"rendered":"Meteorologia \u2013 previs\u00e3o do tempo para esta quarta-feira 08\/12"},"content":{"rendered":"<p><img loading=\"lazy\" decoding=\"async\" class=\"alignleft size-full wp-image-28410\" title=\"previsao do tempo temperatura\" src=\"https:\/\/www.redenoticia.com.br\/noticia\/imagens\/previsao-do-tempo-temperatura.jpg\" alt=\"\" width=\"300\" height=\"193\" srcset=\"https:\/\/www.redenoticia.com.br\/noticia\/imagens\/previsao-do-tempo-temperatura.jpg 300w, https:\/\/www.redenoticia.com.br\/noticia\/imagens\/previsao-do-tempo-temperatura-250x160.jpg 250w, https:\/\/www.redenoticia.com.br\/noticia\/imagens\/previsao-do-tempo-temperatura-150x96.jpg 150w\" sizes=\"auto, (max-width: 300px) 100vw, 300px\" \/>Previs\u00e3o do tempo \u2013 a <strong><em>meteorologia<\/em><\/strong> divulgou a <strong><em>previs\u00e3o do tempo<\/em><\/strong> e <strong><em>temperatura <\/em><\/strong>para esta quarta-feira (08\/12) e informa que o dia ser\u00e1 de sol, varia\u00e7\u00e3o de nuvens e pancadas de chuva em quase todo o pa\u00eds. Sobre as Regi\u00f5es Norte, Centro-Oeste, Sudeste e parte do Sul, nuvens mais carregadas poder\u00e3o provocar chuva forte e localizada em alguns per\u00edodos do dia. Segundo a previs\u00e3o do tempo em grande parte da Regi\u00e3o Nordeste, incluindo \u00e1reas do sert\u00e3o, tamb\u00e9m haver\u00e1 chance de pancadas de chuva mais intensas. Dados da previs\u00e3o do tempo indicam que apenas no norte do RN, do CE, do PI, nordeste do MA e no leste do SE e de AL \u00e9 que o sol aparecer\u00e1 entre poucas nuvens. A previs\u00e3o do tempo destaca que os ventos estar\u00e3o intensos no litoral ga\u00facho e capixaba. As temperaturas estar\u00e3o elevadas no norte do Brasil.<\/p>\n<p>Vale do Para\u00edba \u2013 previs\u00e3o do tempo em 08\/12 o dia ser\u00e1 quente e abafado com chance para pancada de chuva localizada \u00e0 partir da tarde. A chance de chuva no Litoral Norte ser\u00e1 menor. As temperaturas estar\u00e3o em eleva\u00e7\u00e3o.<\/p>\n<p>Regi\u00e3o Centro-Oeste \u2013 previs\u00e3o do tempo em 08\/12\/2010: Em todas as \u00e1reas da Regi\u00e3o: sol com varia\u00e7\u00e3o de nuvens e pancadas de chuva isoladas. Temperaturas est\u00e1veis. Temperatura m\u00e1xima: 38C no oeste do MS. Temperatura m\u00ednima: 19C no nordeste de GO.<\/p>\n<p>Regi\u00e3o Nordeste \u2013 previs\u00e3o do tempo em 08\/12\/2010: No nordeste do MA, norte do PI, do CE e do RN: sol e poucas nuvens. No litoral Baiano: sol entre poucas nuvens e com possibilidade de pancadas de chuva a tarde. Nas demais \u00e1reas do MA, centro-sul do PI, oeste de PE e centro-oeste da BA: pancadas de chuva isoladas. Nas demais \u00e1reas da Regi\u00e3o: sol entre nebulosidade vari\u00e1vel e com pancadas de chuva a tarde. Temperaturas est\u00e1veis. Temperatura m\u00e1xima: 37C em SE. Temperatura m\u00ednima: 19C no oeste da BA.<\/p>\n<p>Regi\u00e3o Norte \u2013 previs\u00e3o do tempo em 08\/12\/2010: No nordeste do PA e leste do AP: possibilidade de pancadas de chuva a tarde. Nas demais \u00e1reas da Regi\u00e3o: sol entre nebulosidade vari\u00e1vel e com pancadas de chuva isoladas. Temperaturas est\u00e1veis. Temperatura m\u00e1xima: 37C no sul de RO. Temperatura m\u00ednima: 18C no noroeste de RR.<\/p>\n<p>Regi\u00e3o Sudeste \u2013 previs\u00e3o do tempo em 08\/12\/2010: No litoral norte de SP e litoral sul do RJ: possibilidade de pancadas de chuva a tarde. Nas demais \u00e1reas da Regi\u00e3o: sol entre nebulosidade vari\u00e1vel e com pancadas de chuva localmente forte. Temperaturas est\u00e1veis. Temperatura m\u00e1xima: 32C no oeste de SP. Temperatura m\u00ednima: 15C na sul de MG.<\/p>\n<p>Regi\u00e3o Sul \u2013 previs\u00e3o do tempo em 08\/12\/2010: No norte do RS, em SC e no PR: sol com varia\u00e7\u00e3o de nuvens e pancadas de chuva. Nas demais \u00e1reas do RS: chuva pela manh\u00e3, melhorando ao longo do dia. Temperatura m\u00e1xima: 35C no oeste do RS. Temperatura m\u00ednima: 17C nas \u00e1reas de Serra.<\/p>\n<p>Previs\u00e3o do tempo e temperatura CPTEC<\/p>\n","protected":false},"excerpt":{"rendered":"<p>Previs\u00e3o do tempo \u2013 a meteorologia divulgou a previs\u00e3o do tempo e temperatura para esta quarta-feira (08\/12) e informa que o dia ser\u00e1 de sol, varia\u00e7\u00e3o de nuvens e pancadas de chuva em quase todo o pa\u00eds. Sobre as Regi\u00f5es Norte, Centro-Oeste, Sudeste e parte do Sul, nuvens mais carregadas poder\u00e3o provocar chuva forte e [&hellip;]<\/p>\n","protected":false},"author":3,"featured_media":28410,"comment_status":"open","ping_status":"open","sticky":false,"template":"","format":"standard","meta":{"_genesis_hide_title":false,"_genesis_hide_breadcrumbs":false,"_genesis_hide_singular_image":false,"_genesis_hide_footer_widgets":false,"_genesis_custom_body_class":"","_genesis_custom_post_class":"","_genesis_layout":"","_jetpack_memberships_contains_paid_content":false,"footnotes":""},"categories":[22],"tags":[],"class_list":{"0":"post-32707","1":"post","2":"type-post","3":"status-publish","4":"format-standard","5":"has-post-thumbnail","7":"category-brasil","8":"entry","9":"gs-1","10":"gs-odd","11":"gs-even","12":"gs-featured-content-entry"},"jetpack_featured_media_url":"https:\/\/www.redenoticia.com.br\/noticia\/imagens\/previsao-do-tempo-temperatura.jpg","jetpack_sharing_enabled":true,"jetpack_likes_enabled":true,"_links":{"self":[{"href":"https:\/\/www.redenoticia.com.br\/noticia\/wp-json\/wp\/v2\/posts\/32707","targetHints":{"allow":["GET"]}}],"collection":[{"href":"https:\/\/www.redenoticia.com.br\/noticia\/wp-json\/wp\/v2\/posts"}],"about":[{"href":"https:\/\/www.redenoticia.com.br\/noticia\/wp-json\/wp\/v2\/types\/post"}],"author":[{"embeddable":true,"href":"https:\/\/www.redenoticia.com.br\/noticia\/wp-json\/wp\/v2\/users\/3"}],"replies":[{"embeddable":true,"href":"https:\/\/www.redenoticia.com.br\/noticia\/wp-json\/wp\/v2\/comments?post=32707"}],"version-history":[{"count":0,"href":"https:\/\/www.redenoticia.com.br\/noticia\/wp-json\/wp\/v2\/posts\/32707\/revisions"}],"wp:featuredmedia":[{"embeddable":true,"href":"https:\/\/www.redenoticia.com.br\/noticia\/wp-json\/wp\/v2\/media\/28410"}],"wp:attachment":[{"href":"https:\/\/www.redenoticia.com.br\/noticia\/wp-json\/wp\/v2\/media?parent=32707"}],"wp:term":[{"taxonomy":"category","embeddable":true,"href":"https:\/\/www.redenoticia.com.br\/noticia\/wp-json\/wp\/v2\/categories?post=32707"},{"taxonomy":"post_tag","embeddable":true,"href":"https:\/\/www.redenoticia.com.br\/noticia\/wp-json\/wp\/v2\/tags?post=32707"}],"curies":[{"name":"wp","href":"https:\/\/api.w.org\/{rel}","templated":true}]}}