{"id":32698,"date":"2010-12-07T12:55:36","date_gmt":"2010-12-07T16:55:36","guid":{"rendered":"http:\/\/www.redenoticia.com.br\/noticia\/?p=32698"},"modified":"2010-12-07T12:55:36","modified_gmt":"2010-12-07T16:55:36","slug":"warner-leva-batmovel-a-oscar-freire","status":"publish","type":"post","link":"https:\/\/www.redenoticia.com.br\/noticia\/2010\/warner-leva-batmovel-a-oscar-freire\/32698","title":{"rendered":"Warner leva Batm\u00f3vel \u00e0 Oscar Freire"},"content":{"rendered":"<p>O que aconteceria se o carro do <strong><em>Batman<\/em><\/strong>, o <strong><em>Batm\u00f3vel<\/em><\/strong>, aparecesse estacionado em  um dos pontos mais movimentos de S\u00e3o Paulo?\u00a0Qual seria a rea\u00e7\u00e3o das pessoas? E as crian\u00e7as, como ficariam frente a esse  \u00edcone dos desenhos animados? Para descobrir essas e outras respostas, a Warner  Bros. Consumer Products prepara uma atra\u00e7\u00e3o que promete deixar o \u00faltimo final de  semana antes do Natal ainda mais divertido!<\/p>\n<p>A empresa leva a uma das ruas mais luxuosas da cidade uma r\u00e9plica fiel do  Batm\u00f3vel da s\u00e9rie animada \u201cBatman \u2013 Brave and the Bold\u201d, sucesso no Brasil e no  exterior. No Pa\u00eds desde abril, essa ser\u00e1 a primeira vez que o ve\u00edculo ficar\u00e1 a  c\u00e9u aberto, atraindo a aten\u00e7\u00e3o de todos que circularem pela regi\u00e3o.<\/p>\n<p>A a\u00e7\u00e3o \u2013 que  proporcionar\u00e1 aos f\u00e3s do personagem a oportunidade de conhecer de perto a  replica e tirar fotos junto ao ve\u00edculo \u2013 encerra com chave de ouro as  celebra\u00e7\u00f5es do anivers\u00e1rio de 75 anos dos super-her\u00f3is da DC Comics, comemorado  durante todo o ano de 2010.<\/p>\n<p>Data: 18 de dezembro<\/p>\n<p>Local: Rua Oscar Freire (altura entre a Rua Bela Cintra e a Rua Haddock  Lobo)<\/p>\n<p>Hor\u00e1rio: das 6h \u00e0s 22h<\/p>\n","protected":false},"excerpt":{"rendered":"<p>O que aconteceria se o carro do Batman, o Batm\u00f3vel, aparecesse estacionado em um dos pontos mais movimentos de S\u00e3o Paulo?\u00a0Qual seria a rea\u00e7\u00e3o das pessoas? E as crian\u00e7as, como ficariam frente a esse \u00edcone dos desenhos animados? Para descobrir essas e outras respostas, a Warner Bros. Consumer Products prepara uma atra\u00e7\u00e3o que promete deixar [&hellip;]<\/p>\n","protected":false},"author":3,"featured_media":0,"comment_status":"open","ping_status":"open","sticky":false,"template":"","format":"standard","meta":{"_genesis_hide_title":false,"_genesis_hide_breadcrumbs":false,"_genesis_hide_singular_image":false,"_genesis_hide_footer_widgets":false,"_genesis_custom_body_class":"","_genesis_custom_post_class":"","_genesis_layout":"","_jetpack_memberships_contains_paid_content":false,"footnotes":""},"categories":[22],"tags":[],"class_list":{"0":"post-32698","1":"post","2":"type-post","3":"status-publish","4":"format-standard","6":"category-brasil","7":"entry","8":"gs-1","9":"gs-odd","10":"gs-even","11":"gs-featured-content-entry"},"jetpack_featured_media_url":"","jetpack_sharing_enabled":true,"jetpack_likes_enabled":true,"_links":{"self":[{"href":"https:\/\/www.redenoticia.com.br\/noticia\/wp-json\/wp\/v2\/posts\/32698","targetHints":{"allow":["GET"]}}],"collection":[{"href":"https:\/\/www.redenoticia.com.br\/noticia\/wp-json\/wp\/v2\/posts"}],"about":[{"href":"https:\/\/www.redenoticia.com.br\/noticia\/wp-json\/wp\/v2\/types\/post"}],"author":[{"embeddable":true,"href":"https:\/\/www.redenoticia.com.br\/noticia\/wp-json\/wp\/v2\/users\/3"}],"replies":[{"embeddable":true,"href":"https:\/\/www.redenoticia.com.br\/noticia\/wp-json\/wp\/v2\/comments?post=32698"}],"version-history":[{"count":0,"href":"https:\/\/www.redenoticia.com.br\/noticia\/wp-json\/wp\/v2\/posts\/32698\/revisions"}],"wp:attachment":[{"href":"https:\/\/www.redenoticia.com.br\/noticia\/wp-json\/wp\/v2\/media?parent=32698"}],"wp:term":[{"taxonomy":"category","embeddable":true,"href":"https:\/\/www.redenoticia.com.br\/noticia\/wp-json\/wp\/v2\/categories?post=32698"},{"taxonomy":"post_tag","embeddable":true,"href":"https:\/\/www.redenoticia.com.br\/noticia\/wp-json\/wp\/v2\/tags?post=32698"}],"curies":[{"name":"wp","href":"https:\/\/api.w.org\/{rel}","templated":true}]}}