{"id":32686,"date":"2010-12-06T12:09:06","date_gmt":"2010-12-06T16:09:06","guid":{"rendered":"http:\/\/www.redenoticia.com.br\/noticia\/?p=32686"},"modified":"2010-12-06T12:09:06","modified_gmt":"2010-12-06T16:09:06","slug":"publico-ganha-o-natal-da-musica-na-avenida-paulista","status":"publish","type":"post","link":"https:\/\/www.redenoticia.com.br\/noticia\/2010\/publico-ganha-o-natal-da-musica-na-avenida-paulista\/32686","title":{"rendered":"P\u00fablico ganha o &#8220;Natal da M\u00fasica&#8221; na Avenida Paulista"},"content":{"rendered":"<p>Proporcionando um variado desfile de sonoridades e estilos musicais, o  Shopping Center 3 leva 34 grupos vocais para o coreto instalado em sua fachada  principal; com apresenta\u00e7\u00f5es di\u00e1rias nos hor\u00e1rios de almo\u00e7o e in\u00edcio da noite,  at\u00e9 23 de dezembro.\u00a0A programa\u00e7\u00e3o \u201c<strong><em>Natal da M\u00fasica<\/em><\/strong>\u201d do Shopping Center 3 vai al\u00e9m da tem\u00e1tica  principal da temporada. Os 34 grupos, que trazem 1.047 vozes para a Av.  Paulista, interpretam cantos natalinos, mas muitos prometem surpreender com a  inser\u00e7\u00e3o de ritmos contagiantes como o blues, jazz, rock, salsa e boas can\u00e7\u00f5es  do folclore mundial e da MPB.<\/p>\n<p>Qualidade musical, t\u00e9cnica e excelentes arranjos vocais est\u00e3o garantidos em  todas as apresenta\u00e7\u00f5es. Mas por suas peculiaridades, vale destacar o infantil  Coral dos Mirins (dia 07.12) e a Serenata dos No\u00e9is (dia 23.12), ambos criados e  dirigidos pelo consagrado grupo Trovadores Urbanos. O Coral Adeveb (dia 10.12)  promove uma reuni\u00e3o in\u00e9dita de 25 afinad\u00edssimos coralistas e flautistas, todos  deficientes visuais. Conhecido por grandiosas cantatas, o Coral e Orquestra da  1\u00aa Igreja Batista leva 100 integrantes para realizar o seu concerto (dia  11.12).<\/p>\n<p>Com arranjos especiais de jazz, blues e MPB, executados por 16  instrumentistas, divididos em extraordin\u00e1rio naipe de metais e percuss\u00e3o, a Jazz  Band da Pol\u00edcia Militar do Estado de S\u00e3o Paulo (dia 20.12) surge no estilo das  melhores \u201cbig bands\u201d e promete contagiar o p\u00fablico, com repert\u00f3rio que une  can\u00e7\u00f5es de Louis Armstrong, Arturo Sandoval, Tom Jobim, Edd Motta, Michael  Jackson e Skank, entre outros. A Jazz Band tem sua origem em 1914, quando  m\u00fasicos da Banda Sinf\u00f4nica da Pol\u00edcia Militar lan\u00e7aram um grupo para trabalhar  especificamente o jazz.<\/p>\n<p>Guitarra havaiana e um serrote musical garantem o tom inusitado \u00e0  apresenta\u00e7\u00e3o do m\u00fasico Stanley Peters (dia 21.12). Exigindo extrema precis\u00e3o em  sua execu\u00e7\u00e3o, o serrote musical tem origem n\u00f3rdica, \u00e9 tocado com um arco de  violino e apresenta sonoridade peculiar. No encerramento do \u201cNatal da M\u00fasica\u201d, o  Coral Catedral das Na\u00e7\u00f5es (dia 23.12) prepara um grande espet\u00e1culo para encenar  o esp\u00edrito natalino, com muita dan\u00e7a, canto coral, teatro e 80 integrantes.<\/p>\n<p>07.12, ter\u00e7a-feira, 12h &#8211; Coral Melhor Idade Gente Feliz e Coral de Mulheres  Aldeia do Futuro &#8211; A apresenta\u00e7\u00e3o conjunta re\u00fane 40 vozes e can\u00e7\u00f5es natalinas,  intercaladas por composi\u00e7\u00f5es brasileiras de Tim Maia e Gal Costa.<\/p>\n<p>07.12, ter\u00e7a-feira, 18h &#8211; Coral dos Mirins -Trovadores Urbanos<\/p>\n<p>Manter a tradi\u00e7\u00e3o das serenatas, incentivar o gosto das crian\u00e7as pela m\u00fasica  popular brasileira e investir na forma\u00e7\u00e3o musical foi o que moveu o consagrado  grupo vocal Trovadores Urbanos a criar os Trovadores Mirins. Sob a reg\u00eancia de  Lucila Novaes, integra 15 crian\u00e7as com idades entre 07 e 14 anos, praticantes do  canto coral, baseado no estudo do cancioneiro popular, marca registrada dos  Trovadores Urbanos. Uma sele\u00e7\u00e3o especial de compositores brasileiros como Ivan  Lins, Vitor Martins e Telma Chan, entre outros, intercalam-se a temas de Natal,  com apurad\u00edssimos arranjos vocais.<\/p>\n<p>08.12, quarta-feira, 12h &#8211; Coral Montessori-Sintonia Plena<\/p>\n<p>Formado pela fus\u00e3o dos grupos Montessori e Sintonia Plena, re\u00fane 35 vozes sob  a reg\u00eancia do maestro Leandro Toledo. Musicalidade \u00edmpar, alegria e descontra\u00e7\u00e3o  \u00e9 o que promete o coral, com uma sele\u00e7\u00e3o ecl\u00e9tica de composi\u00e7\u00f5es de Dorival  Caymmi, Assis Valente, Villa Lobos, Adoniran Barbosa, Dizzy Gillespie, al\u00e9m de  Tit\u00e3s e Beattles, entre outros.<\/p>\n<p>08.12, quarta-feira, 19h &#8211; Coral da Sociedade H\u00edpica de Campinas<\/p>\n<p>Sob a reg\u00eancia do maestro Daniel Amato e com 16 integrantes, o grupo inova  nos arranjos vocais de can\u00e7\u00f5es tradicionais natalinas. Entre outras, vale  conferir a interpreta\u00e7\u00e3o de \u2018Canto dos Sinos\u201d, da tradi\u00e7\u00e3o ucraniana.<\/p>\n<p>09. 12, quinta-feira, 13h &#8211; Coral Hcor<\/p>\n<p>Formado por 22 colaboradores do Hospital do Cora\u00e7\u00e3o, \u00e9 regido pelo maestro  Danilo Barral. Verdi, Bach, John Francis Wade, Dorival Caymmi, entre outros,  fazem parte do repert\u00f3rio.<\/p>\n<p>09.12, quinta-feira, 18h &#8211; Coral AACD<\/p>\n<p>Composto por 32 vozes, sob a reg\u00eancia do maestro Danilo Barral, apresenta  temas natalinos de compositores eruditos do s\u00e9culo XIX como Cesar Franck e  Irving Berlin ao irreverente \u201cJingle Bell Rock\u201d, da dupla Joe Beal &amp; Jim  Boothe, lan\u00e7ado em1957, entre outros.<\/p>\n<p>10.12, sexta-feira, 12h &#8211; Coral da AFPESP<\/p>\n<p>Formado por 40 integrantes da Associa\u00e7\u00e3o dos Funcion\u00e1rios P\u00fablicos do Estado  de S\u00e3o Paulo e regido pela Maestrina Natacha Neves Pimentel, o coro mescla  cl\u00e1ssicos da m\u00fasica brasileira, como Aquarela do Brasil, a composi\u00e7\u00f5es  natalinas.<\/p>\n<p>10.12, sexta-feira, 18h &#8211; Coral Adeveb &#8211; Associa\u00e7\u00e3o de Deficientes Visuais  Evang\u00e9licos do Brasil &#8211; Com 25 afinados coralistas e flautistas, todos  deficientes visuais, sob a reg\u00eancia da maestrina Elisabete Jansen, o grupo \u00e9  conhecido pela qualidade de sua t\u00e9cnica vocal.<\/p>\n<p>11.12, s\u00e1bado, 16h &#8211; Coral e Orquestra da 1\u00aa Igreja Batista da Lapa<\/p>\n<p>Com 100 integrantes e famoso por suas cantatas, passeia do erudito ao  gospel.<\/p>\n<p>13.12, segunda-feira, 12h &#8211; Coral Meu Guri \/ Escola Jos\u00e9 Roberto Belchior<\/p>\n<p>Um total de 40 vozes interpreta cl\u00e1ssicos natalinos e can\u00e7\u00f5es da MPB de  autoria de Tim Maia, Gal Costa e Roberto Carlos.<\/p>\n<p>13.12 &#8211; segunda-feira, 18h &#8211; Coral da Igreja Presbiteriana de Pinheiros<\/p>\n<p>Temas natalinos apresentados por 24 cantores.<\/p>\n<p>14.12, ter\u00e7a-feira, 12h &#8211; Coral Projeto + Vida Trasmontano<\/p>\n<p>Formado por 47 associados da Funda\u00e7\u00e3o do Centro Trasmontano de SP, o objetivo  deste grupo \u00e9 representar uma nova gera\u00e7\u00e3o de idosos, que desfruta do que a  idade lhes traz de melhor. Sob a reg\u00eancia do maestro Danilo Barral, apresenta  pe\u00e7as eruditas e MPB.<\/p>\n<p>14.12, ter\u00e7a-feira, 20h &#8211; Coral Jubal<\/p>\n<p>Um total de 45 vozes interpreta cantos natalinos oriundos da tradi\u00e7\u00e3o de  pa\u00edses como Pol\u00f4nia, Fran\u00e7a, Inglaterra, entre outros.<\/p>\n<p>15.12, quarta-feira, 12h &#8211; Coral Clube Reascender &#8211; Mairipor\u00e3 e Saxofonista  Halphy Obhama<\/p>\n<p>Can\u00e7\u00f5es de Milton Nascimento e Legi\u00e3o Urbana se juntam a cl\u00e1ssicos natalinos,  interpretados por 15 vozes.<\/p>\n<p>15.12, quarta-feira, 18h &#8211; INCESP &#8211; Instituto do C\u00e2ncer<\/p>\n<p>Coro formado por 20 integrantes apresenta temas de Natal.<\/p>\n<p>16.12, quinta-feira, 12h &#8211; Meninos e meninas cantores da 3\u00aa idade de  Campinas<\/p>\n<p>Com 40 vozes e sob a reg\u00eancia do maestro Daniel Amato, o coral que re\u00fane  diversos pr\u00eamios e excursiona pelo pa\u00eds, interpreta can\u00e7\u00f5es populares e  tradicionais natalinas.<\/p>\n<p>16.12, quinta-feira, 19h &#8211; Coral Berlioz<\/p>\n<p>Coro de 25 vozes apresenta cl\u00e1ssicos e populares.<\/p>\n<p>17.12, sexta-feira, 13h &#8211; Coral dos Servidores do Departamento da Pol\u00edcia  Federal em S\u00e3o Paulo &#8211; Divididos em naipes de soprano, tenor, contralto e baixo,  22 cantores executam temas cl\u00e1ssicos, folclore e gospel, sob a reg\u00eancia do  maestro F\u00e1bio Maciel da Silva.<\/p>\n<p>17.12, sexta-feira, 20h &#8211; Coral Escola K\u00e1tia Boccato<\/p>\n<p>Oriundo da Escola de M\u00fasica K\u00e1tia Boccato, de Osasco, o coro \u00e9 regido pelo  maestro Andr\u00e9 Heryson e re\u00fane 24 vozes divididas em sopranos, contraltos,  tenores e baixos. Seu vasto repert\u00f3rio contempla obras dos per\u00edodos da  renascen\u00e7a, barroco, rom\u00e2ntico, cl\u00e1ssico; al\u00e9m da m\u00fasica brasileira  contempor\u00e2nea, de Braguinha a Lulu Santos.<\/p>\n<p>20.12, segunda-feira, 13h Jazz Band da Pol\u00edcia Militar do Estado de S\u00e3o  Paulo<\/p>\n<p>Formada por 16 ex\u00edmios instrumentistas, a Jazz Band da Policia Militar conta  com extraordin\u00e1rio naipe de metais, percuss\u00e3o e cordas. No estilo das melhores  \u201cbig bands\u201d, em seus shows surpreende e contagia o p\u00fablico com arranjos  especiais de jazz, blues, MPB e bossa nova. Um dos grandes destaques da  programa\u00e7\u00e3o do Center 3, a Jazz Band mostrar\u00e1 suas interpreta\u00e7\u00f5es para Louis  Armstrong, Arturo Sandoval, Tom Jobim, Edd Motta, Michael Jackson e Skank, entre  outros. A Jazz Band tem sua origem em 1914, quando m\u00fasicos da Banda Sinf\u00f4nica da  Pol\u00edcia Militar lan\u00e7aram um grupo para trabalhar especificamente o jazz.<\/p>\n<p>20.12, segunda-feira, 20h &#8211; Grupo Vocal Carpe Diem<\/p>\n<p>Sete experientes cantores e m\u00fasicos passeiam pelas sonoridades das m\u00fasicas  medieval e erudita, chegando ao swing brasileiro de Carlinhos Brown e Marisa  Monte.<\/p>\n<p>21.12, ter\u00e7a-feira, 18h &#8211; Stanley Peters<\/p>\n<p>Guitarra havaiana e um serrote musical garantem o tom inusitado \u00e0  apresenta\u00e7\u00e3o do m\u00fasico Stanley Peters. Exigindo extrema precis\u00e3o em sua  execu\u00e7\u00e3o, o serrote musical tem origem n\u00f3rdica, \u00e9 tocado com um arco de violino  e apresenta sonoridade peculiar. Stanley promete melodias tradicionais de  diferentes pa\u00edses e m\u00fasicas antigas, permeadas por cl\u00e1ssicos de Natal.<\/p>\n<p>22.12, quarta-feira, 20h &#8211; Jubilate<\/p>\n<p>Jun\u00e7\u00e3o de v\u00e1rios coros, o Jubilate re\u00fane 40 cantores, a regente Glaucia  Lopes, a pianista V\u00e2nia dos Santos e repert\u00f3rio ecl\u00e9tico com composi\u00e7\u00f5es de  Handel, Franz Gruber e melodias tradicionais de v\u00e1rios pa\u00edses.<\/p>\n<p>23.12, quinta-feira, 14h &#8211; Serenata dos No\u00e9is<\/p>\n<p>O famoso grupo Trovadores Urbanos apresenta a divertida Serenata dos No\u00e9is,  formada por quarteto vocal e um violonista. Vestidos de No\u00e9is e com sininhos nas  m\u00e3os, os m\u00fasicos dan\u00e7am e cantam uma sele\u00e7\u00e3o de temas natalinos, com extremo bom  gosto, muito humor e bel\u00edssimos arranjos vocais.<\/p>\n<p>23.12, quinta-feira, 19h &#8211; Coral Catedral das Na\u00e7\u00f5es<\/p>\n<p>Um grandioso espet\u00e1culo encena o esp\u00edrito de Natal, com muita dan\u00e7a, canto  coral, teatro e 80 integrantes.<\/p>\n<p>Local: Shopping Center 3<\/p>\n<p>Endere\u00e7o: Avenida Paulista, 2064 \u2013 Cerqueira C\u00e9sar \u2013 Tel.: (11) 3285-2458<\/p>\n","protected":false},"excerpt":{"rendered":"<p>Proporcionando um variado desfile de sonoridades e estilos musicais, o Shopping Center 3 leva 34 grupos vocais para o coreto instalado em sua fachada principal; com apresenta\u00e7\u00f5es di\u00e1rias nos hor\u00e1rios de almo\u00e7o e in\u00edcio da noite, at\u00e9 23 de dezembro.\u00a0A programa\u00e7\u00e3o \u201cNatal da M\u00fasica\u201d do Shopping Center 3 vai al\u00e9m da tem\u00e1tica principal da temporada. [&hellip;]<\/p>\n","protected":false},"author":3,"featured_media":0,"comment_status":"open","ping_status":"open","sticky":false,"template":"","format":"standard","meta":{"_genesis_hide_title":false,"_genesis_hide_breadcrumbs":false,"_genesis_hide_singular_image":false,"_genesis_hide_footer_widgets":false,"_genesis_custom_body_class":"","_genesis_custom_post_class":"","_genesis_layout":"","_jetpack_memberships_contains_paid_content":false,"footnotes":""},"categories":[22],"tags":[],"class_list":{"0":"post-32686","1":"post","2":"type-post","3":"status-publish","4":"format-standard","6":"category-brasil","7":"entry","8":"gs-1","9":"gs-odd","10":"gs-even","11":"gs-featured-content-entry"},"jetpack_featured_media_url":"","jetpack_sharing_enabled":true,"jetpack_likes_enabled":true,"_links":{"self":[{"href":"https:\/\/www.redenoticia.com.br\/noticia\/wp-json\/wp\/v2\/posts\/32686","targetHints":{"allow":["GET"]}}],"collection":[{"href":"https:\/\/www.redenoticia.com.br\/noticia\/wp-json\/wp\/v2\/posts"}],"about":[{"href":"https:\/\/www.redenoticia.com.br\/noticia\/wp-json\/wp\/v2\/types\/post"}],"author":[{"embeddable":true,"href":"https:\/\/www.redenoticia.com.br\/noticia\/wp-json\/wp\/v2\/users\/3"}],"replies":[{"embeddable":true,"href":"https:\/\/www.redenoticia.com.br\/noticia\/wp-json\/wp\/v2\/comments?post=32686"}],"version-history":[{"count":0,"href":"https:\/\/www.redenoticia.com.br\/noticia\/wp-json\/wp\/v2\/posts\/32686\/revisions"}],"wp:attachment":[{"href":"https:\/\/www.redenoticia.com.br\/noticia\/wp-json\/wp\/v2\/media?parent=32686"}],"wp:term":[{"taxonomy":"category","embeddable":true,"href":"https:\/\/www.redenoticia.com.br\/noticia\/wp-json\/wp\/v2\/categories?post=32686"},{"taxonomy":"post_tag","embeddable":true,"href":"https:\/\/www.redenoticia.com.br\/noticia\/wp-json\/wp\/v2\/tags?post=32686"}],"curies":[{"name":"wp","href":"https:\/\/api.w.org\/{rel}","templated":true}]}}