{"id":32684,"date":"2010-12-06T11:55:02","date_gmt":"2010-12-06T15:55:02","guid":{"rendered":"http:\/\/www.redenoticia.com.br\/noticia\/?p=32684"},"modified":"2010-12-06T11:55:02","modified_gmt":"2010-12-06T15:55:02","slug":"agenda-cultural-da-biblioteca-de-sp-em-dezembro","status":"publish","type":"post","link":"https:\/\/www.redenoticia.com.br\/noticia\/2010\/agenda-cultural-da-biblioteca-de-sp-em-dezembro\/32684","title":{"rendered":"Agenda Cultural da Biblioteca de SP em dezembro"},"content":{"rendered":"<p><strong><em>Agenda Cultural<\/em><\/strong> &#8211; no m\u00eas das festas que encerram o ano, a  <strong><em>Biblioteca<\/em><\/strong> de S\u00e3o Paulo traz o ator <strong><em>L\u00e1zaro Ramos<\/em><\/strong> para o lan\u00e7amento do livro A  Velha Sentada, e tamb\u00e9m apresenta\u00e7\u00f5es cinema, dan\u00e7a, m\u00fasica e teatro,  bate-papos, conta\u00e7\u00f5es de hist\u00f3rias, interven\u00e7\u00f5es po\u00e9ticas e oficinas dentro da  programa\u00e7\u00e3o Presenteie Cultura.<\/p>\n<p>Al\u00e9m de todos os eventos gratuitos, a BSP  oferece servi\u00e7os de refer\u00eancia e informa\u00e7\u00e3o, leitura de livros, revistas e  jornais, empr\u00e9stimo domiciliar e de materiais de outras bibliotecas, programas  de leitura, acesso gratuito \u00e0 internet e localiza\u00e7\u00e3o de informa\u00e7\u00e3o  especializada. Nela \u00e9 poss\u00edvel escutar m\u00fasica, assistir a um filme, brincar com  os jogos eletr\u00f4nicos e relaxar nas suas v\u00e1rias \u00e1reas de conviv\u00eancia.<\/p>\n<p>Programa\u00e7\u00e3o de Dezembro \u2013 Biblioteca S\u00e3o Paulo<br \/>\nA Velha Sentada, de L\u00e1zaro Ramos<br \/>\nO premiado ator e embaixador da Unicef, L\u00e1zaro Ramos, lan\u00e7a na Biblioteca<br \/>\nde S\u00e3o Paulo A velha sentada, pela editora Uirapuru. Livro infantil que trata do\u00a0tema bullying e suas consequ\u00eancias sobre as crian\u00e7as.<br \/>\nDomingo, 19, \u00e0s 14h<\/p>\n<p>Educa\u00e7\u00e3o com arte: oficinas culturais. Cadernos de Referencias.<br \/>\nA publica\u00e7\u00e3o \u00e9 resultante do projeto que objetiva contribuir ao estabelecimento\u00a0de medidas socioeducativas para adolescentes privados de liberdade,\u00a0mediante oficinas de artes, da palavra, do corpo, c\u00eanicas e visuais. Realizou-se\u00a0por meio da parceria CENPEC (Centro de Estudos e Pesquisas em Educa\u00e7\u00e3o,\u00a0Cultura e A\u00e7\u00e3o Comunit\u00e1ria) e Funda\u00e7\u00e3o CASA.<br \/>\nTer\u00e7a- feira, 14, das 19 \u00e0s 21h<\/p>\n<p>BATE-PAPO<br \/>\nPol\u00edticas educacionais: desafios para os novos governos<br \/>\nO encontro visa estabelecer di\u00e1logo sobre os temas mais significativos a serem\u00a0enfrentados com vistas em garantir educa\u00e7\u00e3o de qualidade para todos; dirigido\u00a0a lideran\u00e7as comunit\u00e1rias, gestores p\u00fablicos, militantes sociais, pesquisadores\u00a0e estudantes.<br \/>\nModera\u00e7\u00e3o: Andr\u00e9 Luzzi (ONG A\u00e7\u00e3o da Cidadania)<br \/>\nQuarta-feira, 15, \u00e0s 19h<\/p>\n<p>CINEMA<br \/>\nNos tempos da S\u00e3o Bento, de Guilherme Botelho<br \/>\nRodado entre 2007 e 2010, o document\u00e1rio resgata a mem\u00f3ria daqueles que<br \/>\nfizeram a hist\u00f3ria do hip-hop no Brasil; personagens que ocuparam por v\u00e1rios<br \/>\nanos o espa\u00e7o do Metr\u00f4 S\u00e3o Bento, no centro de S\u00e3o Paulo.<br \/>\nSexta-feira, 10, \u00e0s 19h<br \/>\nMostra de Filmes sobre Educa\u00e7\u00e3o<br \/>\nCuradoria: ONG A\u00e7\u00e3o da Cidadania<br \/>\nSexta-feira, 17, \u00e0s 19h<\/p>\n<p>Vidas Marias, de M\u00e1rcio Ramos.<br \/>\nProduzido em computa\u00e7\u00e3o gr\u00e1fica 3D e finalizado em 35mm, o curta-metragem\u00a0mostra personagens e cen\u00e1rios modelados com texturas e cores pesquisadas\u00a0e capturadas no sert\u00e3o cearense, nordeste do Brasil, o que possibilitou\u00a0atmosfera realista e humanizada. Maria Jos\u00e9, menina de cinco anos de idade,\u00a0\u00e9 levada a largar os estudos para trabalhar. Enquanto trabalha, ela cresce,\u00a0casa, tem filhos, envelhece.<\/p>\n<p>Nenhum a menos, de Zhang Yimou.<br \/>\nVencedor do Festival de Veneza de 1999, retrata a situa\u00e7\u00e3o de estudantes de<br \/>\nescolas rurais na China. Com uma c\u00e2mera discreta, muitas vezes escondida,<br \/>\nYimou registrou as condi\u00e7\u00f5es de ensino no interior do pa\u00eds.<\/p>\n<p>CONTA\u00c7\u00c3O DE HIST\u00d3RIAS<br \/>\nSoldadinho de chumbo<br \/>\nSoldado que tem apenas uma perna e que se sente diferente dos outros<br \/>\nbrinquedos, at\u00e9 conhecer uma bailarina. Hist\u00f3ria contada em teatro de<br \/>\nbrinquedos. Com Rodrigo Lib\u00e2nio.<br \/>\nS\u00e1bado, 4 \u00e0s 16h<\/p>\n<p>Sociedade secreta da lua cheia<br \/>\nTrabalho l\u00fadico-c\u00eanico a partir de repert\u00f3rio de hist\u00f3rias de assombrar, de<br \/>\ndiferentes origens: tradicionais europeias (como o Barba-Azul e a Lenda do<br \/>\nCavaleiro Sem Cabe\u00e7a), tradicionais brasileiras (o Lobisomen, o Caipora, a<br \/>\nMula Sem Cabe\u00e7a) e de escritores consagrados, como Edgar Allan Poe. Com<br \/>\nTatiana Heide.<br \/>\nS\u00e1bado, 4 \u00e0s 11h<br \/>\nDomingo, 12 \u00e0s 11h<\/p>\n<p>Doma<br \/>\nConsiderado o guardi\u00e3o dos segredos da ci\u00eancia da vida, Doma \u00e9 tamb\u00e9m<br \/>\nconhecedor de todas as hist\u00f3rias, e costuma evocar os ancestrais, com<br \/>\nrespeito, a fim de receber os conhecimentos mais antigos e pass\u00e1-los aos mais<br \/>\njovens. Com Cia La Mariquita.<br \/>\nDomingo, 5 \u00e0s 11h<\/p>\n<p>Ciranda da m\u00e3e d&#8217;\u00e1gua<br \/>\nPescador em tempos de poucos peixes escuta o canto da M\u00e3e D\u00b4\u00e1gua e se<br \/>\ndeixa seduzir em meio aos embalos das cirandas. A vida dele muda com a<br \/>\npresen\u00e7a da sereia, que traz amor e prosperidade. Por\u00e9m, o balan\u00e7o do mar<br \/>\nleva-o por outras ondas. Com L\u00edgia Borges.<br \/>\nDomingo, 5 \u00e0s 15h<\/p>\n<p>Rede de Hist\u00f3rias \u2013 Semeando Multiplicadores<br \/>\nEncerramento da oficina com apresenta\u00e7\u00e3o dos participantes.<br \/>\nS\u00e1bado, 11, das 11 \u00e0s 13h30 e das 14h30 \u00e0s 17h<br \/>\nO imp\u00e9rio de Gana<br \/>\nHist\u00f3ria de Sael, a menina do reino de Gana. Com Cia La Mariquita.<br \/>\nDomingo, 12, \u00e0s 15h<br \/>\nRomeu e Julieta<br \/>\nNada de dramalh\u00f5es e brigas. Romeu e Julieta, cl\u00e1ssico de Shakespeare,<br \/>\nrecebe roupagem ecol\u00f3gica. Apresentado em teatro de sombras, Romeu \u00e9<br \/>\numa borboleta azul e Julieta uma borboleta amarela. Eles ficam amigos, voam<br \/>\npelos canteiros, mas se perdem na floresta. As m\u00e3es de ambos descobrem que<br \/>\nest\u00e3o sumidos e se juntam para procur\u00e1-los. Com Rodrigo Lib\u00e2nio.<br \/>\nS\u00e1bado, 18 \u00e0s 11h<\/p>\n<p>Carcar\u00e1, periquito e bem-te-vi<br \/>\nCarcar\u00e1 faminto usa sua ast\u00facia para tentar devorar os outros p\u00e1ssaros da<br \/>\nmata. Com L\u00edgia Borges.<br \/>\nDomingo, 19 \u00e0s 11h<\/p>\n<p>S\u00c1BADOS DA MEM\u00d3RIA<br \/>\nTodos os s\u00e1bados, \u00e0s 14h, artista de renome das artes gr\u00e1ficas brasileiras \u00e9<br \/>\nhomenageado na Biblioteca de S\u00e3o Paulo. Curadoria: Gualberto Costa, Daniela<br \/>\nBaptista e Mario J. Silva.<br \/>\nHomenageados do m\u00eas<br \/>\nSolda \u2013 4<br \/>\nGeandr\u00e9 \u2013 11<br \/>\nJayme Le\u00e3o &#8211; 18<br \/>\nDAN\u00c7A<br \/>\nA Floresta dos Sentimentos e o Roubo do Livro das Virtudes<br \/>\nApresenta\u00e7\u00e3o dos alunos do Projeto Zaki Narchi.<br \/>\nSexta-feira, 3 \u00e0s 20h<br \/>\nINTERVEN\u00c7\u00c3O<br \/>\nINterVEN\u00c7\u00c3O po\u00c9TICA<br \/>\n\u00c9tica e poesia das rela\u00e7\u00f5es entre corpo e ambiente: corpo\u00e9tico. Com Cia.<br \/>\nCorpocena.<br \/>\nSexta-feira, 3 \u00e0s 19h.<br \/>\nEu Leio<br \/>\nMomento dedicado \u00e0 leitura de cr\u00f4nicas. O p\u00fablico fica \u00e0 vontade para ouvir e\u00a0opinar sobre os textos selecionados. Com Mario Silva e Edson Lopes.<br \/>\nQuartas-feiras, 1, 8 e 15, \u00e0s 16h.<\/p>\n<p>M\u00daSICA NA BIBLIOTECA<br \/>\nO cantor e compositor Danilo Moraes, segundo lugar no Pr\u00eamio Visa \u2013 Edi\u00e7\u00e3o<br \/>\nCompositores , em 2006, apresenta parte de seu novo repert\u00f3rio ao lado da<br \/>\nbanda Os Criados Mudos, dos m\u00fasicos Z\u00e9 Nigro (baixo e teclados) e<br \/>\nGuilherme Kastrup (bateria e percuss\u00e3o).<br \/>\nDomingo, 19, \u00e0s 17h<\/p>\n<p>OFICINAS<br \/>\nIoi\u00f4<br \/>\nCrian\u00e7as e adultos aprendem manobras radicais com especialistas. Com<br \/>\nAnselmo e Anik.<br \/>\nS\u00e1bados 4,11, das 11 \u00e0s 13h<br \/>\nS\u00e1bado 18, das 12 \u00e0s 14h<br \/>\nN\u00e3o \u00e9 necess\u00e1rio inscrever-se.<br \/>\nNatal: simbologia, tradi\u00e7\u00e3o e hist\u00f3rias. Como a literatura trata o tema<br \/>\nAn\u00e1lises e debates sobre formas de tradi\u00e7\u00e3o, cultura e leituras que t\u00eam o Natal\u00a0como tema central. Com Rebeca Gelse.<br \/>\nQuarta, quinta e sexta-feira, respectivamente 1\u00ba, 2 e 3, das 17h30 \u00e0s 20h30<\/p>\n<p>Cria\u00e7\u00e3o liter\u00e1ria<br \/>\nPor meio da observa\u00e7\u00e3o, da pr\u00e1tica e do exerc\u00edcio, a oficina se dedica a<br \/>\nexplorar, de forma din\u00e2mica, o mundo repleto de ideias que se materializam no\u00a0papel. Com Adriana Brunstein.<br \/>\nTer\u00e7a-feira, 7 e 14, das 19 \u00e0s 21h<br \/>\nQuinta-feira, 9 e 16, das 19 \u00e0s 21h<\/p>\n<p>Espa\u00e7os de leitura como estrat\u00e9gia de desenvolvimento local<br \/>\nA atividade aborda de forma din\u00e2mica as diferentes etapas para a implanta\u00e7\u00e3o\u00a0e gest\u00e3o de pr\u00e1ticas comunit\u00e1rias de incentivo \u00e0 leitura e escrita.<br \/>\nMedia\u00e7\u00e3o: Andr\u00e9 Luzzi (ONG A\u00e7\u00e3o da Cidadania)<br \/>\nQuinta-feira, 9, das 15 \u00e0s 17h<br \/>\nSexta-feira, 10, das 15 \u00e0s 17h<\/p>\n<p>Xadrez<br \/>\nIniciante infantil<br \/>\nTer\u00e7as- feiras, 7, 14, das 13 \u00e0s 14h30<br \/>\nQuintas-feiras, 2, 9, 16, das 13 \u00e0s 14h30<br \/>\nIniciante adulto<br \/>\nQuartas-feiras, 1, 8, 15, das 13 \u00e0s 14h30<br \/>\nSextas-feiras, 3, 10, 17, das 13 \u00e0s 14h30<br \/>\nIntermedi\u00e1rio<br \/>\nS\u00e1bados, 4, 11, 18, das 13 \u00e0s 14h30. Com Jos\u00e9 Silvino, Carlos Eduardo e<br \/>\nAbdael Silva.<\/p>\n<p>SARAU<br \/>\nChama Po\u00e9tica convida!<br \/>\nEspecial de fim de ano, o Chama Po\u00e9tica de dezembro passeia da capoeira ao<br \/>\neros, da psqiue \u00e0 vida em cidades invis\u00edveis. M\u00fasica e poesia num encontro<br \/>\nirresist\u00edvel. Dire\u00e7\u00e3o de Fernanda Almeida Prado.<br \/>\nDomingo, 5 \u00e0s 15h<\/p>\n<p>TEATRO<br \/>\nSolo e performance negra &#8211; Leitura dram\u00e1tica<br \/>\nAtriz faz reflex\u00e3o sobre a inser\u00e7\u00e3o da mulher negra nas rela\u00e7\u00f5es sociais no<br \/>\nBrasil e sua busca por dignidade e integridade. A personagem expressa<br \/>\nsentimentos universais, suas diversidades e contradi\u00e7\u00f5es.<br \/>\nDire\u00e7\u00e3o: Eug\u00eanio Lima<br \/>\nTexto: Maria Gal (com contribui\u00e7\u00e3o de Cuti e Georgette Fadel)<br \/>\nQuarta-feira, 1\u00ba \u00e0s 19h30<br \/>\nS\u00e1bado, 4 \u00e0s 17h30<br \/>\nHospital da Gente<br \/>\nPe\u00e7a teatral inspirada nos contos de Marcelino Freire. Trabalhadoras do Brasil\u00a0abrem a porta de seus barracos; figuras t\u00e3o conhecidas como a mendiga, a\u00a0b\u00eabada, a prostituta, a velha, a m\u00e3e ou a dona de boteco de uma favela\u00a0qualquer, levantam quest\u00f5es esquecidas no contexto atual. Com o Grupo\u00a0Clari\u00f4.<br \/>\nS\u00e1bado, 11 \u00e0s 17h30<br \/>\nDomingo, 12 \u00e0s 17h30<br \/>\nInscri\u00e7\u00f5es para oficinas s\u00e3o realizadas na recep\u00e7\u00e3o da Biblioteca de S\u00e3o<br \/>\nPaulo at\u00e9 o dia de in\u00edcio das aulas.<br \/>\nO acesso \u00e0 Biblioteca de S\u00e3o Paulo \u00e9 feito mediante apresenta\u00e7\u00e3o das<br \/>\ncarteirinhas de usu\u00e1rio ou visitante, que podem ser solicitadas na<br \/>\nrecep\u00e7\u00e3o.<\/p>\n","protected":false},"excerpt":{"rendered":"<p>Agenda Cultural &#8211; no m\u00eas das festas que encerram o ano, a Biblioteca de S\u00e3o Paulo traz o ator L\u00e1zaro Ramos para o lan\u00e7amento do livro A Velha Sentada, e tamb\u00e9m apresenta\u00e7\u00f5es cinema, dan\u00e7a, m\u00fasica e teatro, bate-papos, conta\u00e7\u00f5es de hist\u00f3rias, interven\u00e7\u00f5es po\u00e9ticas e oficinas dentro da programa\u00e7\u00e3o Presenteie Cultura. Al\u00e9m de todos os eventos [&hellip;]<\/p>\n","protected":false},"author":3,"featured_media":0,"comment_status":"open","ping_status":"open","sticky":false,"template":"","format":"standard","meta":{"_genesis_hide_title":false,"_genesis_hide_breadcrumbs":false,"_genesis_hide_singular_image":false,"_genesis_hide_footer_widgets":false,"_genesis_custom_body_class":"","_genesis_custom_post_class":"","_genesis_layout":"","_jetpack_memberships_contains_paid_content":false,"footnotes":""},"categories":[22],"tags":[],"class_list":{"0":"post-32684","1":"post","2":"type-post","3":"status-publish","4":"format-standard","6":"category-brasil","7":"entry","8":"gs-1","9":"gs-odd","10":"gs-even","11":"gs-featured-content-entry"},"jetpack_featured_media_url":"","jetpack_sharing_enabled":true,"jetpack_likes_enabled":true,"_links":{"self":[{"href":"https:\/\/www.redenoticia.com.br\/noticia\/wp-json\/wp\/v2\/posts\/32684","targetHints":{"allow":["GET"]}}],"collection":[{"href":"https:\/\/www.redenoticia.com.br\/noticia\/wp-json\/wp\/v2\/posts"}],"about":[{"href":"https:\/\/www.redenoticia.com.br\/noticia\/wp-json\/wp\/v2\/types\/post"}],"author":[{"embeddable":true,"href":"https:\/\/www.redenoticia.com.br\/noticia\/wp-json\/wp\/v2\/users\/3"}],"replies":[{"embeddable":true,"href":"https:\/\/www.redenoticia.com.br\/noticia\/wp-json\/wp\/v2\/comments?post=32684"}],"version-history":[{"count":0,"href":"https:\/\/www.redenoticia.com.br\/noticia\/wp-json\/wp\/v2\/posts\/32684\/revisions"}],"wp:attachment":[{"href":"https:\/\/www.redenoticia.com.br\/noticia\/wp-json\/wp\/v2\/media?parent=32684"}],"wp:term":[{"taxonomy":"category","embeddable":true,"href":"https:\/\/www.redenoticia.com.br\/noticia\/wp-json\/wp\/v2\/categories?post=32684"},{"taxonomy":"post_tag","embeddable":true,"href":"https:\/\/www.redenoticia.com.br\/noticia\/wp-json\/wp\/v2\/tags?post=32684"}],"curies":[{"name":"wp","href":"https:\/\/api.w.org\/{rel}","templated":true}]}}