{"id":32680,"date":"2010-12-06T11:33:10","date_gmt":"2010-12-06T15:33:10","guid":{"rendered":"http:\/\/www.redenoticia.com.br\/noticia\/?p=32680"},"modified":"2010-12-06T11:33:10","modified_gmt":"2010-12-06T15:33:10","slug":"prouni-inscricao-das-instituicoes-de-educacao-superior","status":"publish","type":"post","link":"https:\/\/www.redenoticia.com.br\/noticia\/2010\/prouni-inscricao-das-instituicoes-de-educacao-superior\/32680","title":{"rendered":"ProUni &#8211; inscri\u00e7\u00e3o das institui\u00e7\u00f5es de educa\u00e7\u00e3o superior"},"content":{"rendered":"<div><strong><em><img loading=\"lazy\" decoding=\"async\" class=\"alignleft size-full wp-image-23011\" title=\"prouni resultado inscricao\" src=\"https:\/\/www.redenoticia.com.br\/noticia\/imagens\/prouni-inscricao.jpg\" alt=\"\" width=\"300\" height=\"193\" srcset=\"https:\/\/www.redenoticia.com.br\/noticia\/imagens\/prouni-inscricao.jpg 300w, https:\/\/www.redenoticia.com.br\/noticia\/imagens\/prouni-inscricao-250x160.jpg 250w, https:\/\/www.redenoticia.com.br\/noticia\/imagens\/prouni-inscricao-150x96.jpg 150w\" sizes=\"auto, (max-width: 300px) 100vw, 300px\" \/>ProUni<\/em><\/strong> &#8211; as institui\u00e7\u00f5es de educa\u00e7\u00e3o superior interessadas em  participar do processo seletivo do primeiro semestre de 2011 do Programa  Universidade para Todos (ProUni) devem fazer a ades\u00e3o a partir desta  segunda-feira, 6. O prazo vai at\u00e9 o dia 22 e vale tamb\u00e9m para as institui\u00e7\u00f5es  que j\u00e1 participam do programa e pretendam renovar o termo de  ades\u00e3o.<\/div>\n<div>\nCriado em 2005, o ProUni oferece bolsas de estudos integrais e  parciais\u00a0 a estudantes em institui\u00e7\u00f5es particulares de educa\u00e7\u00e3o superior. Podem  se candidatar \u00e0s bolsas integrais estudantes com renda familiar, por pessoa, de  at\u00e9 um sal\u00e1rio m\u00ednimo e meio. As bolsas parciais s\u00e3o destinadas a candidatos com  renda familiar de at\u00e9 tr\u00eas sal\u00e1rios m\u00ednimos por pessoa. Al\u00e9m de ter feito o  Exame Nacional do Ensino M\u00e9dio (Enem), o candidato deve ter cursado todo o  ensino m\u00e9dio em escola p\u00fablica ou, em caso de escola particular, ter cursado na  condi\u00e7\u00e3o de bolsista integral.<\/p>\n<p>Professores da rede p\u00fablica de ensino  b\u00e1sico que concorrem a bolsa em curso de licenciatura, normal superior ou  pedagogia n\u00e3o precisam cumprir o crit\u00e9rio de renda, desde que estejam em efetivo  exerc\u00edcio e integrem o quadro permanente da escola. Desde o in\u00edcio do programa,  foram conferidas 748 mil bolsas a estudantes.<\/p>\n<p>A ades\u00e3o ao ProUni deve ser  precedida de consulta ao Cadastro Informativo de Cr\u00e9ditos n\u00e3o Quitados do Setor  P\u00fablico Federal (Cadin). Portanto, as mantenedoras de institui\u00e7\u00f5es de educa\u00e7\u00e3o  superior que ainda n\u00e3o participam do programa precisam fazer o registro  espec\u00edfico no sistema informatizado Sisprouni at\u00e9 o dia 16.<\/p>\n<p>A <a href=\"http:\/\/portal.mec.gov.br\/index.php?option=com_docman&amp;task=doc_download&amp;gid=7195&amp;Itemid=\" target=\"_blank\">Portaria Normativa n\u00ba 2<\/a>4, do Minist\u00e9rio da Educa\u00e7\u00e3o, define as  normas de ades\u00e3o, que deve ser feita no <a href=\"http:\/\/prouni.mec.gov.br\/prouni2006\/login\/default.asp\" target=\"_blank\">Sisprouni<\/a>.<\/p>\n<p>Assessoria de Imprensa da Sesu<\/p><\/div>\n","protected":false},"excerpt":{"rendered":"<p>ProUni &#8211; as institui\u00e7\u00f5es de educa\u00e7\u00e3o superior interessadas em participar do processo seletivo do primeiro semestre de 2011 do Programa Universidade para Todos (ProUni) devem fazer a ades\u00e3o a partir desta segunda-feira, 6. O prazo vai at\u00e9 o dia 22 e vale tamb\u00e9m para as institui\u00e7\u00f5es que j\u00e1 participam do programa e pretendam renovar o [&hellip;]<\/p>\n","protected":false},"author":3,"featured_media":23011,"comment_status":"open","ping_status":"open","sticky":false,"template":"","format":"standard","meta":{"_genesis_hide_title":false,"_genesis_hide_breadcrumbs":false,"_genesis_hide_singular_image":false,"_genesis_hide_footer_widgets":false,"_genesis_custom_body_class":"","_genesis_custom_post_class":"","_genesis_layout":"","_jetpack_memberships_contains_paid_content":false,"footnotes":""},"categories":[22],"tags":[],"class_list":{"0":"post-32680","1":"post","2":"type-post","3":"status-publish","4":"format-standard","5":"has-post-thumbnail","7":"category-brasil","8":"entry","9":"gs-1","10":"gs-odd","11":"gs-even","12":"gs-featured-content-entry"},"jetpack_featured_media_url":"https:\/\/www.redenoticia.com.br\/noticia\/imagens\/prouni-inscricao.jpg","jetpack_sharing_enabled":true,"jetpack_likes_enabled":true,"_links":{"self":[{"href":"https:\/\/www.redenoticia.com.br\/noticia\/wp-json\/wp\/v2\/posts\/32680","targetHints":{"allow":["GET"]}}],"collection":[{"href":"https:\/\/www.redenoticia.com.br\/noticia\/wp-json\/wp\/v2\/posts"}],"about":[{"href":"https:\/\/www.redenoticia.com.br\/noticia\/wp-json\/wp\/v2\/types\/post"}],"author":[{"embeddable":true,"href":"https:\/\/www.redenoticia.com.br\/noticia\/wp-json\/wp\/v2\/users\/3"}],"replies":[{"embeddable":true,"href":"https:\/\/www.redenoticia.com.br\/noticia\/wp-json\/wp\/v2\/comments?post=32680"}],"version-history":[{"count":0,"href":"https:\/\/www.redenoticia.com.br\/noticia\/wp-json\/wp\/v2\/posts\/32680\/revisions"}],"wp:featuredmedia":[{"embeddable":true,"href":"https:\/\/www.redenoticia.com.br\/noticia\/wp-json\/wp\/v2\/media\/23011"}],"wp:attachment":[{"href":"https:\/\/www.redenoticia.com.br\/noticia\/wp-json\/wp\/v2\/media?parent=32680"}],"wp:term":[{"taxonomy":"category","embeddable":true,"href":"https:\/\/www.redenoticia.com.br\/noticia\/wp-json\/wp\/v2\/categories?post=32680"},{"taxonomy":"post_tag","embeddable":true,"href":"https:\/\/www.redenoticia.com.br\/noticia\/wp-json\/wp\/v2\/tags?post=32680"}],"curies":[{"name":"wp","href":"https:\/\/api.w.org\/{rel}","templated":true}]}}