{"id":32677,"date":"2010-12-05T20:47:10","date_gmt":"2010-12-06T00:47:10","guid":{"rendered":"http:\/\/www.redenoticia.com.br\/noticia\/?p=32677"},"modified":"2010-12-06T13:42:03","modified_gmt":"2010-12-06T17:42:03","slug":"meteorologia-%e2%80%93-previsao-do-tempo-para-esta-segunda-feira-0612","status":"publish","type":"post","link":"https:\/\/www.redenoticia.com.br\/noticia\/2010\/meteorologia-%e2%80%93-previsao-do-tempo-para-esta-segunda-feira-0612\/32677","title":{"rendered":"Meteorologia \u2013 previs\u00e3o do tempo para esta segunda-feira 06\/12"},"content":{"rendered":"<p><img loading=\"lazy\" decoding=\"async\" class=\"alignleft size-full wp-image-28409\" title=\"previsao do tempo e temperatura\" src=\"https:\/\/www.redenoticia.com.br\/noticia\/imagens\/previsao-do-tempo-e-temperatura.jpg\" alt=\"\" width=\"300\" height=\"193\" srcset=\"https:\/\/www.redenoticia.com.br\/noticia\/imagens\/previsao-do-tempo-e-temperatura.jpg 300w, https:\/\/www.redenoticia.com.br\/noticia\/imagens\/previsao-do-tempo-e-temperatura-250x160.jpg 250w, https:\/\/www.redenoticia.com.br\/noticia\/imagens\/previsao-do-tempo-e-temperatura-150x96.jpg 150w\" sizes=\"auto, (max-width: 300px) 100vw, 300px\" \/>Previs\u00e3o do tempo \u2013 a <strong><em>meteorologia<\/em><\/strong> divulgou a <strong><em>previs\u00e3o do tempo<\/em><\/strong> e <strong><em>temperatura<\/em><\/strong> para segunda-feira (06\/12)\u00a0e informa que haver\u00e1 pancadas de chuva no Vale do Para\u00edba.\u00a0Segundo a previs\u00e3o do tempo haver\u00e1 sol entre poucas nuvens e com possibilidade de pancadas de chuva na maior parte do Nordeste.\u00a0Dados da previs\u00e3o do tempo indicam muitas nuvens e chuva intensa a qualquer hora no sul de SP.\u00a0A previs\u00e3o do tempo destaca fortes pancadas de chuva em alguns Estados da Regi\u00e3o Norte.<\/p>\n<p>Vale do Para\u00edba \u2013 previs\u00e3o do tempo em 06\/12 &#8211; o tempo ficar\u00e1 nublado com pancadas de chuva na regi\u00e3o. A temperatura m\u00e1xima sofrer\u00e1 leve decl\u00ednio. Localmente poder\u00e1 ocorrer acumulado significativo de chuva.<\/p>\n<p>Regi\u00e3o Centro-Oeste \u2013 previs\u00e3o do tempo em 06\/12\/2010: No sul de GO e no sudoeste de MT: sol com varia\u00e7\u00e3o de nuvens e pancadas de chuva. nublado com fortes pancadas de chuva. No oeste de MT: sol com varia\u00e7\u00e3o de nuvens e possibilidade de pancadas de chuva. Nas demais \u00e1reas da Regi\u00e3o: nublado com fortes pancadas de chuva. Temperaturas est\u00e1veis. Temperatura m\u00e1xima: 36C no norte do MT. Temperatura m\u00ednima: 18C no leste de GO e no DF.<\/p>\n<p>Regi\u00e3o Nordeste \u2013 previs\u00e3o do tempo em 06\/12\/2010: Na maior parte do MA e do PI e no oeste e norte da BA: sol entre nebulosidade vari\u00e1vel e com pancadas de chuva isolada. No leste do Regi\u00e3o, no RN e no nordeste de CE: sol e poucas nuvens. Nas demais \u00e1reas da Regi\u00e3o: sol entre poucas nuvens e com possibilidade de pancadas de chuva. Temperaturas elevadas. Temperatura m\u00e1xima: 38C no norte do PI. Temperatura m\u00ednima: 17C no sudoeste da BA.<\/p>\n<p>Regi\u00e3o Norte \u2013 previs\u00e3o do tempo em 06\/12\/2010: No AC, no nordeste do PA, no centro-sudeste do AP e no sudoeste de RO: sol entre pouca nebulosidade e possibilidade de pancadas de chuva. No sudoeste do PA, leste de RO, no TO e no sul do PA: muitas nuvens e fortes pancadas de chuva. Nas demais \u00e1reas da Regi\u00e3o: sol entre nebulosidade vari\u00e1vel e com pancadas de chuva. Em alguns pontos poder\u00e1 ser forte. Temperatura est\u00e1veis. Temperatura m\u00e1xima: 37C no norte do PA. Temperatura m\u00ednima: 17C no sudeste do TO.<\/p>\n<p>Regi\u00e3o Sudeste \u2013 previs\u00e3o do tempo em 06\/12\/2010: No nordeste do ES: sol com varia\u00e7\u00e3o de nuvens. Nas demais \u00e1reas do ES: sol entre nebulosidade vari\u00e1vel e com possibilidade de pancadas de chuva \u00e0 tarde. No nordeste de MG: sol entre nebulosidade vari\u00e1vel e com possibilidade de pancadas de chuva. No sul de SP, em capital paulista: muitas nuvens e chuva intensa a qualquer hora. No nordeste de SP, no Vale do Para\u00edba, no RJ e no centro-oeste de MG: nublado com fortes pancadas de chuva. Nas demais \u00e1reas da Regi\u00e3o: sol com varia\u00e7\u00e3o de nuvens e pancadas de chuva isolada. Temperaturas em decl\u00ednio no leste de SP. Temperatura m\u00e1xima: 34C no oeste da Regi\u00e3o. Temperatura m\u00ednima: 14C na Serra da Mantiqueira.<\/p>\n<p>Regi\u00e3o Sul \u2013 previs\u00e3o do tempo em 06\/12\/2010: No sudoeste do RS: predom\u00ednio de sol. No centro-leste do RS: sol e varia\u00e7\u00e3o de nuvens. No nordeste do RS e no sudeste e leste de SC: nublado com chuva isolada. No extremo nordeste de SC e no leste do PR: nublado com chuva a qualquer hora. Nas demais \u00e1reas da Regi\u00e3o: sol entre nebulosidade vari\u00e1vel e com fortes pancadas de chuva. Temperaturas amenas no leste do PR e de SC. Temperatura m\u00e1xima: 31C no oeste do RS. Temperatura m\u00ednima: 18C no leste ga\u00facho.<\/p>\n<p>Previs\u00e3o do tempo e temperatura CPTEC<\/p>\n","protected":false},"excerpt":{"rendered":"<p>Previs\u00e3o do tempo \u2013 a meteorologia divulgou a previs\u00e3o do tempo e temperatura para segunda-feira (06\/12)\u00a0e informa que haver\u00e1 pancadas de chuva no Vale do Para\u00edba.\u00a0Segundo a previs\u00e3o do tempo haver\u00e1 sol entre poucas nuvens e com possibilidade de pancadas de chuva na maior parte do Nordeste.\u00a0Dados da previs\u00e3o do tempo indicam muitas nuvens e [&hellip;]<\/p>\n","protected":false},"author":3,"featured_media":28409,"comment_status":"open","ping_status":"open","sticky":false,"template":"","format":"standard","meta":{"_genesis_hide_title":false,"_genesis_hide_breadcrumbs":false,"_genesis_hide_singular_image":false,"_genesis_hide_footer_widgets":false,"_genesis_custom_body_class":"","_genesis_custom_post_class":"","_genesis_layout":"","_jetpack_memberships_contains_paid_content":false,"footnotes":""},"categories":[22],"tags":[],"class_list":{"0":"post-32677","1":"post","2":"type-post","3":"status-publish","4":"format-standard","5":"has-post-thumbnail","7":"category-brasil","8":"entry","9":"gs-1","10":"gs-odd","11":"gs-even","12":"gs-featured-content-entry"},"jetpack_featured_media_url":"https:\/\/www.redenoticia.com.br\/noticia\/imagens\/previsao-do-tempo-e-temperatura.jpg","jetpack_sharing_enabled":true,"jetpack_likes_enabled":true,"_links":{"self":[{"href":"https:\/\/www.redenoticia.com.br\/noticia\/wp-json\/wp\/v2\/posts\/32677","targetHints":{"allow":["GET"]}}],"collection":[{"href":"https:\/\/www.redenoticia.com.br\/noticia\/wp-json\/wp\/v2\/posts"}],"about":[{"href":"https:\/\/www.redenoticia.com.br\/noticia\/wp-json\/wp\/v2\/types\/post"}],"author":[{"embeddable":true,"href":"https:\/\/www.redenoticia.com.br\/noticia\/wp-json\/wp\/v2\/users\/3"}],"replies":[{"embeddable":true,"href":"https:\/\/www.redenoticia.com.br\/noticia\/wp-json\/wp\/v2\/comments?post=32677"}],"version-history":[{"count":0,"href":"https:\/\/www.redenoticia.com.br\/noticia\/wp-json\/wp\/v2\/posts\/32677\/revisions"}],"wp:featuredmedia":[{"embeddable":true,"href":"https:\/\/www.redenoticia.com.br\/noticia\/wp-json\/wp\/v2\/media\/28409"}],"wp:attachment":[{"href":"https:\/\/www.redenoticia.com.br\/noticia\/wp-json\/wp\/v2\/media?parent=32677"}],"wp:term":[{"taxonomy":"category","embeddable":true,"href":"https:\/\/www.redenoticia.com.br\/noticia\/wp-json\/wp\/v2\/categories?post=32677"},{"taxonomy":"post_tag","embeddable":true,"href":"https:\/\/www.redenoticia.com.br\/noticia\/wp-json\/wp\/v2\/tags?post=32677"}],"curies":[{"name":"wp","href":"https:\/\/api.w.org\/{rel}","templated":true}]}}