{"id":32673,"date":"2010-12-04T18:41:48","date_gmt":"2010-12-04T22:41:48","guid":{"rendered":"http:\/\/www.redenoticia.com.br\/noticia\/?p=32673"},"modified":"2010-12-05T12:01:35","modified_gmt":"2010-12-05T16:01:35","slug":"meteorologia-%e2%80%93-previsao-do-tempo-para-este-domingo-0512","status":"publish","type":"post","link":"https:\/\/www.redenoticia.com.br\/noticia\/2010\/meteorologia-%e2%80%93-previsao-do-tempo-para-este-domingo-0512\/32673","title":{"rendered":"Meteorologia \u2013 previs\u00e3o do tempo para este domingo 05\/12"},"content":{"rendered":"<p><img loading=\"lazy\" decoding=\"async\" class=\"alignleft size-full wp-image-28409\" title=\"previsao do tempo e temperatura\" src=\"https:\/\/www.redenoticia.com.br\/noticia\/imagens\/previsao-do-tempo-e-temperatura.jpg\" alt=\"\" width=\"300\" height=\"193\" srcset=\"https:\/\/www.redenoticia.com.br\/noticia\/imagens\/previsao-do-tempo-e-temperatura.jpg 300w, https:\/\/www.redenoticia.com.br\/noticia\/imagens\/previsao-do-tempo-e-temperatura-250x160.jpg 250w, https:\/\/www.redenoticia.com.br\/noticia\/imagens\/previsao-do-tempo-e-temperatura-150x96.jpg 150w\" sizes=\"auto, (max-width: 300px) 100vw, 300px\" \/><\/p>\n<p>Previs\u00e3o do tempo \u2013 a <strong><em>meteorologia<\/em><\/strong> divulgou a<strong><em> previs\u00e3o do tempo<\/em><\/strong> e <strong><em>temperatura <\/em><\/strong>para domingo (04\/12) e informa que ser\u00e1 mais um dia com a presen\u00e7a de \u00e1reas de instabilidade que provocar\u00e3o chuvas em grande parte do Brasil. As chuvas fortes acompanhadas de raios, rajadas de vento continuar\u00e3o ocorrendo em \u00e1reas dos Estados do Sul, do Sudeste, do Centro-Oeste e do Norte do Brasil. Segundo a previs\u00e3o do tempo a popula\u00e7\u00e3o dever\u00e1 ficar a tente pois as chuvas poder\u00e3o trazer transtornos, principalmente nas localidades de maior vulnerabilidade como \u00e1reas de encostas, \u00e1reas de baixadas pr\u00f3ximas a c\u00f3rregos e rios. Dados da previs\u00e3o do tempo indicam que as pancadas de chuva tamb\u00e9m atingir\u00e3o tamb\u00e9m o PI, o MA e de forma mais localizada no oeste da BA. A previs\u00e3o do tempo destaca que na faixa leste da Regi\u00e3o Nordeste a nebulosidade estar\u00e1 vari\u00e1vel e o dia ser\u00e1 de muito calor.<\/p>\n<p>Vale do Para\u00edba \u2013 previs\u00e3o do tempo em 05\/12, a nebulosidade estar\u00e1 vari\u00e1vel e ocorrer\u00e1 pancadas de chuva principalmente a partir da tarde. Neste dia, haver\u00e1 condi\u00e7\u00f5es para temporais na regi\u00e3o. A temperatura m\u00e1xima sofrer\u00e1 ligeiro decl\u00ednio.<\/p>\n<p>Regi\u00e3o Centro-Oeste \u2013 previs\u00e3o do tempo em 05\/12\/2010: No sudoeste e sul de MS: nublado e pancadas de chuva. Nas demais \u00e1reas da Regi\u00e3o: sol com varia\u00e7\u00e3o de nuvens e pancadas de chuva. No sudeste de GO e nordeste de MS as pancadas ser\u00e3o principalmente \u00e0 tarde. Temperaturas est\u00e1veis. Temperatura m\u00e1xima: 36C no norte do MT. Temperatura m\u00ednima: 18C no leste de GO e no DF.<\/p>\n<p>Regi\u00e3o Nordeste \u2013 previs\u00e3o do tempo em 05\/12\/2010: No oeste da BA, em grande parte do PI e no MA: sol entre nebulosidade vari\u00e1vel e com pancadas de chuva isolada. No centro-sudoeste da BA: sol entre poucas nuvens e pancadas de chuva \u00e0 tarde. No norte da BA, leste de PE, no sul do CE e no oeste da PB e de PE: sol com varia\u00e7\u00e3o de nuvens e possibilidade de chuva. Nas demais \u00e1reas da Regi\u00e3o: sol e poucas nuvens. Temperaturas elevadas. Temperatura m\u00e1xima: 38C no norte do PI. Temperatura m\u00ednima: 17C no sudoeste da BA.<\/p>\n<p>Regi\u00e3o Norte \u2013 previs\u00e3o do tempo em 05\/12\/2010: No centro-norte e leste do AM, em RR, no noroeste do AP e no oeste do PA: nublado com fortes pancadas de chuva isolada. Em todas as \u00e1reas da Regi\u00e3o: sol entre nebulosidade vari\u00e1vel e com pancadas de chuva. Em alguns pontos poder\u00e1 ser forte. Temperatura est\u00e1veis. Temperatura m\u00e1xima: 37C no norte do PA. Temperatura m\u00ednima: 17C no sudeste do TO.<\/p>\n<p>Regi\u00e3o Sudeste \u2013 previs\u00e3o do tempo em 05\/12\/2010: No sudoeste de SP: muitas nuvens e pancadas de chuva a qualquer hora. No nordeste do ES: sol e poucas nuvens. No leste do ES: sol entre poucas nuvens e uma pequena chance de pancadas de chuva. No oeste de SP e de MG: sol com varia\u00e7\u00e3o de nuvens e pancadas de chuva. Em alguns pontos poder\u00e1 chover forte. Nas demais \u00e1reas da Regi\u00e3o: sol com nebulosidade vari\u00e1vel e com fortes pancadas de chuva \u00e0 tarde. Temperaturas est\u00e1veis. Temperatura m\u00e1xima: 34C no oeste da Regi\u00e3o. Temperatura m\u00ednima: 14C na Serra da Mantiqueira.<\/p>\n<p>Regi\u00e3o Sul \u2013 previs\u00e3o do tempo em 05\/12\/2010: No sul do RS: dia nublado. No centro-oeste e leste do RS: nublado com chuva intensa a qualquer hora. Nas demais \u00e1reas da Regi\u00e3o: muitas nuvens e pancadas de chuva. Em alguns pontos poder\u00e1 chover forte. Temperaturas m\u00e1ximas amenas no leste do PR e de SC. Temperatura m\u00e1xima: 34C no oeste do RS. Temperatura m\u00ednima: 14C no sudoeste ga\u00facho.<\/p>\n<p>Previs\u00e3o do tempo e temperatura CPTEC<span id=\"_marker\">\u00a0<\/span><\/p>\n","protected":false},"excerpt":{"rendered":"<p>Previs\u00e3o do tempo \u2013 a meteorologia divulgou a previs\u00e3o do tempo e temperatura para domingo (04\/12) e informa que ser\u00e1 mais um dia com a presen\u00e7a de \u00e1reas de instabilidade que provocar\u00e3o chuvas em grande parte do Brasil. As chuvas fortes acompanhadas de raios, rajadas de vento continuar\u00e3o ocorrendo em \u00e1reas dos Estados do Sul, [&hellip;]<\/p>\n","protected":false},"author":3,"featured_media":28409,"comment_status":"open","ping_status":"open","sticky":false,"template":"","format":"standard","meta":{"_genesis_hide_title":false,"_genesis_hide_breadcrumbs":false,"_genesis_hide_singular_image":false,"_genesis_hide_footer_widgets":false,"_genesis_custom_body_class":"","_genesis_custom_post_class":"","_genesis_layout":"","_jetpack_memberships_contains_paid_content":false,"footnotes":""},"categories":[22],"tags":[],"class_list":{"0":"post-32673","1":"post","2":"type-post","3":"status-publish","4":"format-standard","5":"has-post-thumbnail","7":"category-brasil","8":"entry","9":"gs-1","10":"gs-odd","11":"gs-even","12":"gs-featured-content-entry"},"jetpack_featured_media_url":"https:\/\/www.redenoticia.com.br\/noticia\/imagens\/previsao-do-tempo-e-temperatura.jpg","jetpack_sharing_enabled":true,"jetpack_likes_enabled":true,"_links":{"self":[{"href":"https:\/\/www.redenoticia.com.br\/noticia\/wp-json\/wp\/v2\/posts\/32673","targetHints":{"allow":["GET"]}}],"collection":[{"href":"https:\/\/www.redenoticia.com.br\/noticia\/wp-json\/wp\/v2\/posts"}],"about":[{"href":"https:\/\/www.redenoticia.com.br\/noticia\/wp-json\/wp\/v2\/types\/post"}],"author":[{"embeddable":true,"href":"https:\/\/www.redenoticia.com.br\/noticia\/wp-json\/wp\/v2\/users\/3"}],"replies":[{"embeddable":true,"href":"https:\/\/www.redenoticia.com.br\/noticia\/wp-json\/wp\/v2\/comments?post=32673"}],"version-history":[{"count":0,"href":"https:\/\/www.redenoticia.com.br\/noticia\/wp-json\/wp\/v2\/posts\/32673\/revisions"}],"wp:featuredmedia":[{"embeddable":true,"href":"https:\/\/www.redenoticia.com.br\/noticia\/wp-json\/wp\/v2\/media\/28409"}],"wp:attachment":[{"href":"https:\/\/www.redenoticia.com.br\/noticia\/wp-json\/wp\/v2\/media?parent=32673"}],"wp:term":[{"taxonomy":"category","embeddable":true,"href":"https:\/\/www.redenoticia.com.br\/noticia\/wp-json\/wp\/v2\/categories?post=32673"},{"taxonomy":"post_tag","embeddable":true,"href":"https:\/\/www.redenoticia.com.br\/noticia\/wp-json\/wp\/v2\/tags?post=32673"}],"curies":[{"name":"wp","href":"https:\/\/api.w.org\/{rel}","templated":true}]}}