{"id":32647,"date":"2010-12-02T16:09:15","date_gmt":"2010-12-02T20:09:15","guid":{"rendered":"http:\/\/www.redenoticia.com.br\/noticia\/?p=32647"},"modified":"2010-12-03T13:21:07","modified_gmt":"2010-12-03T17:21:07","slug":"meteorologia-%e2%80%93-previsao-do-tempo-para-sexta-feira-0312","status":"publish","type":"post","link":"https:\/\/www.redenoticia.com.br\/noticia\/2010\/meteorologia-%e2%80%93-previsao-do-tempo-para-sexta-feira-0312\/32647","title":{"rendered":"Meteorologia \u2013 previs\u00e3o do tempo para sexta-feira 03\/12"},"content":{"rendered":"<p><strong><em><img loading=\"lazy\" decoding=\"async\" class=\"alignleft size-full wp-image-28409\" title=\"previsao do tempo e temperatura\" src=\"https:\/\/www.redenoticia.com.br\/noticia\/imagens\/previsao-do-tempo-e-temperatura.jpg\" alt=\"\" width=\"300\" height=\"193\" srcset=\"https:\/\/www.redenoticia.com.br\/noticia\/imagens\/previsao-do-tempo-e-temperatura.jpg 300w, https:\/\/www.redenoticia.com.br\/noticia\/imagens\/previsao-do-tempo-e-temperatura-250x160.jpg 250w, https:\/\/www.redenoticia.com.br\/noticia\/imagens\/previsao-do-tempo-e-temperatura-150x96.jpg 150w\" sizes=\"auto, (max-width: 300px) 100vw, 300px\" \/>Previs\u00e3o do tempo<\/em><\/strong> \u2013 a\u00a0meteorologia\u00a0divulgou a previs\u00e3o do tempo\u00a0e\u00a0temperatura\u00a0para esta sexta-feira (03\/12) e informa que ocorrer\u00e3o pancadas de chuva em grande parte do pa\u00eds. Segundo a previs\u00e3o do tempo as pancadas de chuva\u00a0localmente poder\u00e3o ser fortes. Dados da previs\u00e3o do tempo indicam que na maior parte do Nordeste (exceto o norte e oeste do MA), no norte do PA, extremo oeste do AP e no sul do RS o sol aparecer\u00e1 entre nuvens. A previs\u00e3o do tempo destaca que no leste do RS as pancadas ser\u00e3o principalmente pela manh\u00e3.<\/p>\n<p>Vale do Para\u00edba \u2013 previs\u00e3o do tempo em 03\/12 &#8211; haver\u00e1 muitas nuvens e pancadas de chuva em toda a regi\u00e3o. As temperaturas n\u00e3o ter\u00e3o mudan\u00e7as significativas.<\/p>\n<p>Regi\u00e3o Centro-Oeste \u2013 previs\u00e3o do tempo em 03\/12\/2010: No nordeste de GO: sol e poucas nuvens. No extremo oeste e sul do MT e sul de GO e no MS: nublado e pancadas de chuva. Nas demais \u00e1reas da Regi\u00e3o: sol, varia\u00e7\u00e3o de nuvens e fortes pancadas de chuva. As temperaturas estar\u00e3o est\u00e1veis. Temperatura m\u00e1xima: 34C no norte do MT. Temperatura m\u00ednima: 18C no DF.<\/p>\n<p>Regi\u00e3o Nordeste \u2013 previs\u00e3o do tempo em 03\/12\/2010: No norte do MA: sol com varia\u00e7\u00e3o de nuvens e pancadas de chuva \u00e0 tarde. No oeste do MA: sol entre nebulosidade vari\u00e1vel e com pancadas de chuva a qualquer hora. No leste da BA: sol e varia\u00e7\u00e3o de nuvens. Nas demais \u00e1reas da Regi\u00e3o: sol e poucas nuvens. Temperaturas elevadas. Temperatura m\u00e1xima: 38C no norte do PI. Temperatura m\u00ednima: 17C no sudoeste da BA.<\/p>\n<p>Regi\u00e3o Norte \u2013 previs\u00e3o do tempo em 03\/12\/2010: No nordeste do PA: sol entre nebulosidade vari\u00e1vel e com pancadas de chuva \u00e0 tarde. No noroeste do PA, no oeste do AP e no centro-leste do TO: sol entre nebulosidade vari\u00e1vel. No AC, em RO e no oeste do AM: nublado com fortes pancadas de chuva isolada. Nas demais \u00e1reas da Regi\u00e3o: sol entre nebulosidade vari\u00e1vel e com pancadas de chuva isolada. Em alguns pontos poder\u00e1 chover forte. Temperatura est\u00e1veis. Temperatura m\u00e1xima: 37C no norte do PA. Temperatura m\u00ednima: 18C no sudeste do TO.<\/p>\n<p>Regi\u00e3o Sudeste \u2013 previs\u00e3o do tempo em 03\/12\/2010: Na faixa centro-oeste e extremo leste de MG, sul do ES e norte do RJ: sol com varia\u00e7\u00e3o de nuvens e pancadas de chuva. No norte e nordeste de MG e centro-norte do ES: sol e poucas nuvens. Nas demais \u00e1reas da Regi\u00e3o: nublado e pancadas de chuva. As temperaturas estar\u00e3o est\u00e1veis. Temperatura m\u00e1xima: 30C no norte do RJ. Temperatura m\u00ednima: 15C na Serra da Mantiqueira.<\/p>\n<p>Regi\u00e3o Sul \u2013 previs\u00e3o do tempo em 03\/12\/2010: No centro-sudoeste do RS: sol e varia\u00e7\u00e3o de nuvens. Nas demais \u00e1reas da Regi\u00e3o: sol com varia\u00e7\u00e3o de nuvens e pancadas de chuva localmente fortes. Essas pancadas ocorrer\u00e3o pela manh\u00e3 no leste do RS. As temperaturas estar\u00e3o est\u00e1veis. Temperatura m\u00e1xima: 34C no centro-oeste do RS. Temperatura m\u00ednima: 16C nas serras ga\u00fachas e catarinenses.<\/p>\n<p>Previs\u00e3o do tempo e temperatura CPTEC<\/p>\n","protected":false},"excerpt":{"rendered":"<p>Previs\u00e3o do tempo \u2013 a\u00a0meteorologia\u00a0divulgou a previs\u00e3o do tempo\u00a0e\u00a0temperatura\u00a0para esta sexta-feira (03\/12) e informa que ocorrer\u00e3o pancadas de chuva em grande parte do pa\u00eds. Segundo a previs\u00e3o do tempo as pancadas de chuva\u00a0localmente poder\u00e3o ser fortes. Dados da previs\u00e3o do tempo indicam que na maior parte do Nordeste (exceto o norte e oeste do MA), [&hellip;]<\/p>\n","protected":false},"author":3,"featured_media":28409,"comment_status":"open","ping_status":"open","sticky":false,"template":"","format":"standard","meta":{"_genesis_hide_title":false,"_genesis_hide_breadcrumbs":false,"_genesis_hide_singular_image":false,"_genesis_hide_footer_widgets":false,"_genesis_custom_body_class":"","_genesis_custom_post_class":"","_genesis_layout":"","_jetpack_memberships_contains_paid_content":false,"footnotes":""},"categories":[22],"tags":[],"class_list":{"0":"post-32647","1":"post","2":"type-post","3":"status-publish","4":"format-standard","5":"has-post-thumbnail","7":"category-brasil","8":"entry","9":"gs-1","10":"gs-odd","11":"gs-even","12":"gs-featured-content-entry"},"jetpack_featured_media_url":"https:\/\/www.redenoticia.com.br\/noticia\/imagens\/previsao-do-tempo-e-temperatura.jpg","jetpack_sharing_enabled":true,"jetpack_likes_enabled":true,"_links":{"self":[{"href":"https:\/\/www.redenoticia.com.br\/noticia\/wp-json\/wp\/v2\/posts\/32647","targetHints":{"allow":["GET"]}}],"collection":[{"href":"https:\/\/www.redenoticia.com.br\/noticia\/wp-json\/wp\/v2\/posts"}],"about":[{"href":"https:\/\/www.redenoticia.com.br\/noticia\/wp-json\/wp\/v2\/types\/post"}],"author":[{"embeddable":true,"href":"https:\/\/www.redenoticia.com.br\/noticia\/wp-json\/wp\/v2\/users\/3"}],"replies":[{"embeddable":true,"href":"https:\/\/www.redenoticia.com.br\/noticia\/wp-json\/wp\/v2\/comments?post=32647"}],"version-history":[{"count":0,"href":"https:\/\/www.redenoticia.com.br\/noticia\/wp-json\/wp\/v2\/posts\/32647\/revisions"}],"wp:featuredmedia":[{"embeddable":true,"href":"https:\/\/www.redenoticia.com.br\/noticia\/wp-json\/wp\/v2\/media\/28409"}],"wp:attachment":[{"href":"https:\/\/www.redenoticia.com.br\/noticia\/wp-json\/wp\/v2\/media?parent=32647"}],"wp:term":[{"taxonomy":"category","embeddable":true,"href":"https:\/\/www.redenoticia.com.br\/noticia\/wp-json\/wp\/v2\/categories?post=32647"},{"taxonomy":"post_tag","embeddable":true,"href":"https:\/\/www.redenoticia.com.br\/noticia\/wp-json\/wp\/v2\/tags?post=32647"}],"curies":[{"name":"wp","href":"https:\/\/api.w.org\/{rel}","templated":true}]}}