{"id":32639,"date":"2010-12-02T10:35:53","date_gmt":"2010-12-02T14:35:53","guid":{"rendered":"http:\/\/www.redenoticia.com.br\/noticia\/?p=32639"},"modified":"2010-12-02T10:35:53","modified_gmt":"2010-12-02T14:35:53","slug":"peneira-de-voleibol-feminino-temporada-2011","status":"publish","type":"post","link":"https:\/\/www.redenoticia.com.br\/noticia\/2010\/peneira-de-voleibol-feminino-temporada-2011\/32639","title":{"rendered":"Peneira de Voleibol Feminino temporada 2011"},"content":{"rendered":"<p>O Programa Bradesco Esportes e Educa\u00e7\u00e3o realizar\u00e1 dia 4 de dezembro, s\u00e1bado,  <strong><em>peneira<\/em><\/strong> para candidatas nascidas entre 1993 e 2000 interessadas em integrar as  equipes de <strong><em>Voleibol Feminino<\/em><\/strong> das categorias Iniciante, Pr\u00e9-Mirim, Mirim,  Infantil e Infanto-Juvenil.<\/p>\n<p>O processo seletivo ocorrer\u00e1 em duas fases, sendo a primeira avalia\u00e7\u00e3o  t\u00e9cnica, dia 4. As aprovadas seguem para a segunda fase, que ser\u00e3o avalia\u00e7\u00f5es  t\u00e1tica, f\u00edsica, nutricional, psicol\u00f3gica e m\u00e9dica, nos dias 5, 6 e 7 de  dezembro. Os resultados ser\u00e3o divulgados imediatamente ap\u00f3s a conclus\u00e3o dos  trabalhos de cada fase e somente aos presentes.<\/p>\n<p>Candidatas de outros estados e cidades (exceto da Grande S\u00e3o Paulo) devem  estar prevenidas com roupas e objetos de uso pessoal, para a realiza\u00e7\u00e3o de mais  tr\u00eas dias de testes, caso passem pela 1a fase. Exclusivamente para estas  candidatas, a ADC Bradesco Esportes arcar\u00e1 com os custos de estadia e  alimenta\u00e7\u00e3o, inclusive do acompanhante.<\/p>\n<p>As candidatas dever\u00e3o comparecer ao Centro de Desenvolvimento Esportivo  Bradesco Esportes e Educa\u00e7\u00e3o munidas da Carteira de Identidade ou da Certid\u00e3o de  Nascimento, acompanhadas com o seu representante legal.<br \/>\n1\u00aa Fase \u2013 Avalia\u00e7\u00e3o  T\u00e9cnica<\/p>\n<p>HOR\u00c1RIOS &#8211; CATEGORIAS &#8211; NASCIMENTO<\/p>\n<p>8h &#8211; Iniciante &#8211; 2000\/1999<br \/>\n9h30 &#8211; Pr\u00e9-Mirim &#8211; 1998<br \/>\n11h &#8211; Mirim &#8211;  1997<br \/>\n12h30 &#8211; Infantil &#8211; 1996\/1995<br \/>\n14h \u00e0s 15h30 &#8211; Infanto-Juvenil &#8211;  1994\/1993<\/p>\n<p>Mais informa\u00e7\u00f5es podem ser obtidas pelo telefone 11 3681 8781, das 8h \u00e0s  18h, ou pelo site<a href=\"http:\/\/www.adcbradesco.com.br\/\" target=\"_blank\"> www.adcbradesco.com.br<\/a>.<\/p>\n<p>Data: 4\/12\/2010 (s\u00e1bado)<br \/>\nLocal: Centro de Desenvolvimento Esportivo  Bradesco Esportes e<br \/>\nEduca\u00e7\u00e3o<br \/>\nEndere\u00e7o: Rua Thomaz Antonio Gonzaga, 251,  Jd. Cipava, Osasco\u2013SP<\/p>\n","protected":false},"excerpt":{"rendered":"<p>O Programa Bradesco Esportes e Educa\u00e7\u00e3o realizar\u00e1 dia 4 de dezembro, s\u00e1bado, peneira para candidatas nascidas entre 1993 e 2000 interessadas em integrar as equipes de Voleibol Feminino das categorias Iniciante, Pr\u00e9-Mirim, Mirim, Infantil e Infanto-Juvenil. O processo seletivo ocorrer\u00e1 em duas fases, sendo a primeira avalia\u00e7\u00e3o t\u00e9cnica, dia 4. As aprovadas seguem para a [&hellip;]<\/p>\n","protected":false},"author":3,"featured_media":0,"comment_status":"open","ping_status":"open","sticky":false,"template":"","format":"standard","meta":{"_genesis_hide_title":false,"_genesis_hide_breadcrumbs":false,"_genesis_hide_singular_image":false,"_genesis_hide_footer_widgets":false,"_genesis_custom_body_class":"","_genesis_custom_post_class":"","_genesis_layout":"","_jetpack_memberships_contains_paid_content":false,"footnotes":""},"categories":[22],"tags":[],"class_list":{"0":"post-32639","1":"post","2":"type-post","3":"status-publish","4":"format-standard","6":"category-brasil","7":"entry","8":"gs-1","9":"gs-odd","10":"gs-even","11":"gs-featured-content-entry"},"jetpack_featured_media_url":"","jetpack_sharing_enabled":true,"jetpack_likes_enabled":true,"_links":{"self":[{"href":"https:\/\/www.redenoticia.com.br\/noticia\/wp-json\/wp\/v2\/posts\/32639","targetHints":{"allow":["GET"]}}],"collection":[{"href":"https:\/\/www.redenoticia.com.br\/noticia\/wp-json\/wp\/v2\/posts"}],"about":[{"href":"https:\/\/www.redenoticia.com.br\/noticia\/wp-json\/wp\/v2\/types\/post"}],"author":[{"embeddable":true,"href":"https:\/\/www.redenoticia.com.br\/noticia\/wp-json\/wp\/v2\/users\/3"}],"replies":[{"embeddable":true,"href":"https:\/\/www.redenoticia.com.br\/noticia\/wp-json\/wp\/v2\/comments?post=32639"}],"version-history":[{"count":0,"href":"https:\/\/www.redenoticia.com.br\/noticia\/wp-json\/wp\/v2\/posts\/32639\/revisions"}],"wp:attachment":[{"href":"https:\/\/www.redenoticia.com.br\/noticia\/wp-json\/wp\/v2\/media?parent=32639"}],"wp:term":[{"taxonomy":"category","embeddable":true,"href":"https:\/\/www.redenoticia.com.br\/noticia\/wp-json\/wp\/v2\/categories?post=32639"},{"taxonomy":"post_tag","embeddable":true,"href":"https:\/\/www.redenoticia.com.br\/noticia\/wp-json\/wp\/v2\/tags?post=32639"}],"curies":[{"name":"wp","href":"https:\/\/api.w.org\/{rel}","templated":true}]}}