{"id":32633,"date":"2010-12-02T10:00:02","date_gmt":"2010-12-02T14:00:02","guid":{"rendered":"http:\/\/www.redenoticia.com.br\/noticia\/?p=32633"},"modified":"2010-12-02T10:00:02","modified_gmt":"2010-12-02T14:00:02","slug":"defesa-civil-sp-lanca-operacao-verao-2011","status":"publish","type":"post","link":"https:\/\/www.redenoticia.com.br\/noticia\/2010\/defesa-civil-sp-lanca-operacao-verao-2011\/32633","title":{"rendered":"Defesa Civil SP lan\u00e7a Opera\u00e7\u00e3o Ver\u00e3o 2011"},"content":{"rendered":"<p>Com o objetivo de reduzir danos materiais e,  principalmente, preservar vidas, a Coordenadoria Estadual de <strong><em>Defesa Civil<\/em><\/strong> (CEDEC) lan\u00e7ou nesta quarta-feira, 1 de dezembro, a Opera\u00e7\u00e3o Ver\u00e3o 2010-2011 em  todo o Estado. A a\u00e7\u00e3o, que se estende at\u00e9 o dia 31 de mar\u00e7o do pr\u00f3ximo ano,  re\u00fane diferentes \u00f3rg\u00e3os dos governos estadual e municipal.<\/p>\n<p>A esta\u00e7\u00e3o de ver\u00e3o no Estado de S\u00e3o Paulo  caracteriza-se por chuvas fortes, muitas vezes excessivamente prolongadas, ou  acompanhadas por raios e vendavais, que t\u00eam causado, nos \u00faltimos anos, grandes  preju\u00edzos econ\u00f4micos e sociais, principalmente em raz\u00e3o das inunda\u00e7\u00f5es e  deslizamentos de encostas que causam consider\u00e1veis danos, destrui\u00e7\u00f5es e  mortes.<\/p>\n<p>Durante o per\u00edodo da Opera\u00e7\u00e3o Ver\u00e3o a  Coordenadoria Estadual da Defesa Civil deflagra os planos Preventivo e de  Conting\u00eancia para situa\u00e7\u00f5es de risco, visando a otimiza\u00e7\u00e3o dos recursos humanos  e materiais dispon\u00edveis bem como antecipa\u00e7\u00e3o das situa\u00e7\u00f5es de risco. Para tanto,  a CEDEC promove a articula\u00e7\u00e3o entre as secretarias integrantes dos Sistema  Estadual de Defesa Civil, os \u00f3rg\u00e3os de atendimento emergencial (Pol\u00edcia Militar,  Corpo de Bombeiros), equipes de Defesa Civil dos munic\u00edpios e da pr\u00f3pria  comunidade.<\/p>\n<p>Esses planos, desenvolvidos ao longo do ano  juntamente com os munic\u00edpios, refor\u00e7am as a\u00e7\u00f5es de monitoramento meteorol\u00f3gico,  pluviom\u00e9trico e vistorias t\u00e9cnicas de campo em \u00e1reas de risco com vistas \u00e0  retirada pr\u00e9via de moradores de locais de risco iminente de deslizamento de  terra e\/ou inunda\u00e7\u00f5es.<\/p>\n<p>A Opera\u00e7\u00e3o Ver\u00e3o \u00e9 a conclus\u00e3o de um trabalho de  capacita\u00e7\u00e3o e treinamento realizado ao longo de todo o ano pela Coordenadoria  Estadual de Defesa Civil junto aos munic\u00edpios. De acordo com o coordenador da  Defesa Civil do Estado de S\u00e3o Paulo, somente com a articula\u00e7\u00e3o dos \u00f3rg\u00e3os  estaduais, municipais e das for\u00e7as de atendimento emergencial \u00e9 poss\u00edvel  prevenir e minimizar as conseq\u00fc\u00eancias t\u00edpicas geradas pelas chuvas.<\/p>\n<p>Da Defesa Civil<\/p>\n","protected":false},"excerpt":{"rendered":"<p>Com o objetivo de reduzir danos materiais e, principalmente, preservar vidas, a Coordenadoria Estadual de Defesa Civil (CEDEC) lan\u00e7ou nesta quarta-feira, 1 de dezembro, a Opera\u00e7\u00e3o Ver\u00e3o 2010-2011 em todo o Estado. A a\u00e7\u00e3o, que se estende at\u00e9 o dia 31 de mar\u00e7o do pr\u00f3ximo ano, re\u00fane diferentes \u00f3rg\u00e3os dos governos estadual e municipal. A [&hellip;]<\/p>\n","protected":false},"author":3,"featured_media":0,"comment_status":"open","ping_status":"open","sticky":false,"template":"","format":"standard","meta":{"_genesis_hide_title":false,"_genesis_hide_breadcrumbs":false,"_genesis_hide_singular_image":false,"_genesis_hide_footer_widgets":false,"_genesis_custom_body_class":"","_genesis_custom_post_class":"","_genesis_layout":"","_jetpack_memberships_contains_paid_content":false,"footnotes":""},"categories":[22],"tags":[],"class_list":{"0":"post-32633","1":"post","2":"type-post","3":"status-publish","4":"format-standard","6":"category-brasil","7":"entry","8":"gs-1","9":"gs-odd","10":"gs-even","11":"gs-featured-content-entry"},"jetpack_featured_media_url":"","jetpack_sharing_enabled":true,"jetpack_likes_enabled":true,"_links":{"self":[{"href":"https:\/\/www.redenoticia.com.br\/noticia\/wp-json\/wp\/v2\/posts\/32633","targetHints":{"allow":["GET"]}}],"collection":[{"href":"https:\/\/www.redenoticia.com.br\/noticia\/wp-json\/wp\/v2\/posts"}],"about":[{"href":"https:\/\/www.redenoticia.com.br\/noticia\/wp-json\/wp\/v2\/types\/post"}],"author":[{"embeddable":true,"href":"https:\/\/www.redenoticia.com.br\/noticia\/wp-json\/wp\/v2\/users\/3"}],"replies":[{"embeddable":true,"href":"https:\/\/www.redenoticia.com.br\/noticia\/wp-json\/wp\/v2\/comments?post=32633"}],"version-history":[{"count":0,"href":"https:\/\/www.redenoticia.com.br\/noticia\/wp-json\/wp\/v2\/posts\/32633\/revisions"}],"wp:attachment":[{"href":"https:\/\/www.redenoticia.com.br\/noticia\/wp-json\/wp\/v2\/media?parent=32633"}],"wp:term":[{"taxonomy":"category","embeddable":true,"href":"https:\/\/www.redenoticia.com.br\/noticia\/wp-json\/wp\/v2\/categories?post=32633"},{"taxonomy":"post_tag","embeddable":true,"href":"https:\/\/www.redenoticia.com.br\/noticia\/wp-json\/wp\/v2\/tags?post=32633"}],"curies":[{"name":"wp","href":"https:\/\/api.w.org\/{rel}","templated":true}]}}