{"id":32622,"date":"2010-12-01T10:43:14","date_gmt":"2010-12-01T14:43:14","guid":{"rendered":"http:\/\/www.redenoticia.com.br\/noticia\/?p=32622"},"modified":"2010-12-01T10:43:14","modified_gmt":"2010-12-01T14:43:14","slug":"inicio-do-ano-internacional-das-florestas","status":"publish","type":"post","link":"https:\/\/www.redenoticia.com.br\/noticia\/2010\/inicio-do-ano-internacional-das-florestas\/32622","title":{"rendered":"In\u00edcio do Ano Internacional das Florestas"},"content":{"rendered":"<div>\n<h3><span style=\"font-weight: normal; font-size: 13px;\">O Programa Biota-FAPESP, a Academia Brasileira de  Ci\u00eancias (ABC) e a Sociedade Brasileira para o Progresso da Ci\u00eancia (SBPC)  decidiram marcar o encerramento do Ano Internacional da Biodiversidade e o  in\u00edcio do<strong><em> Ano Internacional das Florestas <\/em><\/strong>com um evento.<\/span><\/h3>\n<\/div>\n<div>\n<p>A confer\u00eancia internacional <a href=\"http:\/\/www.biota2010-targets.com.br\/\" target=\"_blank\">Getting Post 2010 \u2013 Biodiversity Targets Right<\/a> ser\u00e1  realizada de 11 a 15 de dezembro no hotel Villa Santo Agostinho, em Bragan\u00e7a  Paulista (SP). O objetivo \u00e9 contribuir para estabelecer n\u00e3o s\u00f3 novas e  significativas metas para a conserva\u00e7\u00e3o da biodiversidade utilizando embasamento  cient\u00edfico, como tamb\u00e9m mecanismos para monitorar a efetiva implementa\u00e7\u00e3o dessas  metas.<\/p>\n<p>O evento reunir\u00e1 parte dos principais personagens que estiveram na 10\u00aa  Confer\u00eancia das Partes da Conven\u00e7\u00e3o sobre Diversidade Biol\u00f3gica (COP10) em  Nagoya, no Jap\u00e3o, que terminou no dia 29 de novembro.<\/p>\n<p>\u201cEsses pesquisadores estar\u00e3o reunidos novamente menos de um m\u00eas ap\u00f3s a COP10,  onde os pa\u00edses signat\u00e1rios da Conven\u00e7\u00e3o sobre a Diversidade Biol\u00f3gica firmaram  um ousado acordo para conserva\u00e7\u00e3o da biodiversidade e a reparti\u00e7\u00e3o justa e  equitativa dos benef\u00edcios oriundos de seu uso sustent\u00e1vel\u201d, disse Carlos Alfredo  Joly, coordenador do Biota-FAPESP.<\/p>\n<p>A abertura do encontro em Bragan\u00e7a Paulista ser\u00e1 feita por Ahmed Djoglaf,  secret\u00e1rio geral da Conven\u00e7\u00e3o sobre a Diversidade Biol\u00f3gica, que coordenou os  trabalhos da reuni\u00e3o de Nagoya.<\/p>\n<p>Na manh\u00e3 seguinte, Maximiliano da Cunha Henriques Arienzo, subchefe da  Divis\u00e3o de Meio Ambiente do Itamaraty e chefe da delega\u00e7\u00e3o e principal  negociador brasileiro em Nagoya, far\u00e1 um relato da COP10 e tamb\u00e9m do andamento  da cria\u00e7\u00e3o do Intergovernmental Platform on Biodiversity and Ecosystem Services  (IPBES).<\/p>\n<p>Na sequ\u00eancia ser\u00e3o discutidas quest\u00f5es relativas \u00e0 interoperabilidade entre  sistemas de informa\u00e7\u00f5es sobre biodiversidade, o uso de novas t\u00e9cnicas para o  estudo da biodiversidade de microrganismos, ferramentas de modelagem associadas  a indicadores e par\u00e2metros e m\u00e9tricas para monitorar a conserva\u00e7\u00e3o ou perda de  biodiversidade.<\/p>\n<p>\u201cNo \u00faltimo dia, a confer\u00eancia se voltar\u00e1 para a Mata Atl\u00e2ntica, a mais antiga  e mais amea\u00e7ada de nossas florestas\u201d, disse Joly, professor titular do Instituto  de Biologia da Universidade Estadual de Campinas (Unicamp) e organizador do  evento em Bragan\u00e7a Paulista.<\/p>\n<p>O evento ter\u00e1 quatro temas principais, que ser\u00e3o apresentados e debatidos em  simp\u00f3sios: \u201cNational and International Interoperability among Biodiversity  Information Systems\u201d, \u201cMetagenomics as a tool to assess micro-biodiversity\u201d,  \u201cPost 2010 Biodiversity Targets: ecosystem and evosystem services\u201d e \u201cImpacts of  Local &amp; Global Changes on the Atlantic Rain Forest\u201d.<\/p>\n<p>Entre os palestrantes de outros pa\u00edses convidados est\u00e3o Eduardo Morales  Guillaumin (Conabio, M\u00e9xico), Monica Vera (Funda\u00e7\u00e3o Humboldt, Col\u00f4mbia),  Francisco Antonio Squeo (Instituto de Ecologia e Biodiversidade, Chile), Alfred  P\u00fcehler (Universidade Bielefeld, Alemanha), Jack Anthony Gilbert (Plymouth  Marine, Reino Unido), Timothy Vogel (Universidade de Lyon, Fran\u00e7a), Rodolfo  Dirzo (Stanford University, Estados Unidos) e Harold Mooney, presidente da <a href=\"http:\/\/www.diversitas-international.org\/\" target=\"_blank\">Diversitas<\/a>.<\/p>\n<p>Antonio Mauro Saraiva (Universidade de S\u00e3o Paulo, USP), Marcelo Tabarelli  (Universidade Federal de Pernambuco), Carlos Grelle (Universidade Federal do Rio  de Janeiro), C\u00e9lio Haddad (Universidade Estadual Paulista), Eduardo Eizirik  (Universidade Federal do Rio Grande do Sul), Geraldo Afonso Fernandes e Adriano  Paglia (Universidade Federal de Minas Gerais), Philip Fearnside (Instituto  Nacional de Pesquisas da Amaz\u00f4nia), Thomas Lewinsohn (Unicamp) e Miguel Calmon  (<a href=\"http:\/\/www.bioatlantica.org.br\/\" target=\"_blank\">Instituto  BioAtl\u00e2ntica<\/a>) ser\u00e3o alguns dos conferencistas do Brasil.<\/p>\n<p>\u201c\u00c9 um privil\u00e9gio para o programa Biota-FAPESP, em parceria com a ABC e a  SBPC, coordenar um evento dessa magnitude. Uma confer\u00eancia que, no cen\u00e1rio  internacional, marca o final do Ano Internacional da Biodiversidade e o in\u00edcio  do <a href=\"http:\/\/www.un.org\/en\/events\/iyof2011\/preparations.shtml\" target=\"_blank\">Ano Internacional das Florestas<\/a>\u201d, disse Joly.<\/p>\n<p>Para inscri\u00e7\u00f5es feitas at\u00e9 o dia 3 de dezembro os valores s\u00e3o: R$ 250  (profissionais, docentes, pesquisadores e p\u00f3s-docs) e R$ 150 (estudantes).<\/p>\n<p>Inscri\u00e7\u00f5es e mais informa\u00e7\u00f5es sobre a confer\u00eancia: <a href=\"http:\/\/www.biota2010-targets.com.br\/\" target=\"_blank\">www.biota2010-targets.com.br<\/a><\/p>\n<p><strong>Cientificamente significativos<\/strong><\/p>\n<p>Os organizadores da confer\u00eancia Getting Post 2010 \u2013 Biodiversity Targets  Right ressaltam que as <a href=\"http:\/\/www.acquaviva.com.br\/biota2010\/docs\/biota.pdf\" target=\"_blank\">metas  para a biodiversidade em 2010<\/a> no mundo, bem como as <a href=\"http:\/\/www.acquaviva.com.br\/biota2010\/docs\/biota(pt).pdf\" target=\"_blank\">metas brasileiras<\/a> para a biodiversidade no ano, n\u00e3o foram  alcan\u00e7adas, conforme ficou evidente durante a COP10.<\/p>\n<p>Parte do fracasso, segundo eles, se deveu ao fato de n\u00e3o se poder demonstrar  cientificamente uma redu\u00e7\u00e3o significativa nas taxas de perda de biodiversidade  com o conhecimento dispon\u00edvel atualmente. Outro problema \u00e9 o lapso de tempo  entre as a\u00e7\u00f5es para ampliar a conserva\u00e7\u00e3o da biodiversidade e o efetivo impacto  dessas medidas, que pode ser de d\u00e9cadas, ou mesmo de s\u00e9culos.<\/p>\n<p>Tamb\u00e9m \u00e9 bem conhecido, apontam os organizadores, que a maior parte dos  principais motores da perda de biodiversidade \u2013 como mudan\u00e7as no uso da terra,  mudan\u00e7as clim\u00e1ticas, polui\u00e7\u00e3o e esp\u00e9cies invasoras \u2013 tem crescido desde 2001,  quando as metas foram estabelecidas.<\/p>\n<p>\u201cEntretanto, como apontou o professor Thomas Lovejoy no evento organizado pelo Biota-FAPESP no  Pal\u00e1cio dos Bandeirantes no Dia Internacional da Biodiversidade, as metas  tiveram um efeito extremamente positivo. Elas levaram a conserva\u00e7\u00e3o da  biodiversidade para o topo da agenda mundial, desencadearam a Avalia\u00e7\u00e3o  Ecossist\u00eamica do Mil\u00eanio e fizeram com que a Conven\u00e7\u00e3o sobre Diversidade  Biol\u00f3gica promovesse e intensificasse iniciativas como o Programa \u00c1reas  Protegidas e a Estrat\u00e9gia Global para a Conserva\u00e7\u00e3o de Plantas\u201d, disse Joly.<\/p>\n<p>Por conta disso, segundo os organizadores da confer\u00eancia, \u00e9 de import\u00e2ncia  fundamental, e urgente, que se estabele\u00e7am metas novas, mensur\u00e1veis e  cientificamente significativas, com medidas objetivas e espec\u00edficas para  comprometer governos em n\u00edvel nacional, regional e global com uma proposta  radical em rela\u00e7\u00e3o a abordagens anteriores.<\/p>\n<p>\u201c\u00c9 imperativo garantir n\u00e3o apenas a preserva\u00e7\u00e3o de servi\u00e7os ecossist\u00eamicos  que beneficiam o homem, mas tamb\u00e9m os processos que geram e mant\u00eam a  biodiversidade, que possuem valores intr\u00ednsecos n\u00e3o mensur\u00e1veis monetariamente\u201d,  destacou Joly.<\/p>\n<p>\u201cNesse cen\u00e1rio a confer\u00eancia em Bragan\u00e7a Paulista se tornou uma oportunidade  \u00fanica de intera\u00e7\u00e3o com os principais atores internacionais que atuam nessa  grande \u00e1rea que a tem\u00e1tica caracteriza\u00e7\u00e3o, conserva\u00e7\u00e3o e uso sustent\u00e1vel da  biodiversidade abrange\u201d, disse.<\/p>\n<p>Mais informa\u00e7\u00f5es: <a href=\"http:\/\/www.biota2010-targets.com.br\/\" target=\"_blank\">www.biota2010-targets.com.br<\/a><\/p>\n<h3><span style=\"font-weight: normal;\">Ag\u00eancia FAPESP<\/span><\/h3>\n<\/div>\n","protected":false},"excerpt":{"rendered":"<p>O Programa Biota-FAPESP, a Academia Brasileira de Ci\u00eancias (ABC) e a Sociedade Brasileira para o Progresso da Ci\u00eancia (SBPC) decidiram marcar o encerramento do Ano Internacional da Biodiversidade e o in\u00edcio do Ano Internacional das Florestas com um evento. A confer\u00eancia internacional Getting Post 2010 \u2013 Biodiversity Targets Right ser\u00e1 realizada de 11 a 15 [&hellip;]<\/p>\n","protected":false},"author":3,"featured_media":0,"comment_status":"open","ping_status":"open","sticky":false,"template":"","format":"standard","meta":{"_genesis_hide_title":false,"_genesis_hide_breadcrumbs":false,"_genesis_hide_singular_image":false,"_genesis_hide_footer_widgets":false,"_genesis_custom_body_class":"","_genesis_custom_post_class":"","_genesis_layout":"","_jetpack_memberships_contains_paid_content":false,"footnotes":""},"categories":[22],"tags":[],"class_list":{"0":"post-32622","1":"post","2":"type-post","3":"status-publish","4":"format-standard","6":"category-brasil","7":"entry","8":"gs-1","9":"gs-odd","10":"gs-even","11":"gs-featured-content-entry"},"jetpack_featured_media_url":"","jetpack_sharing_enabled":true,"jetpack_likes_enabled":true,"_links":{"self":[{"href":"https:\/\/www.redenoticia.com.br\/noticia\/wp-json\/wp\/v2\/posts\/32622","targetHints":{"allow":["GET"]}}],"collection":[{"href":"https:\/\/www.redenoticia.com.br\/noticia\/wp-json\/wp\/v2\/posts"}],"about":[{"href":"https:\/\/www.redenoticia.com.br\/noticia\/wp-json\/wp\/v2\/types\/post"}],"author":[{"embeddable":true,"href":"https:\/\/www.redenoticia.com.br\/noticia\/wp-json\/wp\/v2\/users\/3"}],"replies":[{"embeddable":true,"href":"https:\/\/www.redenoticia.com.br\/noticia\/wp-json\/wp\/v2\/comments?post=32622"}],"version-history":[{"count":0,"href":"https:\/\/www.redenoticia.com.br\/noticia\/wp-json\/wp\/v2\/posts\/32622\/revisions"}],"wp:attachment":[{"href":"https:\/\/www.redenoticia.com.br\/noticia\/wp-json\/wp\/v2\/media?parent=32622"}],"wp:term":[{"taxonomy":"category","embeddable":true,"href":"https:\/\/www.redenoticia.com.br\/noticia\/wp-json\/wp\/v2\/categories?post=32622"},{"taxonomy":"post_tag","embeddable":true,"href":"https:\/\/www.redenoticia.com.br\/noticia\/wp-json\/wp\/v2\/tags?post=32622"}],"curies":[{"name":"wp","href":"https:\/\/api.w.org\/{rel}","templated":true}]}}