{"id":32616,"date":"2010-12-01T10:15:40","date_gmt":"2010-12-01T14:15:40","guid":{"rendered":"http:\/\/www.redenoticia.com.br\/noticia\/?p=32616"},"modified":"2010-12-01T10:15:40","modified_gmt":"2010-12-01T14:15:40","slug":"rock-in-rio-anuncia-coldplay-para-a-edicao-2011","status":"publish","type":"post","link":"https:\/\/www.redenoticia.com.br\/noticia\/2010\/rock-in-rio-anuncia-coldplay-para-a-edicao-2011\/32616","title":{"rendered":"Rock in Rio anuncia Coldplay para a edi\u00e7\u00e3o 2011"},"content":{"rendered":"<p>A programa\u00e7\u00e3o da edi\u00e7\u00e3o 2011 do <strong><em>Rock in Rio<\/em><\/strong> tem mais duas grandes atra\u00e7\u00f5es  anunciadas: Coldplay e Skank. A banda brit\u00e2nica liderada por Chris Martin vem ao  Brasil mostrar por que \u00e9 uma das mais queridas e bem-sucedidas do mundo inteiro,  com mais de 50 milh\u00f5es de \u00e1lbuns vendidos na bagagem. O grupo, assim como o  Skank, assumir\u00e1 o Palco Mundo, na nova Cidade do Rock, no Dia do Rock  Alternativo (1\u00ba de outubro), pen\u00faltima noite do evento, que volta a ser  realizado em terras brasileiras entre 23 de setembro e 2 de outubro do ano que  vem. Nos pr\u00f3ximos meses, a organiza\u00e7\u00e3o do Rock in Rio apresentar\u00e1 os outros  nomes nacionais e internacionais que tocar\u00e3o na mesma data nos palcos Sunset e  Mundo.<\/p>\n<p>Formado por Chris Martin (vocal\/ piano), Jonny Buckland (guitarra), Guy  Berryman (baixo) e Will Champion (bateria) em 1998, em Londres, o Coldplay  estourou em 2000 com a balada \u201cYellow\u201d, do \u00e1lbum de estreia Parachutes, lan\u00e7ado  no mesmo ano. O sucesso alcan\u00e7ou o topo das paradas, impulsionou as vendas do  disco, que teve mais de cinco milh\u00f5es de unidades comercializadas, projetou o  quarteto internacionalmente e rendeu o primeiro dos seis Grammys (Melhor \u00c1lbum  de M\u00fasica Alternativa) que o Coldplay conquistaria ao longo da d\u00e9cada. Com seu  rock ao mesmo tempo suave e vigoroso, a banda londrina gravou uma s\u00e9rie de  discos e hits respons\u00e1veis por lotar seus shows, no in\u00edcio em casas pequenas,  hoje em grandes est\u00e1dios. Em 2002 lan\u00e7ou A Rush of Blood to the Head, com  can\u00e7\u00f5es como \u201cThe Scientist\u201d, \u201cClocks\u201d e \u201cIn My Place\u201d. Na sequencia, em 2005,  veio X&amp;Y, com \u201cFix You\u201d, \u201cThe Hardest Part\u201d, \u201cTalk\u201d e \u201cSpeed of Sound\u201d.  Produzido por Brian Eno, seu mais recente trabalho, Viva la Vida or Death and  All his Friends, de 2008, tem no repert\u00f3rio m\u00fasicas como \u201cViolet Hill\u201d, \u201cViva La  Vida\u201d e \u201cLost\u201d. Os shows da turn\u00ea do \u00e1lbum foram assistidos por cerca de 2,75  milh\u00f5es em 25 pa\u00edses.<\/p>\n<p>Na mesma noite, o Palco Mundo recebe os mineiros do Skank. A banda, que  completa 20 anos em 2011, traz na bagagem 11 \u00e1lbuns lan\u00e7ados, mais de 5,5  milh\u00f5es de discos vendidos e uma s\u00e9rie de hits como \u201cJackie Tequila\u201d, \u201cGarota  Nacional\u201d \u2013 sucesso inclusive na parada espanhola -, \u201cResposta\u201d, \u201cSaideira\u201d,  \u201cBalada do Amor Inabal\u00e1vel\u201d, \u201cDois Rios\u201d, \u201cVou Deixar\u201d e \u201cAinda Gosto Dela\u201d, do  \u00faltimo disco de est\u00fadio, Estandarte, lan\u00e7ado em 2008. Hoje, Samuel Rosa  (guitarra e voz), Henrique Portugal (teclados), Lelo Zaneti (baixo) e Haroldo  Ferreti (bateria) formam um dos grupos pop mais importantes do Brasil. Este ano,  o Skank lan\u00e7ou o CD, DVD e Blu-Ray Multishow Ao Vivo \u2013 Skank no Mineir\u00e3o,  registro do show lotado que gravaram em junho, no Est\u00e1dio do Mineir\u00e3o, na  Pampulha, em Belo Horizonte, com p\u00fablico superior a 50 mil pessoas.<\/p>\n<p>O p\u00fablico j\u00e1 pode adquirir, por meio do site oficial do festival  (www.rockinrio.com.br), o Rock in Rio Card, voucher para aqueles que n\u00e3o querem  perder a chance de garantir com anteced\u00eancia seus lugares nesta grande festa.  Desde 19 de novembro a organiza\u00e7\u00e3o disponibiliza um lote limitado de 100 mil  ingressos a R$ 190 (inteira) e R$ 95 (meia-entrada). Apenas no primeiro fim de  semana foram vendidos mais de 62 mil Rock in Rio Cards e a expectativa \u00e9 de que  os ingressos se esgotem nos pr\u00f3ximos dias. A troca pelo bilhete ser\u00e1 feita a  partir do dia 11 de janeiro \u2014 antes da venda oficial, garantindo que a data  escolhida n\u00e3o esteja esgotada.<br \/>\nCom cada dia destinado a um estilo diferente,  o Rock in Rio \u00e9 um festival para todas as tribos. Novas atra\u00e7\u00f5es ser\u00e3o  divulgadas em breve, reunindo mais uma vez os maiores nomes do rock e do pop  mundial ? nacionais e estrangeiros, cl\u00e1ssicos e contempor\u00e2neos ?, no maior  evento de entretenimento e m\u00fasica do planeta.<\/p>\n<p>Sobre o Rock in Rio<\/p>\n<p>O Rock in Rio \u00e9 o maior evento de m\u00fasica e entretenimento de todos os tempos,  contando com nove edi\u00e7\u00f5es realizadas no Brasil, Portugal e Espanha. O festival  reuniu mais de 5 milh\u00f5es de pessoas, que aplaudiram, ao vivo, 656 bandas. Foram  mais de 780 horas de m\u00fasica, com transmiss\u00e3o para mais de 1 bilh\u00e3o de  telespectadores, em 80 pa\u00edses.<\/p>\n<p>Utilizando a m\u00fasica como linguagem universal, que une as pessoas em todo o  mundo, o Rock in Rio \u00e9 um ve\u00edculo de comunica\u00e7\u00e3o de emo\u00e7\u00f5es.<\/p>\n<p>Um dos seus pilares \u00e9 o Projeto Social. Lan\u00e7ado em 2001, no Rio de Janeiro, o  projeto POR UM MUNDO MELHOR nasceu para, por meio da m\u00fasica, mostrar que  pequenas mudan\u00e7as de atitude do dia a dia t\u00eam um grande impacto sobre o futuro  do planeta. Em sete edi\u00e7\u00f5es, ao longo dos \u00faltimos dez anos, milhares de pessoas  no Brasil, em Portugal, na Espanha e em diversos outros pa\u00edses, foram  beneficiadas pelas doa\u00e7\u00f5es provenientes das vendas de bilhetes do evento e das  a\u00e7\u00f5es promovidas pelos parceiros, que hoje somam mais de quase cinco milh\u00f5es de  euros.<\/p>\n<p>Em 2008 e 2010, por exemplo, o Rock in Rio Madri investiu cerca de 1,3  milh\u00f5es de euros no plantio de \u00e1rvores, no Projeto Carbono Zero, em a\u00e7\u00f5es de  conscientiza\u00e7\u00e3o sobre as altera\u00e7\u00f5es clim\u00e1ticas e na oferta gratuita de  transporte p\u00fablico para todos os assistentes do evento \u2014 garantindo a redu\u00e7\u00e3o de  toneladas de CO2 para a atmosfera.<\/p>\n<p>O festival acontecer\u00e1 nos dias 23, 24, 25 e 30 de setembro e 1 e 2 de outubro  de 2011, no Parque Ol\u00edmpico Cidade do Rock, na Barra da Tijuca, Rio de  Janeiro.<\/p>\n","protected":false},"excerpt":{"rendered":"<p>A programa\u00e7\u00e3o da edi\u00e7\u00e3o 2011 do Rock in Rio tem mais duas grandes atra\u00e7\u00f5es anunciadas: Coldplay e Skank. A banda brit\u00e2nica liderada por Chris Martin vem ao Brasil mostrar por que \u00e9 uma das mais queridas e bem-sucedidas do mundo inteiro, com mais de 50 milh\u00f5es de \u00e1lbuns vendidos na bagagem. O grupo, assim como [&hellip;]<\/p>\n","protected":false},"author":3,"featured_media":0,"comment_status":"open","ping_status":"open","sticky":false,"template":"","format":"standard","meta":{"_genesis_hide_title":false,"_genesis_hide_breadcrumbs":false,"_genesis_hide_singular_image":false,"_genesis_hide_footer_widgets":false,"_genesis_custom_body_class":"","_genesis_custom_post_class":"","_genesis_layout":"","_jetpack_memberships_contains_paid_content":false,"footnotes":""},"categories":[22],"tags":[],"class_list":{"0":"post-32616","1":"post","2":"type-post","3":"status-publish","4":"format-standard","6":"category-brasil","7":"entry","8":"gs-1","9":"gs-odd","10":"gs-even","11":"gs-featured-content-entry"},"jetpack_featured_media_url":"","jetpack_sharing_enabled":true,"jetpack_likes_enabled":true,"_links":{"self":[{"href":"https:\/\/www.redenoticia.com.br\/noticia\/wp-json\/wp\/v2\/posts\/32616","targetHints":{"allow":["GET"]}}],"collection":[{"href":"https:\/\/www.redenoticia.com.br\/noticia\/wp-json\/wp\/v2\/posts"}],"about":[{"href":"https:\/\/www.redenoticia.com.br\/noticia\/wp-json\/wp\/v2\/types\/post"}],"author":[{"embeddable":true,"href":"https:\/\/www.redenoticia.com.br\/noticia\/wp-json\/wp\/v2\/users\/3"}],"replies":[{"embeddable":true,"href":"https:\/\/www.redenoticia.com.br\/noticia\/wp-json\/wp\/v2\/comments?post=32616"}],"version-history":[{"count":0,"href":"https:\/\/www.redenoticia.com.br\/noticia\/wp-json\/wp\/v2\/posts\/32616\/revisions"}],"wp:attachment":[{"href":"https:\/\/www.redenoticia.com.br\/noticia\/wp-json\/wp\/v2\/media?parent=32616"}],"wp:term":[{"taxonomy":"category","embeddable":true,"href":"https:\/\/www.redenoticia.com.br\/noticia\/wp-json\/wp\/v2\/categories?post=32616"},{"taxonomy":"post_tag","embeddable":true,"href":"https:\/\/www.redenoticia.com.br\/noticia\/wp-json\/wp\/v2\/tags?post=32616"}],"curies":[{"name":"wp","href":"https:\/\/api.w.org\/{rel}","templated":true}]}}