{"id":32614,"date":"2010-12-01T10:08:39","date_gmt":"2010-12-01T14:08:39","guid":{"rendered":"http:\/\/www.redenoticia.com.br\/noticia\/?p=32614"},"modified":"2010-12-01T10:08:39","modified_gmt":"2010-12-01T14:08:39","slug":"arvore-de-natal-interativa-em-sp","status":"publish","type":"post","link":"https:\/\/www.redenoticia.com.br\/noticia\/2010\/arvore-de-natal-interativa-em-sp\/32614","title":{"rendered":"\u00c1rvore de Natal interativa em SP"},"content":{"rendered":"<p>Os paulistanos poder\u00e3o apreciar, a partir de 1\u00ba de dezembro, o presente de  Natal que a Telef\u00f4nica oferecer\u00e1 \u00e0 cidade: ir\u00e1 transformar, pelo segundo ano  consecutivo, o maior \u00edcone da cidade, a ponte Oct\u00e1vio Frias de Oliveira, ponte  estaiada, na zona sul da capital, na maior <strong><em>\u00c1rvore de Natal<\/em><\/strong> interativa e  iluminada do mundo, capaz de conectar a popula\u00e7\u00e3o com o verdadeiro esp\u00edrito  natalino e atrair turistas de todo o pa\u00eds.<\/p>\n<p>A decora\u00e7\u00e3o de Natal poder\u00e1 ser vista por cerca de 8 mil motoristas por hora,  n\u00famero correspondente \u00e0 capacidade de tr\u00e1fego nas duas pistas da ponte.<br \/>\nA  Ponte Iluminada Telef\u00f4nica representar\u00e1 todas as noites por meio de cinco  anima\u00e7\u00f5es o \u201cestado de esp\u00edrito\u201d da cidade. A popula\u00e7\u00e3o vai poder escolher em  que ritmo a capital est\u00e1 pulsando e como est\u00e1 se sentindo votando no hotsite  <a href=\"http:\/\/www.telefonica.com.br\/ponteiluminada\" target=\"_blank\">www.telefonica.com.br\/ponteiluminada<\/a>. Al\u00e9m disso, os internautas poder\u00e3o  personalizar um cart\u00e3o de Natal animado, viral que poder\u00e1 ser customizado com a  mensagem e as cores da Ponte desejadas para enviar via web para quantas pessoas  quiser.<\/p>\n<p>Mais de 40 mil clusters de LED ir\u00e3o formar a ilumina\u00e7\u00e3o especial em forma de  Pinheiro gigante, com 138 metros de altura e 70 metros de largura. Parte dos  clusters de LED ser\u00e1 instalada no centro e, este ano, tamb\u00e9m no topo da Ponte,  para a realiza\u00e7\u00e3o de sequenciais de luz sincronizados com os estais. Esta  tecnologia traz uma intensidade luminosa muito superior a de l\u00e2mpadas normais,  com um consumo de energia cerca de 90 % menor, podendo ser vista a mais de 3 km  de dist\u00e2ncia. Por meio de uma t\u00e9cnica que regula a intensidade das luzes, a  \u00c1rvore brilhar\u00e1 em diversas cores, formando imagens natalinas em movimento.<\/p>\n<p>O projeto contar\u00e1 com a ajuda de experts de engenharia e ilumina\u00e7\u00e3o da ON  Proje\u00e7\u00f5es, al\u00e9m de 16 alpinistas e mais uma equipe de cerca de 30 profissionais,  entre especialistas em montagem, locadores, ajudantes, eletricistas, equipe de  ilumina\u00e7\u00e3o c\u00eanica e seguran\u00e7as.<\/p>\n<p>A Ponte Iluminada Telef\u00f4nica \u00e9 um projeto idealizado e realizado pela Mix  Brand Experience, com patroc\u00ednio da Telef\u00f4nica e da TV Globo S\u00e3o Paulo, conta  com a parceria da Prefeitura e da S\u00e3o Paulo Turismo, sendo um dos principais  projetos do Natal Iluminado da Cidade. A Ponte Iluminada Telef\u00f4nica respeita a  Lei Cidade Limpa e \u00e9 aprovada pela CPPU &#8211; Comiss\u00e3o de Prote\u00e7\u00e3o \u00e0 Paisagem Urbana  &#8211; \u00f3rg\u00e3o da Prefeitura respons\u00e1vel por adequar publicidade \u00e0 cidade.<\/p>\n<p>\u201cA  Telef\u00f4nica, empresa que j\u00e1 conecta as pessoas ao longo do ano, agora se aproxima  da popula\u00e7\u00e3o iluminando um dos principais cart\u00f5es postais da nossa metr\u00f3pole, a  Ponte Estaiada. S\u00e3o Paulo e os paulistas merecem um presente de Natal t\u00e3o bonito  e impactante como este, por isso, decidimos fazer pelo segundo ano consecutivo a  Ponte Iluminada Telef\u00f4nica\u201d, afirma Lylian Brand\u00e3o, diretora de Marketing da  empresa.<\/p>\n<p>Sobre o Natal Iluminado 2010<\/p>\n<p>O Natal Iluminado \u00e9 uma realiza\u00e7\u00e3o da Prefeitura de S\u00e3o Paulo, coordenada  pela S\u00e3o Paulo Turismo (SPTuris) e que conta com patroc\u00ednio de empresas  privadas. Em 2010, ruas, avenidas, parques, pra\u00e7as e patrim\u00f4nios p\u00fablicos ganham  decora\u00e7\u00e3o especial e mais de 100 km de vias ter\u00e3o cerca de 6 mil elementos  iluminados, entre \u00e1rvores e postes.<\/p>\n","protected":false},"excerpt":{"rendered":"<p>Os paulistanos poder\u00e3o apreciar, a partir de 1\u00ba de dezembro, o presente de Natal que a Telef\u00f4nica oferecer\u00e1 \u00e0 cidade: ir\u00e1 transformar, pelo segundo ano consecutivo, o maior \u00edcone da cidade, a ponte Oct\u00e1vio Frias de Oliveira, ponte estaiada, na zona sul da capital, na maior \u00c1rvore de Natal interativa e iluminada do mundo, capaz [&hellip;]<\/p>\n","protected":false},"author":3,"featured_media":0,"comment_status":"open","ping_status":"open","sticky":false,"template":"","format":"standard","meta":{"_genesis_hide_title":false,"_genesis_hide_breadcrumbs":false,"_genesis_hide_singular_image":false,"_genesis_hide_footer_widgets":false,"_genesis_custom_body_class":"","_genesis_custom_post_class":"","_genesis_layout":"","_jetpack_memberships_contains_paid_content":false,"footnotes":""},"categories":[22],"tags":[],"class_list":{"0":"post-32614","1":"post","2":"type-post","3":"status-publish","4":"format-standard","6":"category-brasil","7":"entry","8":"gs-1","9":"gs-odd","10":"gs-even","11":"gs-featured-content-entry"},"jetpack_featured_media_url":"","jetpack_sharing_enabled":true,"jetpack_likes_enabled":true,"_links":{"self":[{"href":"https:\/\/www.redenoticia.com.br\/noticia\/wp-json\/wp\/v2\/posts\/32614","targetHints":{"allow":["GET"]}}],"collection":[{"href":"https:\/\/www.redenoticia.com.br\/noticia\/wp-json\/wp\/v2\/posts"}],"about":[{"href":"https:\/\/www.redenoticia.com.br\/noticia\/wp-json\/wp\/v2\/types\/post"}],"author":[{"embeddable":true,"href":"https:\/\/www.redenoticia.com.br\/noticia\/wp-json\/wp\/v2\/users\/3"}],"replies":[{"embeddable":true,"href":"https:\/\/www.redenoticia.com.br\/noticia\/wp-json\/wp\/v2\/comments?post=32614"}],"version-history":[{"count":0,"href":"https:\/\/www.redenoticia.com.br\/noticia\/wp-json\/wp\/v2\/posts\/32614\/revisions"}],"wp:attachment":[{"href":"https:\/\/www.redenoticia.com.br\/noticia\/wp-json\/wp\/v2\/media?parent=32614"}],"wp:term":[{"taxonomy":"category","embeddable":true,"href":"https:\/\/www.redenoticia.com.br\/noticia\/wp-json\/wp\/v2\/categories?post=32614"},{"taxonomy":"post_tag","embeddable":true,"href":"https:\/\/www.redenoticia.com.br\/noticia\/wp-json\/wp\/v2\/tags?post=32614"}],"curies":[{"name":"wp","href":"https:\/\/api.w.org\/{rel}","templated":true}]}}