{"id":32613,"date":"2010-11-30T15:38:38","date_gmt":"2010-11-30T19:38:38","guid":{"rendered":"http:\/\/www.redenoticia.com.br\/noticia\/?p=32613"},"modified":"2010-12-01T13:46:33","modified_gmt":"2010-12-01T17:46:33","slug":"meteorologia-%e2%80%93-previsao-do-tempo-para-esta-quarta-feira-0112","status":"publish","type":"post","link":"https:\/\/www.redenoticia.com.br\/noticia\/2010\/meteorologia-%e2%80%93-previsao-do-tempo-para-esta-quarta-feira-0112\/32613","title":{"rendered":"Meteorologia \u2013 previs\u00e3o do tempo para esta quarta-feira 01\/12"},"content":{"rendered":"<p><img loading=\"lazy\" decoding=\"async\" class=\"alignleft size-full wp-image-28410\" title=\"previsao do tempo temperatura\" src=\"https:\/\/www.redenoticia.com.br\/noticia\/imagens\/previsao-do-tempo-temperatura.jpg\" alt=\"\" width=\"300\" height=\"193\" srcset=\"https:\/\/www.redenoticia.com.br\/noticia\/imagens\/previsao-do-tempo-temperatura.jpg 300w, https:\/\/www.redenoticia.com.br\/noticia\/imagens\/previsao-do-tempo-temperatura-250x160.jpg 250w, https:\/\/www.redenoticia.com.br\/noticia\/imagens\/previsao-do-tempo-temperatura-150x96.jpg 150w\" sizes=\"auto, (max-width: 300px) 100vw, 300px\" \/>Previs\u00e3o do tempo \u2013 a <strong><em>meteorologia<\/em><\/strong> divulgou a <strong><em>previs\u00e3o do tempo<\/em><\/strong> e <strong><em>temperatura<\/em><\/strong> para esta quarta-feira (01\/12) e informa que haver\u00e1 muitas nuvens e chuva em grande parte da Regi\u00e3o Norte, Centro-Oeste e Sudeste. Segundo a previs\u00e3o do tempo no centro-leste de SP, do PR e no sul de MG a chuva ocorrer\u00e1 a qualquer hora do dia. Dados da previs\u00e3o do tempo indicam que em algumas localidades poder\u00e1 chover forte. No RS, no sul de SC e no interior do Nordeste haver\u00e1 sol e poucas nuvens. A previs\u00e3o do tempo destaca que nas demais \u00e1reas do pa\u00eds, dia de sol, varia\u00e7\u00e3o de nuvens e pancadas de chuva isoladas. As temperaturas estar\u00e3o est\u00e1veis.<\/p>\n<p>Vale do Para\u00edba \u2013 previs\u00e3o do tempo em 01\/12 a instabilidade aumentar\u00e1, e por isso o dia ficar\u00e1 nublado, e as pancadas de chuva poder\u00e3o ocorrer a qualquer hora do dia, podendo ser forte de maneira localizada. As temperaturas seguir\u00e3o em decl\u00ednio.<\/p>\n<p>Regi\u00e3o Centro-Oeste \u2013 previs\u00e3o do tempo em 01\/12\/2010: No sul de MS: sol entre nebulosidade vari\u00e1vel com pancadas de chuva. Nas demais \u00e1reas da Regi\u00e3o: nublado com fortes pancadas de chuva. Temperatura est\u00e1vel<\/p>\n<p>Regi\u00e3o Nordeste \u2013 previs\u00e3o do tempo em 01\/12\/2010: No oeste e sudoeste da BA e no sul do MA e do PI: sol entre nebulosidade vari\u00e1vel com pancadas de chuva. No norte do MA, no leste do PI, no sul do CE e no oeste de PE e norte e leste da BA: sol entre poucas nuvens e possibilidade de pancadas de chuva. Nas demais \u00e1reas da Regi\u00e3o: sol com nebulosidade vari\u00e1vel.<\/p>\n<p>Regi\u00e3o Norte \u2013 previs\u00e3o do tempo em 01\/12\/2010: No norte do PA: sol entre poucas nuvens e possibilidade de pancadas de chuva. No centro-oeste do AP e norte do PA: sol e poucas nuvens. No leste do PA: sol entre nebulosidade vari\u00e1vel com pancadas de chuva a qualquer hora. Nas demais \u00e1reas da Regi\u00e3o: muitas nuvens e com pancadas de chuva localmente forte.<\/p>\n<p>Regi\u00e3o Sudeste \u2013 previs\u00e3o do tempo em 01\/12\/2010: No sul de SP: muitas nuvens e chuva isolada. No centro-nordeste de SP, no alto Vale do Para\u00edba e na capital paulista: nublado com chuva forte e trovoadas. No centro-norte do RJ, no ES e no norte e centro-leste de MG: sol com nebulosidade vari\u00e1vel e com pancadas de chuva \u00e0 tarde. Nas demais \u00e1reas da Regi\u00e3o: nublado com pancadas de chuva. Em alguns pontos poder\u00e1 chover forte. Temperaturas m\u00e1ximas em decl\u00ednio no leste de SP. Temperatura m\u00e1xima: 33C no oeste de SP. Temperatura m\u00ednima: 13C no sul de MG e de SP.<\/p>\n<p>Regi\u00e3o Sul \u2013 previs\u00e3o do tempo em 01\/12\/2010: No nordeste e leste do PR: nublado com chuva a qualquer hora, com per\u00edodos de maior intensidade. No extremo norte de SC e nas demais \u00e1reas do PR: sol com nebulosidade vari\u00e1vel e com pancadas de chuva isolada e localmente forte no norte do PR. No nordeste de SC: nublado com chuva isolada. No centro-norte do RS e nas demais \u00e1reas de SC: sol e varia\u00e7\u00e3o de nuvens. Nas demais \u00e1reas da Regi\u00e3o: sol e poucas nuvens. Temperaturas est\u00e1veis. Temperatura m\u00e1xima: 32C no oeste do RS. Temperatura m\u00ednima: 8C na Serra Geral.<\/p>\n<p>Previs\u00e3o do tempo e temperatura CPTEC<\/p>\n","protected":false},"excerpt":{"rendered":"<p>Previs\u00e3o do tempo \u2013 a meteorologia divulgou a previs\u00e3o do tempo e temperatura para esta quarta-feira (01\/12) e informa que haver\u00e1 muitas nuvens e chuva em grande parte da Regi\u00e3o Norte, Centro-Oeste e Sudeste. Segundo a previs\u00e3o do tempo no centro-leste de SP, do PR e no sul de MG a chuva ocorrer\u00e1 a qualquer [&hellip;]<\/p>\n","protected":false},"author":3,"featured_media":28410,"comment_status":"open","ping_status":"open","sticky":false,"template":"","format":"standard","meta":{"_genesis_hide_title":false,"_genesis_hide_breadcrumbs":false,"_genesis_hide_singular_image":false,"_genesis_hide_footer_widgets":false,"_genesis_custom_body_class":"","_genesis_custom_post_class":"","_genesis_layout":"","_jetpack_memberships_contains_paid_content":false,"footnotes":""},"categories":[22],"tags":[],"class_list":{"0":"post-32613","1":"post","2":"type-post","3":"status-publish","4":"format-standard","5":"has-post-thumbnail","7":"category-brasil","8":"entry","9":"gs-1","10":"gs-odd","11":"gs-even","12":"gs-featured-content-entry"},"jetpack_featured_media_url":"https:\/\/www.redenoticia.com.br\/noticia\/imagens\/previsao-do-tempo-temperatura.jpg","jetpack_sharing_enabled":true,"jetpack_likes_enabled":true,"_links":{"self":[{"href":"https:\/\/www.redenoticia.com.br\/noticia\/wp-json\/wp\/v2\/posts\/32613","targetHints":{"allow":["GET"]}}],"collection":[{"href":"https:\/\/www.redenoticia.com.br\/noticia\/wp-json\/wp\/v2\/posts"}],"about":[{"href":"https:\/\/www.redenoticia.com.br\/noticia\/wp-json\/wp\/v2\/types\/post"}],"author":[{"embeddable":true,"href":"https:\/\/www.redenoticia.com.br\/noticia\/wp-json\/wp\/v2\/users\/3"}],"replies":[{"embeddable":true,"href":"https:\/\/www.redenoticia.com.br\/noticia\/wp-json\/wp\/v2\/comments?post=32613"}],"version-history":[{"count":0,"href":"https:\/\/www.redenoticia.com.br\/noticia\/wp-json\/wp\/v2\/posts\/32613\/revisions"}],"wp:featuredmedia":[{"embeddable":true,"href":"https:\/\/www.redenoticia.com.br\/noticia\/wp-json\/wp\/v2\/media\/28410"}],"wp:attachment":[{"href":"https:\/\/www.redenoticia.com.br\/noticia\/wp-json\/wp\/v2\/media?parent=32613"}],"wp:term":[{"taxonomy":"category","embeddable":true,"href":"https:\/\/www.redenoticia.com.br\/noticia\/wp-json\/wp\/v2\/categories?post=32613"},{"taxonomy":"post_tag","embeddable":true,"href":"https:\/\/www.redenoticia.com.br\/noticia\/wp-json\/wp\/v2\/tags?post=32613"}],"curies":[{"name":"wp","href":"https:\/\/api.w.org\/{rel}","templated":true}]}}