{"id":32599,"date":"2010-11-29T17:23:57","date_gmt":"2010-11-29T21:23:57","guid":{"rendered":"http:\/\/www.redenoticia.com.br\/noticia\/?p=32599"},"modified":"2010-11-30T15:29:15","modified_gmt":"2010-11-30T19:29:15","slug":"meteorologia-%e2%80%93-previsao-do-tempo-para-esta-terca-feira-3011","status":"publish","type":"post","link":"https:\/\/www.redenoticia.com.br\/noticia\/2010\/meteorologia-%e2%80%93-previsao-do-tempo-para-esta-terca-feira-3011\/32599","title":{"rendered":"Meteorologia \u2013 previs\u00e3o do tempo para esta ter\u00e7a-feira 30\/11"},"content":{"rendered":"<p><img loading=\"lazy\" decoding=\"async\" class=\"alignleft size-full wp-image-28410\" title=\"previsao do tempo temperatura\" src=\"https:\/\/www.redenoticia.com.br\/noticia\/imagens\/previsao-do-tempo-temperatura.jpg\" alt=\"\" width=\"300\" height=\"193\" srcset=\"https:\/\/www.redenoticia.com.br\/noticia\/imagens\/previsao-do-tempo-temperatura.jpg 300w, https:\/\/www.redenoticia.com.br\/noticia\/imagens\/previsao-do-tempo-temperatura-250x160.jpg 250w, https:\/\/www.redenoticia.com.br\/noticia\/imagens\/previsao-do-tempo-temperatura-150x96.jpg 150w\" sizes=\"auto, (max-width: 300px) 100vw, 300px\" \/><\/p>\n<p>Previs\u00e3o do tempo \u2013 a <strong><em>meteorologia<\/em><\/strong> divulgou a <strong><em>previs\u00e3o do tempo<\/em><\/strong> e <strong><em>temperatura<\/em><\/strong> para esta ter\u00e7a-feira (29\/11) e informa que o dia ser\u00e1 nublado e com pancadas de chuva no norte do PR, no Tri\u00e2ngulo Mineiro, em grande parte de SP e das Regi\u00f5es Centro-Oeste e Norte do pa\u00eds. Segundo a previs\u00e3o do tempo nestas \u00e1reas poder\u00e1 ocorrer fortes pancadas de chuva. Dados da previs\u00e3o do tempo indicam que no sul do RS o sol predominar\u00e1. No sul e no Rec\u00f4ncavo Baiano o c\u00e9u ter\u00e1 muitas nuvens e pancadas de chuva. A previs\u00e3o do tempo destaca que dia com varia\u00e7\u00e3o de nebulosidade e calor no RJ, centro e leste de MG e ES. Nas demais \u00e1reas do pa\u00eds haver\u00e1 sol e poucas nuvens. As temperaturas estar\u00e3o elevadas em praticamente todas as Regi\u00f5es do Brasil.<\/p>\n<p>Vale do Para\u00edba \u2013 previs\u00e3o do tempo em 30\/11 haver\u00e1 um aumento de nebulosidade, e no per\u00edodo da tarde ocorrer\u00e3o pancadas de chuva. As temperaturas estar\u00e3o em decl\u00ednio.<\/p>\n<p>Regi\u00e3o Centro-Oeste \u2013 previs\u00e3o do tempo em 30\/11\/2010: Em todas as \u00e1reas da Regi\u00e3o: nublado com pancadas de chuva. Temperaturas est\u00e1veis. Temperatura M\u00e1xima: 34C no noroeste de MS e no norte de MT. Temperatura M\u00ednima: 18C no leste de GO e no DF.<\/p>\n<p>Regi\u00e3o Nordeste \u2013 previs\u00e3o do tempo em 30\/11\/2010: No noroeste e no leste e sul da BA e no centro-sul do PI e do MA: nublado com fortes pancadas de chuva a qualquer hora. No centro-sudoeste da BA: sol entre nebulosidade vari\u00e1vel e com pancadas de chuva \u00e0 tarde. Nas demais \u00e1reas da Regi\u00e3o: sol entre pouca nebulosidade. Temperaturas elevadas. Temperatura m\u00e1xima: 38C no norte do PI. Temperatura m\u00ednima: 18C no sudoeste da BA.<\/p>\n<p>Regi\u00e3o Norte \u2013 previs\u00e3o do tempo em 30\/11\/2010: No oeste do AP, no nordeste do PA: sol entre pouca nebulosidade. Nas demais \u00e1reas do AP e do norte do PA: sol entre nebulosidade vari\u00e1vel com possibilidade de pancadas de chuva \u00e0 noite. Nas demais \u00e1reas da Regi\u00e3o: muitas nuvens e pancadas de chuva isoladas. Em alguns pontos poder\u00e1 chover forte. Temperaturas est\u00e1veis. Temperatura m\u00e1xima: 37C no norte do PA. Temperatura m\u00ednima: 18C no norte de RR.<\/p>\n<p>Regi\u00e3o Sudeste \u2013 previs\u00e3o do tempo em 30\/11\/2010: Na maior parte de SP, no Tri\u00e2ngulo Mineiro e no oeste de MG: nublado com pancadas de chuva. Em alguns pontos dessas \u00e1reas poder\u00e1 chover forte. No nordeste do RJ: sol e poucas nuvens. Nas demais \u00e1reas da Regi\u00e3o: sol com varia\u00e7\u00e3o de nuvens e pancadas de chuva \u00e0 tarde. Temperaturas elevadas. Temperatura m\u00e1xima: 33C no oeste de SP. Temperatura m\u00ednima: 13C no sul de MG e de SP.<\/p>\n<p>Regi\u00e3o Sul \u2013 previs\u00e3o do tempo em 30\/11\/2010: No sul e centro-oeste do RS: predom\u00ednio de sol. No extremo nordeste do RS, no centro-leste de SC e no PR: sol entre nebulosidade vari\u00e1vel e com pancadas de chuva isolada e localmente intensa. Nas demais \u00e1reas da Regi\u00e3o: sol e poucas nuvens. Temperaturas m\u00e1ximas elevadas no oeste da Regi\u00e3o. Temperatura m\u00e1xima: 32C no oeste do RS. Temperatura m\u00ednima: 7C no sudoeste do RS.<\/p>\n<p>Previs\u00e3o do tempo e temperatura CPTEC<\/p>\n","protected":false},"excerpt":{"rendered":"<p>Previs\u00e3o do tempo \u2013 a meteorologia divulgou a previs\u00e3o do tempo e temperatura para esta ter\u00e7a-feira (29\/11) e informa que o dia ser\u00e1 nublado e com pancadas de chuva no norte do PR, no Tri\u00e2ngulo Mineiro, em grande parte de SP e das Regi\u00f5es Centro-Oeste e Norte do pa\u00eds. Segundo a previs\u00e3o do tempo nestas [&hellip;]<\/p>\n","protected":false},"author":3,"featured_media":28410,"comment_status":"open","ping_status":"open","sticky":false,"template":"","format":"standard","meta":{"_genesis_hide_title":false,"_genesis_hide_breadcrumbs":false,"_genesis_hide_singular_image":false,"_genesis_hide_footer_widgets":false,"_genesis_custom_body_class":"","_genesis_custom_post_class":"","_genesis_layout":"","_jetpack_memberships_contains_paid_content":false,"footnotes":""},"categories":[22],"tags":[],"class_list":{"0":"post-32599","1":"post","2":"type-post","3":"status-publish","4":"format-standard","5":"has-post-thumbnail","7":"category-brasil","8":"entry","9":"gs-1","10":"gs-odd","11":"gs-even","12":"gs-featured-content-entry"},"jetpack_featured_media_url":"https:\/\/www.redenoticia.com.br\/noticia\/imagens\/previsao-do-tempo-temperatura.jpg","jetpack_sharing_enabled":true,"jetpack_likes_enabled":true,"_links":{"self":[{"href":"https:\/\/www.redenoticia.com.br\/noticia\/wp-json\/wp\/v2\/posts\/32599","targetHints":{"allow":["GET"]}}],"collection":[{"href":"https:\/\/www.redenoticia.com.br\/noticia\/wp-json\/wp\/v2\/posts"}],"about":[{"href":"https:\/\/www.redenoticia.com.br\/noticia\/wp-json\/wp\/v2\/types\/post"}],"author":[{"embeddable":true,"href":"https:\/\/www.redenoticia.com.br\/noticia\/wp-json\/wp\/v2\/users\/3"}],"replies":[{"embeddable":true,"href":"https:\/\/www.redenoticia.com.br\/noticia\/wp-json\/wp\/v2\/comments?post=32599"}],"version-history":[{"count":0,"href":"https:\/\/www.redenoticia.com.br\/noticia\/wp-json\/wp\/v2\/posts\/32599\/revisions"}],"wp:featuredmedia":[{"embeddable":true,"href":"https:\/\/www.redenoticia.com.br\/noticia\/wp-json\/wp\/v2\/media\/28410"}],"wp:attachment":[{"href":"https:\/\/www.redenoticia.com.br\/noticia\/wp-json\/wp\/v2\/media?parent=32599"}],"wp:term":[{"taxonomy":"category","embeddable":true,"href":"https:\/\/www.redenoticia.com.br\/noticia\/wp-json\/wp\/v2\/categories?post=32599"},{"taxonomy":"post_tag","embeddable":true,"href":"https:\/\/www.redenoticia.com.br\/noticia\/wp-json\/wp\/v2\/tags?post=32599"}],"curies":[{"name":"wp","href":"https:\/\/api.w.org\/{rel}","templated":true}]}}