{"id":32594,"date":"2010-11-29T09:56:52","date_gmt":"2010-11-29T13:56:52","guid":{"rendered":"http:\/\/www.redenoticia.com.br\/noticia\/?p=32594"},"modified":"2010-11-29T09:56:52","modified_gmt":"2010-11-29T13:56:52","slug":"edital-para-construcao-de-espaco-mais-cultura-em-santos","status":"publish","type":"post","link":"https:\/\/www.redenoticia.com.br\/noticia\/2010\/edital-para-construcao-de-espaco-mais-cultura-em-santos\/32594","title":{"rendered":"Edital para constru\u00e7\u00e3o de Espa\u00e7o Mais Cultura em Santos"},"content":{"rendered":"<p>O ministro da Cultura, Juca Ferreira, lan\u00e7a nesta ter\u00e7a-feira (30) o <strong><em>edital  de licita\u00e7\u00e3o<\/em><\/strong> da obra do Espa\u00e7o Mais Cultura no Dique da Vila Gilda, em Santos  (SP), local onde fica uma das maiores favelas de palafitas da Am\u00e9rica Latina. A  atividade ser\u00e1 \u00e0s 15h30, no Teatro Guarany. Pouco antes, \u00e0s 14h, Juca Ferreira  inaugura o Cine Mais Cultura S\u00e9rgio Mamberti, na sede provis\u00f3ria do Instituto  Arte no Dique, na companhia do ator homenageado pelo nome na sala.<\/p>\n<p>O Espa\u00e7o Mais Cultura Escola Popular de Arte e Cultura Pl\u00ednio Marcos \u00e9 um  investimento de R$ 1,95 milh\u00e3o do Minist\u00e9rio da Cultura (MinC) e integra as  obras do Programa de Acelera\u00e7\u00e3o do Crescimento (PAC). A estrutura ter\u00e1 quase 690  metros quadrados de \u00e1rea constru\u00edda e abrigar\u00e1 salas para a realiza\u00e7\u00e3o de  oficinas de teatro, dan\u00e7a e outras atividades art\u00edsticas, uma sala de m\u00fasica e  um est\u00fadio de grava\u00e7\u00e3o, al\u00e9m de uma pequena sala de cinema.<br \/>\nAl\u00e9m de promover atividades culturais, o futuro equipamento ter\u00e1  capacidade de atender cerca de 600 pessoas da comunidade por meio de a\u00e7\u00f5es  educativas e de forma\u00e7\u00e3o profissional. O Espa\u00e7o Mais Cultura no Dique da Vila  Gilda vai abrigar oficinas profissionalizantes para \u00e1reas art\u00edsticas como:  figurinista, t\u00e9cnico de som, costureiro, iluminador, dentre outras. Tamb\u00e9m ser\u00e3o  oferecidos cursos de atua\u00e7\u00e3o, dan\u00e7a e m\u00fasica. As atividades ser\u00e3o administradas  pelo Instituto Arte no Dique, que desenvolve trabalho no local desde 2002. A  favela Dique de Sambaiatuba\/Dique da Vila Gilda tem popula\u00e7\u00e3o aproximada de 23,5  mil pessoas.<br \/>\nA secret\u00e1ria de Articula\u00e7\u00e3o Institucional do MinC, Silvana Meireles, que  participa do evento, destaca que o Espa\u00e7o Mais Cultura vai ampliar a oferta de  bens e servi\u00e7os culturais na regi\u00e3o. O equipamento, ressalta a dirigente e  coordenadora o Programa Mais Cultura, tamb\u00e9m ser\u00e1 um local para a comunidade  expressar suas voca\u00e7\u00f5es. \u201cA cultura melhora o ambiente social, gera  oportunidades, desenvolve a cidadania e a economia local\u201d, avalia.<\/p>\n<p>Existem 14 Espa\u00e7os Mais Culturas inseridos nas obras do PAC que receberam  investimento de R$ 13,1 milh\u00f5es do MinC. Esses equipamentos s\u00e3o somados a outros  12 espa\u00e7os com conv\u00eanio em execu\u00e7\u00e3o. No total, s\u00e3o mais de R$ 32 milh\u00f5es  aplicados na constru\u00e7\u00e3o de centros culturais de qualidade destinados a uma  popula\u00e7\u00e3o que tem pouco ou nenhum acesso ao cinema, ao teatro e outras  atividades art\u00edsticas.<\/p>\n<p>Cinema<br \/>\nA a\u00e7\u00e3o Cine Mais Cultura j\u00e1 instalou mais de 800 salas n\u00e3o  comerciais de audiovisual por todo o pa\u00eds. Cada unidade recebeu do Minist\u00e9rio da  Cultura equipamentos de proje\u00e7\u00e3o digital e centenas de filmes nacionais do  cat\u00e1logo da Programadora Brasil.<\/p>\n<p>A unidade do Dique da Vila Gilda tem capacidade para 25 lugares e vai ter  sess\u00f5es duas vezes por semana. A sala faz homenagem ao dramaturgo S\u00e9rgio  Mamberti \u2013 ator que atuou em filmes como \u201cO Bandido da Luz Vermelha\u201d (1969) e  \u201cCastelo R\u00e1-Tim-Bum\u201d (1999). Na televis\u00e3o, atuou em diversas novelas e  miniss\u00e9ries como \u201cDa Cor do Pecado\u201d, \u201cO Clone\u201d e \u201cAs Noivas de Copacabana\u201d.  Mamberti \u00e9 o atual presidente da Funda\u00e7\u00e3o Nacional das Artes (Funarte).<\/p>\n","protected":false},"excerpt":{"rendered":"<p>O ministro da Cultura, Juca Ferreira, lan\u00e7a nesta ter\u00e7a-feira (30) o edital de licita\u00e7\u00e3o da obra do Espa\u00e7o Mais Cultura no Dique da Vila Gilda, em Santos (SP), local onde fica uma das maiores favelas de palafitas da Am\u00e9rica Latina. A atividade ser\u00e1 \u00e0s 15h30, no Teatro Guarany. Pouco antes, \u00e0s 14h, Juca Ferreira inaugura [&hellip;]<\/p>\n","protected":false},"author":3,"featured_media":0,"comment_status":"open","ping_status":"open","sticky":false,"template":"","format":"standard","meta":{"_genesis_hide_title":false,"_genesis_hide_breadcrumbs":false,"_genesis_hide_singular_image":false,"_genesis_hide_footer_widgets":false,"_genesis_custom_body_class":"","_genesis_custom_post_class":"","_genesis_layout":"","_jetpack_memberships_contains_paid_content":false,"footnotes":""},"categories":[22],"tags":[],"class_list":{"0":"post-32594","1":"post","2":"type-post","3":"status-publish","4":"format-standard","6":"category-brasil","7":"entry","8":"gs-1","9":"gs-odd","10":"gs-even","11":"gs-featured-content-entry"},"jetpack_featured_media_url":"","jetpack_sharing_enabled":true,"jetpack_likes_enabled":true,"_links":{"self":[{"href":"https:\/\/www.redenoticia.com.br\/noticia\/wp-json\/wp\/v2\/posts\/32594","targetHints":{"allow":["GET"]}}],"collection":[{"href":"https:\/\/www.redenoticia.com.br\/noticia\/wp-json\/wp\/v2\/posts"}],"about":[{"href":"https:\/\/www.redenoticia.com.br\/noticia\/wp-json\/wp\/v2\/types\/post"}],"author":[{"embeddable":true,"href":"https:\/\/www.redenoticia.com.br\/noticia\/wp-json\/wp\/v2\/users\/3"}],"replies":[{"embeddable":true,"href":"https:\/\/www.redenoticia.com.br\/noticia\/wp-json\/wp\/v2\/comments?post=32594"}],"version-history":[{"count":0,"href":"https:\/\/www.redenoticia.com.br\/noticia\/wp-json\/wp\/v2\/posts\/32594\/revisions"}],"wp:attachment":[{"href":"https:\/\/www.redenoticia.com.br\/noticia\/wp-json\/wp\/v2\/media?parent=32594"}],"wp:term":[{"taxonomy":"category","embeddable":true,"href":"https:\/\/www.redenoticia.com.br\/noticia\/wp-json\/wp\/v2\/categories?post=32594"},{"taxonomy":"post_tag","embeddable":true,"href":"https:\/\/www.redenoticia.com.br\/noticia\/wp-json\/wp\/v2\/tags?post=32594"}],"curies":[{"name":"wp","href":"https:\/\/api.w.org\/{rel}","templated":true}]}}