{"id":32591,"date":"2010-11-29T09:29:53","date_gmt":"2010-11-29T13:29:53","guid":{"rendered":"http:\/\/www.redenoticia.com.br\/noticia\/?p=32591"},"modified":"2010-11-29T09:29:53","modified_gmt":"2010-11-29T13:29:53","slug":"educacao-integral-educadores-defendem-jornada-ampliada","status":"publish","type":"post","link":"https:\/\/www.redenoticia.com.br\/noticia\/2010\/educacao-integral-educadores-defendem-jornada-ampliada\/32591","title":{"rendered":"Educa\u00e7\u00e3o integral &#8211; educadores defendem jornada ampliada"},"content":{"rendered":"<p>Educadores, gestores governamentais e integrantes de  universidades p\u00fablicas que participaram do Semin\u00e1rio Internacional Educa\u00e7\u00e3o  Integral em Jornada Ampliada, em Bras\u00edlia, aprovaram uma carta onde reafirmam a  import\u00e2ncia do <strong><em>Programa Mais Educa\u00e7\u00e3o<\/em><\/strong> e destacam os desafios para os pr\u00f3ximos  quatro anos.<\/p>\n<p>Entre os desafios, est\u00e3o a oferta de educa\u00e7\u00e3o integral em 32  mil escolas p\u00fablicas da educa\u00e7\u00e3o b\u00e1sica e a forma\u00e7\u00e3o de um fundo de longo prazo  com recursos do Pr\u00e9-Sal para ampliar o financiamento das atividades do programa.<\/p>\n<p>Hoje, segundo a diretora de educa\u00e7\u00e3o integral da Secretaria de Educa\u00e7\u00e3o  Continuada, Alfabetiza\u00e7\u00e3o e Diversidade (Secad) do MEC, Jaqueline Moll, a  educa\u00e7\u00e3o integral em jornada ampliada atende 10 mil escolas e 2,2 milh\u00f5es de  estudantes. Em 2011, o objetivo \u00e9 alcan\u00e7ar 15 mil escolas e tr\u00eas milh\u00f5es de  alunos, mas a amplia\u00e7\u00e3o constante precisa de mais recursos porque o pa\u00eds tem 53  milh\u00f5es de alunos na educa\u00e7\u00e3o b\u00e1sica.<\/p>\n<p>O fundo com verbas do Pr\u00e9-Sal  seria uma forma de aumentar os investimentos no programa, incluir novas escolas  e estudantes, al\u00e9m de consolidar o Mais Educa\u00e7\u00e3o como pol\u00edtica p\u00fablica. Outro  desafio citado na carta \u00e9 a rediscuss\u00e3o dos curr\u00edculos dos cursos de gradua\u00e7\u00e3o e  p\u00f3s-gradua\u00e7\u00e3o que formam profissionais para o magist\u00e9rio. O objetivo \u00e9 incluir  nos curr\u00edculos temas como a gest\u00e3o e a formula\u00e7\u00e3o conceitual da educa\u00e7\u00e3o  integral.<\/p>\n<p>No final do semin\u00e1rio, gestores do Mais Educa\u00e7\u00e3o de diversos  munic\u00edpios apresentaram suas experi\u00eancias sobre o andamento do programa em suas  cidades. Marin\u00eas do Carmo de Pariz da Silva, coordenadora do comit\u00ea  metropolitano de Porto Alegre, explicou que o comit\u00ea \u00e9 um espa\u00e7o de discuss\u00f5es  que re\u00fane as escolas da rede estadual e de 15 munic\u00edpios da regi\u00e3o metropolitana  que oferecem educa\u00e7\u00e3o integral.<\/p>\n<p>Na experi\u00eancia de Porto Alegre, a gest\u00e3o  \u00e9 compartilhada e executada em sistema de rod\u00edzio entre os parceiros. Este ano,  a educa\u00e7\u00e3o integral est\u00e1 presente em 240 escolas estaduais e em 480 das redes  municipais. O objetivo em 2011 \u00e9 incluir mais 400 escolas que apresentam baixos  \u00edndices de desenvolvimento da educa\u00e7\u00e3o b\u00e1sica (Ideb).<\/p>\n<p>Danilo de Melo  Souza, secret\u00e1rio municipal de Palmas, disse que a experi\u00eancia do seu munic\u00edpio  mostra que gestores e educadores precisam enxergar os espa\u00e7os dispon\u00edveis,  especialmente na escola, que podem proporcionar a amplia\u00e7\u00e3o do programa. O  refeit\u00f3rio, explicou, ap\u00f3s as refei\u00e7\u00f5es e lanches pode ser usado para aulas de  artes; e a biblioteca pode ser usada para aulas de xadrez. \u201cExistem espa\u00e7os que  est\u00e3o na nossa frente e n\u00e3o enxergamos\u201d.<\/p>\n<p>Ionice Lorenzoni<\/p>\n","protected":false},"excerpt":{"rendered":"<p>Educadores, gestores governamentais e integrantes de universidades p\u00fablicas que participaram do Semin\u00e1rio Internacional Educa\u00e7\u00e3o Integral em Jornada Ampliada, em Bras\u00edlia, aprovaram uma carta onde reafirmam a import\u00e2ncia do Programa Mais Educa\u00e7\u00e3o e destacam os desafios para os pr\u00f3ximos quatro anos. Entre os desafios, est\u00e3o a oferta de educa\u00e7\u00e3o integral em 32 mil escolas p\u00fablicas da [&hellip;]<\/p>\n","protected":false},"author":3,"featured_media":0,"comment_status":"open","ping_status":"open","sticky":false,"template":"","format":"standard","meta":{"_genesis_hide_title":false,"_genesis_hide_breadcrumbs":false,"_genesis_hide_singular_image":false,"_genesis_hide_footer_widgets":false,"_genesis_custom_body_class":"","_genesis_custom_post_class":"","_genesis_layout":"","_jetpack_memberships_contains_paid_content":false,"footnotes":""},"categories":[22],"tags":[],"class_list":{"0":"post-32591","1":"post","2":"type-post","3":"status-publish","4":"format-standard","6":"category-brasil","7":"entry","8":"gs-1","9":"gs-odd","10":"gs-even","11":"gs-featured-content-entry"},"jetpack_featured_media_url":"","jetpack_sharing_enabled":true,"jetpack_likes_enabled":true,"_links":{"self":[{"href":"https:\/\/www.redenoticia.com.br\/noticia\/wp-json\/wp\/v2\/posts\/32591","targetHints":{"allow":["GET"]}}],"collection":[{"href":"https:\/\/www.redenoticia.com.br\/noticia\/wp-json\/wp\/v2\/posts"}],"about":[{"href":"https:\/\/www.redenoticia.com.br\/noticia\/wp-json\/wp\/v2\/types\/post"}],"author":[{"embeddable":true,"href":"https:\/\/www.redenoticia.com.br\/noticia\/wp-json\/wp\/v2\/users\/3"}],"replies":[{"embeddable":true,"href":"https:\/\/www.redenoticia.com.br\/noticia\/wp-json\/wp\/v2\/comments?post=32591"}],"version-history":[{"count":0,"href":"https:\/\/www.redenoticia.com.br\/noticia\/wp-json\/wp\/v2\/posts\/32591\/revisions"}],"wp:attachment":[{"href":"https:\/\/www.redenoticia.com.br\/noticia\/wp-json\/wp\/v2\/media?parent=32591"}],"wp:term":[{"taxonomy":"category","embeddable":true,"href":"https:\/\/www.redenoticia.com.br\/noticia\/wp-json\/wp\/v2\/categories?post=32591"},{"taxonomy":"post_tag","embeddable":true,"href":"https:\/\/www.redenoticia.com.br\/noticia\/wp-json\/wp\/v2\/tags?post=32591"}],"curies":[{"name":"wp","href":"https:\/\/api.w.org\/{rel}","templated":true}]}}