{"id":32573,"date":"2010-11-26T19:59:22","date_gmt":"2010-11-26T23:59:22","guid":{"rendered":"http:\/\/www.redenoticia.com.br\/noticia\/?p=32573"},"modified":"2010-11-27T11:29:10","modified_gmt":"2010-11-27T15:29:10","slug":"meteorologia-%e2%80%93-previsao-do-tempo-para-este-sabado-2711","status":"publish","type":"post","link":"https:\/\/www.redenoticia.com.br\/noticia\/2010\/meteorologia-%e2%80%93-previsao-do-tempo-para-este-sabado-2711\/32573","title":{"rendered":"Meteorologia \u2013 previs\u00e3o do tempo para este s\u00e1bado 27\/11"},"content":{"rendered":"<p><img loading=\"lazy\" decoding=\"async\" class=\"alignleft size-full wp-image-28409\" title=\"previsao do tempo e temperatura\" src=\"https:\/\/www.redenoticia.com.br\/noticia\/imagens\/previsao-do-tempo-e-temperatura.jpg\" alt=\"\" width=\"300\" height=\"193\" srcset=\"https:\/\/www.redenoticia.com.br\/noticia\/imagens\/previsao-do-tempo-e-temperatura.jpg 300w, https:\/\/www.redenoticia.com.br\/noticia\/imagens\/previsao-do-tempo-e-temperatura-250x160.jpg 250w, https:\/\/www.redenoticia.com.br\/noticia\/imagens\/previsao-do-tempo-e-temperatura-150x96.jpg 150w\" sizes=\"auto, (max-width: 300px) 100vw, 300px\" \/>Previs\u00e3o do tempo \u2013 a <strong><em>meteorologi<\/em><\/strong>a divulgou a <strong><em>previs\u00e3o do tempo<\/em><\/strong> e <strong><em>temperatura<\/em><\/strong> para s\u00e1bado (27\/11)\u00a0e informa que a Zona de Converg\u00eancia de Umidade ainda manter\u00e1 o tempo com muitas nuvens e com pancadas de chuva, que dever\u00e1 ser localmente forte, sobre a faixa que se estende desde o Norte do Brasil, Centro-Oeste, parte do Sudeste e sul do Nordeste. Segundo a previs\u00e3o do tempo entre o sul de GO, Tri\u00e2ngulo Mineiro e sul de MG, norte de SP, Serra da Mantiqueira e nas \u00e1reas de serra do RJ as pancadas de chuva dever\u00e3o ocorrer a partir da tarde devido ao aquecimento diurno e a alta umidade. No leste do PR e nordeste de SC haver\u00e1 sol com pequena chance de pancadas de chuva localizadas a partir da tarde. Dados da previs\u00e3o do tempo indicam que o\u00a0sol predominar\u00e1 nas demais \u00e1reas da Regi\u00e3o Sul, em MS e em SP. O dia ser\u00e1 de sol entre poucas nuvens no Nordeste do pa\u00eds, apenas no sul do PI e do MA e na BA poder\u00e1 ocorrer pancadas de chuva localmente fortes entre a tarde e noite. A previs\u00e3o do tempo destaca que a\u00a0temperatura estar\u00e1 em eleva\u00e7\u00e3o no centro-sul do pa\u00eds.<\/p>\n<p>Vale do Para\u00edba \u2013 previs\u00e3o do tempo em 27\/11 ser\u00e1 mais um dia com predom\u00ednio de sol. No per\u00edodo da tarde a nebulosidade aumentar\u00e1 e poder\u00e1 ocorrer pancadas de chuva de forma localizada e r\u00e1pida entre Serra da Mantiqueira e Vale Hist\u00f3rico. A temperatura estar\u00e1 est\u00e1vel.<\/p>\n<p>Regi\u00e3o Centro-Oeste \u2013 previs\u00e3o do tempo em 27\/11\/2010: Na faixa norte do MS: possibilidade de pancadas de chuva a tarde. Nas demais \u00e1reas do MS: predom\u00ednio de sol. No sudeste do MS e sul de GO: pancadas de chuva a tarde. Nas demais \u00e1reas da Regi\u00e3o: nublado com pancadas de chuva. Temperaturas est\u00e1veis. Temperatura M\u00e1xima: 39C no noroeste do MS. Temperatura M\u00ednima: 14C no sul do MS.<\/p>\n<p>Regi\u00e3o Nordeste \u2013 previs\u00e3o do tempo em 27\/11\/2010: No norte da BA: possibilidade de pancadas de chuva a tarde. No sul do MA e do PI e no noroeste e sul da BA: sol com varia\u00e7\u00e3o de nuvens e pancadas de chuva isoladas. No oeste e extremo sul da BA: nublado com pancadas de chuva. No norte do PI, no CE, PB, RN, PE, AL e SE: sol e poucas nuvens. Nas demais \u00e1reas da Regi\u00e3o: sol com varia\u00e7\u00e3o de nuvens e pancadas de chuva a tarde. Temperaturas est\u00e1veis. Temperatura m\u00e1xima: 38C no norte do PI. Temperatura m\u00ednima: 19C no interior da BA.<\/p>\n<p>Regi\u00e3o Norte \u2013 previs\u00e3o do tempo em 27\/11\/2010: No noroeste do PA e oeste do AP: sol com varia\u00e7\u00e3o de nuvens e possibilidade de pancadas de chuva a tarde. No norte do PA, leste do AP, extremo nordeste do AM e extremo leste de RR: possibilidade de pancadas de chuva a tarde. No sul do PA, nordeste do AM, demais \u00e1reas de RR e centro-norte do TO: sol com varia\u00e7\u00e3o de nuvens e pancadas de chuva isoladas. Nas demais \u00e1reas da Regi\u00e3o: nublado com pancadas de chuva isoladas. Temperaturas est\u00e1veis. Temperatura m\u00e1xima: 37C no norte do PA. Temperatura m\u00ednima: 18C no noroeste de RR.<\/p>\n<p>Regi\u00e3o Sudeste \u2013 previs\u00e3o do tempo em 27\/11\/2010: No extremo sul de SP: sol com varia\u00e7\u00e3o de nuvens e possibilidade de pancadas de chuva a tarde. No norte de MG e do ES: nublado com pancadas de chuva. No centro-oeste e sul de SP e no RJ: predom\u00ednio de sol. No sul de MG e norte de SP: sol com varia\u00e7\u00e3o de nuvens e possibilidade de pancadas de chuva a tarde. Na faixa central de MG e sul do ES: sol com varia\u00e7\u00e3o de nuvens e pancadas de chuva a partir da tarde. Temperaturas est\u00e1veis. Temperatura m\u00e1xima: 35C no oeste de SP. Temperatura m\u00ednima: 14C no sul de MG.<\/p>\n<p>Regi\u00e3o Sul \u2013 previs\u00e3o do tempo em 27\/11\/2010: No leste do PR e nordeste de SC: sol com varia\u00e7\u00e3o de nuvens e possibilidade de pancadas de chuva a tarde. No sul do RS: sol e varia\u00e7\u00e3o de nuvens. Nas demais \u00e1reas da Regi\u00e3o: predom\u00ednio de sol. Temperaturas elevadas no RS. Temperatura m\u00e1xima: 35C no norte do PR. Temperatura m\u00ednima: 11C nas \u00e1reas de serra de SC e RS.<\/p>\n<p>Previs\u00e3o do tempo e temperatura CPTEC<\/p>\n","protected":false},"excerpt":{"rendered":"<p>Previs\u00e3o do tempo \u2013 a meteorologia divulgou a previs\u00e3o do tempo e temperatura para s\u00e1bado (27\/11)\u00a0e informa que a Zona de Converg\u00eancia de Umidade ainda manter\u00e1 o tempo com muitas nuvens e com pancadas de chuva, que dever\u00e1 ser localmente forte, sobre a faixa que se estende desde o Norte do Brasil, Centro-Oeste, parte do [&hellip;]<\/p>\n","protected":false},"author":3,"featured_media":28409,"comment_status":"open","ping_status":"open","sticky":false,"template":"","format":"standard","meta":{"_genesis_hide_title":false,"_genesis_hide_breadcrumbs":false,"_genesis_hide_singular_image":false,"_genesis_hide_footer_widgets":false,"_genesis_custom_body_class":"","_genesis_custom_post_class":"","_genesis_layout":"","_jetpack_memberships_contains_paid_content":false,"footnotes":""},"categories":[22],"tags":[],"class_list":{"0":"post-32573","1":"post","2":"type-post","3":"status-publish","4":"format-standard","5":"has-post-thumbnail","7":"category-brasil","8":"entry","9":"gs-1","10":"gs-odd","11":"gs-even","12":"gs-featured-content-entry"},"jetpack_featured_media_url":"https:\/\/www.redenoticia.com.br\/noticia\/imagens\/previsao-do-tempo-e-temperatura.jpg","jetpack_sharing_enabled":true,"jetpack_likes_enabled":true,"_links":{"self":[{"href":"https:\/\/www.redenoticia.com.br\/noticia\/wp-json\/wp\/v2\/posts\/32573","targetHints":{"allow":["GET"]}}],"collection":[{"href":"https:\/\/www.redenoticia.com.br\/noticia\/wp-json\/wp\/v2\/posts"}],"about":[{"href":"https:\/\/www.redenoticia.com.br\/noticia\/wp-json\/wp\/v2\/types\/post"}],"author":[{"embeddable":true,"href":"https:\/\/www.redenoticia.com.br\/noticia\/wp-json\/wp\/v2\/users\/3"}],"replies":[{"embeddable":true,"href":"https:\/\/www.redenoticia.com.br\/noticia\/wp-json\/wp\/v2\/comments?post=32573"}],"version-history":[{"count":0,"href":"https:\/\/www.redenoticia.com.br\/noticia\/wp-json\/wp\/v2\/posts\/32573\/revisions"}],"wp:featuredmedia":[{"embeddable":true,"href":"https:\/\/www.redenoticia.com.br\/noticia\/wp-json\/wp\/v2\/media\/28409"}],"wp:attachment":[{"href":"https:\/\/www.redenoticia.com.br\/noticia\/wp-json\/wp\/v2\/media?parent=32573"}],"wp:term":[{"taxonomy":"category","embeddable":true,"href":"https:\/\/www.redenoticia.com.br\/noticia\/wp-json\/wp\/v2\/categories?post=32573"},{"taxonomy":"post_tag","embeddable":true,"href":"https:\/\/www.redenoticia.com.br\/noticia\/wp-json\/wp\/v2\/tags?post=32573"}],"curies":[{"name":"wp","href":"https:\/\/api.w.org\/{rel}","templated":true}]}}