{"id":32569,"date":"2010-11-26T09:18:04","date_gmt":"2010-11-26T13:18:04","guid":{"rendered":"http:\/\/www.redenoticia.com.br\/noticia\/?p=32569"},"modified":"2010-11-26T09:18:04","modified_gmt":"2010-11-26T13:18:04","slug":"itatiba-boa-opcao-de-turismo-e-compras","status":"publish","type":"post","link":"https:\/\/www.redenoticia.com.br\/noticia\/2010\/itatiba-boa-opcao-de-turismo-e-compras\/32569","title":{"rendered":"Itatiba &#8211; boa op\u00e7\u00e3o de turismo e compras"},"content":{"rendered":"<p>A menos de 90 km da capital, est\u00e1 localizada a &#8220;Sui\u00e7a Paulista&#8221;, como \u00e9  conhecida a cidade de <strong><em>Itatiba<\/em><\/strong>, devido seu clima temperado o ano todo e seu baixo  \u00edndice de polui\u00e7\u00e3o, um dos menores do Brasil para cidades de m\u00e9dio porte.  Segundo uma pesquisa da Funda\u00e7\u00e3o Seade, tamb\u00e9m \u00e9 considerada uma das melhores  cidades do Estado em infraestrutura e qualidade de vida, sem grande oscila\u00e7\u00e3o  econ\u00f4mica e problemas sazonais.<\/p>\n<p>Internacionalmente conhecida por seus m\u00f3veis coloniais, tamb\u00e9m se destaca nos  setores t\u00eaxtil, metal\u00fargico e qu\u00edmico com tecnologia de ponta. Al\u00e9m disso,  possui o projeto de &#8220;Desenvolvimento Sustent\u00e1vel&#8221; adotado pelas empresas para  gerar crescimento sem perder a qualidade de vida.<\/p>\n<p>A\u00a0agricultura se concentra nos hortifrutigranjeiros, com destaque para a  produ\u00e7\u00e3o de caqui, fruta que levou a cidade a fazer parte do P\u00f3lo Tur\u00edstico do  Circuito das Frutas e que est\u00e1 recebendo incentivos para se destacar no\u00a0agro neg\u00f3cio.<\/p>\n<p>Localizada na Serra da Jurema, a cidade tem recebido a cada ano novos  admiradores, por seu patr\u00f4monio hist\u00f3rico cultural, que vai de pra\u00e7as e pr\u00e9dios  antigos no centro da cidade ao Museu Tem\u00e1tico, instalado em um casar\u00e3o. Outra  divers\u00e3o pode ser o bosque ou o Para\u00edso das Aves, o primeiro Zooparque da  Am\u00e9rica Latina. Confira algumas dicas do que visitar:<\/p>\n<p>Museu Tem\u00e1tico:<strong> <\/strong>instalado em um Casar\u00e3o Colonial constru\u00eddo  em 1875, foi restaurado e hoje resgata a nossa hist\u00f3ria recebendo p\u00fablico  numeroso, al\u00e9m de escolas. Seu nome \u00e9 uma homenagem ao Padre Francisco de Lima,  pela sua dedica\u00e7\u00e3o para com esta cidade, como l\u00edder religioso, jornalista,  vereador e homem p\u00fablico que deixou marcas em diversas entidades assistenciais e  filantr\u00f3picas.<\/p>\n<p>Pra\u00e7a da Biquinha:<strong> <\/strong>Reformada em 1999,  essa antiga Pra\u00e7a \u00e9 conhecido pelas pessoas buscavam \u00e1gua para abastecer suas  casas. Diz a tradi\u00e7\u00e3o que quem bebe desta \u00e1gua, sempre retorna \u00e0 cidade.<\/p>\n<p>Bosque Ferraz Costa:<strong> <\/strong>O Parque conta com mais de  256.000m(2) de bosques e colinas, tornando-se um local de lazer e entretenimento  agrad\u00e1vel \u00e0 todos os freq\u00fcentadores. Al\u00e9m de um Gin\u00e1sio de Esportes, pista de  caminhada ecol\u00f3gica, 3 quadras poli esportivas, 4 canchas de bocha e um campo de  &#8220;gate bol&#8221;. Recebeu esse nome homenagem ao Sr. Ant\u00f4nio Ferraz Costa, antigo dono  da propriedade.<\/p>\n<p>Avenida 29 de Abril:<strong> <\/strong>Abriga mais de 40%  das lojas de m\u00f3veis da cidade. Era conhecida antigamente como rua do &#8220;Pito  Aceso&#8221;, pois no s\u00e9culo passado, haviam muitos escravos que ali habitavam e se  ofereciam para trabalhos bra\u00e7ais e durante a noite, sentavam-se nas cal\u00e7adas  fumando seus &#8220;Pitos de barro&#8221;. J\u00e1 o nome &#8220;29 de Abril&#8221;, lembra o significado  desta data para a cidade, que se deu pela liberta\u00e7\u00e3o dos escravos de Itatiba em  29 de abril \u00a0de 1888, 14 dias antes da Lei \u00c1urea.<\/p>\n<p>Para\u00edso das  Aves:<strong> <\/strong>Tamb\u00e9m conhecido como Zooparque Restaurante \u00e9 o primeiro  zooparque especializado da Am\u00e9rica Latina. Tem mais de 1200 animais em cinq\u00fcenta  recintos naturais entre aves, ant\u00edlopes, hipop\u00f3tamos, macacos, cobras e muito  mais. Conta com restaurante em estilo colonial, playground para as crian\u00e7as,  amplo estacionamento para quarenta \u00f4nibus e quatrocentos carros, visitas  monitoradas e cursos de educa\u00e7\u00e3o ambiental para escolas.<\/p>\n<p>Como  chegar<\/p>\n<p>Para chegar a Itatiba h\u00e1 duas op\u00e7\u00f5es de estrada. A  primeira \u00e9 seguindo direto pela Rodovia Bandeirantes, por\u00e9m com dois ped\u00e1gios no  caminho, ou ent\u00e3o pela Rodovia Fern\u00e3o Dias at\u00e9 Atibaia e acessar a Rodovia D.  Pedro I at\u00e9 Itatiba, com apenas um ped\u00e1gio.<\/p>\n<p>Antes de pegar a estrada,  confira como est\u00e1 o tr\u00e2nsito, acessando os sites da Secretaria Transportes (<a href=\"http:\/\/www.transportes.sp.gov.br\/\" target=\"_blank\">http:\/\/www.transportes.sp.gov.br<\/a>) e  do DER (<a href=\"http:\/\/www.der.sp.gov.br\/\" target=\"_blank\">http:\/\/www.der.sp.gov.br<\/a>). O  internauta pode ver o fluxo gra\u00e7as \u00e0s 33 c\u00e2meras espalhadas pelo Estado que  transmitem imagens em tempo real.<\/p>\n<p>Do Portal do Governo do Estado de S\u00e3o Paulo<\/p>\n","protected":false},"excerpt":{"rendered":"<p>A menos de 90 km da capital, est\u00e1 localizada a &#8220;Sui\u00e7a Paulista&#8221;, como \u00e9 conhecida a cidade de Itatiba, devido seu clima temperado o ano todo e seu baixo \u00edndice de polui\u00e7\u00e3o, um dos menores do Brasil para cidades de m\u00e9dio porte. Segundo uma pesquisa da Funda\u00e7\u00e3o Seade, tamb\u00e9m \u00e9 considerada uma das melhores cidades [&hellip;]<\/p>\n","protected":false},"author":3,"featured_media":0,"comment_status":"open","ping_status":"open","sticky":false,"template":"","format":"standard","meta":{"_genesis_hide_title":false,"_genesis_hide_breadcrumbs":false,"_genesis_hide_singular_image":false,"_genesis_hide_footer_widgets":false,"_genesis_custom_body_class":"","_genesis_custom_post_class":"","_genesis_layout":"","_jetpack_memberships_contains_paid_content":false,"footnotes":""},"categories":[22],"tags":[],"class_list":{"0":"post-32569","1":"post","2":"type-post","3":"status-publish","4":"format-standard","6":"category-brasil","7":"entry","8":"gs-1","9":"gs-odd","10":"gs-even","11":"gs-featured-content-entry"},"jetpack_featured_media_url":"","jetpack_sharing_enabled":true,"jetpack_likes_enabled":true,"_links":{"self":[{"href":"https:\/\/www.redenoticia.com.br\/noticia\/wp-json\/wp\/v2\/posts\/32569","targetHints":{"allow":["GET"]}}],"collection":[{"href":"https:\/\/www.redenoticia.com.br\/noticia\/wp-json\/wp\/v2\/posts"}],"about":[{"href":"https:\/\/www.redenoticia.com.br\/noticia\/wp-json\/wp\/v2\/types\/post"}],"author":[{"embeddable":true,"href":"https:\/\/www.redenoticia.com.br\/noticia\/wp-json\/wp\/v2\/users\/3"}],"replies":[{"embeddable":true,"href":"https:\/\/www.redenoticia.com.br\/noticia\/wp-json\/wp\/v2\/comments?post=32569"}],"version-history":[{"count":0,"href":"https:\/\/www.redenoticia.com.br\/noticia\/wp-json\/wp\/v2\/posts\/32569\/revisions"}],"wp:attachment":[{"href":"https:\/\/www.redenoticia.com.br\/noticia\/wp-json\/wp\/v2\/media?parent=32569"}],"wp:term":[{"taxonomy":"category","embeddable":true,"href":"https:\/\/www.redenoticia.com.br\/noticia\/wp-json\/wp\/v2\/categories?post=32569"},{"taxonomy":"post_tag","embeddable":true,"href":"https:\/\/www.redenoticia.com.br\/noticia\/wp-json\/wp\/v2\/tags?post=32569"}],"curies":[{"name":"wp","href":"https:\/\/api.w.org\/{rel}","templated":true}]}}