{"id":32547,"date":"2010-11-25T09:39:21","date_gmt":"2010-11-25T13:39:21","guid":{"rendered":"http:\/\/www.redenoticia.com.br\/noticia\/?p=32547"},"modified":"2010-11-25T09:39:21","modified_gmt":"2010-11-25T13:39:21","slug":"olimpiada-de-lingua-portuguesa-divulga-vencedores-no-dia-29","status":"publish","type":"post","link":"https:\/\/www.redenoticia.com.br\/noticia\/2010\/olimpiada-de-lingua-portuguesa-divulga-vencedores-no-dia-29\/32547","title":{"rendered":"Olimp\u00edada de l\u00edngua portuguesa divulga vencedores no dia 29"},"content":{"rendered":"<p><strong><em>Olimp\u00edada de l\u00edngua portuguesa<\/em><\/strong> &#8211; os 20 estudantes vencedores da Olimp\u00edada de L\u00edngua Portuguesa Escrevendo o  Futuro e seus professores ser\u00e3o conhecidos na pr\u00f3xima segunda-feira,  29, em Bras\u00edlia. O evento ser\u00e1 no Museu Nacional da Rep\u00fablica, na  Esplanada dos Minist\u00e9rios, \u00e0s 14h30.<\/p>\n<p>Concorrem aos pr\u00eamios 152 alunos  selecionados nas quatro fases regionais da olimp\u00edada nos g\u00eaneros liter\u00e1rios  poema, cr\u00f4nica, mem\u00f3ria e opini\u00e3o e 28 professores escolhidos entre aqueles que  fizeram relatos sobre o processo de produ\u00e7\u00e3o de textos abordando todas as etapas  do concurso.<\/p>\n<p>O conjunto de estudantes que teve seus textos aprovados  para a \u00faltima fase representa escolas de 26 das 27 unidades da Federa\u00e7\u00e3o e  alunos dos anos finais do ensino fundamental e do ensino m\u00e9dio p\u00fablico. Apenas  Roraima n\u00e3o tem finalista. Cada g\u00eanero liter\u00e1rio chega \u00e0 fase final com 38  concorrentes.<\/p>\n<p>Em Bras\u00edlia, cada professor e cada aluno vencedor receber\u00e1  medalha, um microcomputador e uma impressora; cada escola, dez  microcomputadores, uma impressora e cupons para escolha de livros para a  biblioteca do estabelecimento.<\/p>\n<p>Abrang\u00eancia<strong> <\/strong>\u2013 A segunda  edi\u00e7\u00e3o da Olimp\u00edada de L\u00edngua Portuguesa Escrevendo o Futuro, que teve como tema  O lugar onde vivo, alcan\u00e7ou representa\u00e7\u00e3o nacional. Dos 5.565 munic\u00edpios do  pa\u00eds, 5.223 participaram com 60,1 mil escolas p\u00fablicas da educa\u00e7\u00e3o b\u00e1sica e  239,4 mil professores.<\/p>\n<p>A produ\u00e7\u00e3o de textos nas escolas come\u00e7ou em junho  e seguiu nas etapas estaduais e regionais at\u00e9 19 de novembro. Nesse espa\u00e7o de  tempo, alunos do quinto e sexto ano do ensino fundamental escreveram poesia;  s\u00e9timo e oitavo ano, mem\u00f3ria; nono ano do ensino fundamental e primeira s\u00e9rie do  ensino m\u00e9dio, cr\u00f4nica; segunda e terceira s\u00e9ries do ensino m\u00e9dio, artigo de  opini\u00e3o.<\/p>\n<p>A Olimp\u00edada de L\u00edngua Portuguesa Escrevendo o Futuro \u00e9 promovida  pelo Minist\u00e9rio da Educa\u00e7\u00e3o e pela Funda\u00e7\u00e3o Ita\u00fa Social e coordenada pelo Centro  de Estudos e Pesquisas em Educa\u00e7\u00e3o, Cultura e A\u00e7\u00e3o Comunit\u00e1ria (Cenpec).<\/p>\n<p>Ionice Lorenzoni<\/p>\n<p><a href=\"http:\/\/portal.mec.gov.br\/index.php?option=com_docman&amp;task=doc_download&amp;gid=7091&amp;Itemid=\" target=\"_blank\">Confira<\/a> a rela\u00e7\u00e3o dos 152 estudantes finalistas por g\u00eanero liter\u00e1rio.<\/p>\n<p><a href=\"http:\/\/portal.mec.gov.br\/index.php?option=com_docman&amp;task=doc_download&amp;gid=7090&amp;Itemid=\" target=\"_blank\">Confira<\/a> a lista dos 28 professores finalistas, por categoria liter\u00e1ria.<\/p>\n","protected":false},"excerpt":{"rendered":"<p>Olimp\u00edada de l\u00edngua portuguesa &#8211; os 20 estudantes vencedores da Olimp\u00edada de L\u00edngua Portuguesa Escrevendo o Futuro e seus professores ser\u00e3o conhecidos na pr\u00f3xima segunda-feira, 29, em Bras\u00edlia. O evento ser\u00e1 no Museu Nacional da Rep\u00fablica, na Esplanada dos Minist\u00e9rios, \u00e0s 14h30. Concorrem aos pr\u00eamios 152 alunos selecionados nas quatro fases regionais da olimp\u00edada nos [&hellip;]<\/p>\n","protected":false},"author":3,"featured_media":0,"comment_status":"open","ping_status":"open","sticky":false,"template":"","format":"standard","meta":{"_genesis_hide_title":false,"_genesis_hide_breadcrumbs":false,"_genesis_hide_singular_image":false,"_genesis_hide_footer_widgets":false,"_genesis_custom_body_class":"","_genesis_custom_post_class":"","_genesis_layout":"","_jetpack_memberships_contains_paid_content":false,"footnotes":""},"categories":[22],"tags":[],"class_list":{"0":"post-32547","1":"post","2":"type-post","3":"status-publish","4":"format-standard","6":"category-brasil","7":"entry","8":"gs-1","9":"gs-odd","10":"gs-even","11":"gs-featured-content-entry"},"jetpack_featured_media_url":"","jetpack_sharing_enabled":true,"jetpack_likes_enabled":true,"_links":{"self":[{"href":"https:\/\/www.redenoticia.com.br\/noticia\/wp-json\/wp\/v2\/posts\/32547","targetHints":{"allow":["GET"]}}],"collection":[{"href":"https:\/\/www.redenoticia.com.br\/noticia\/wp-json\/wp\/v2\/posts"}],"about":[{"href":"https:\/\/www.redenoticia.com.br\/noticia\/wp-json\/wp\/v2\/types\/post"}],"author":[{"embeddable":true,"href":"https:\/\/www.redenoticia.com.br\/noticia\/wp-json\/wp\/v2\/users\/3"}],"replies":[{"embeddable":true,"href":"https:\/\/www.redenoticia.com.br\/noticia\/wp-json\/wp\/v2\/comments?post=32547"}],"version-history":[{"count":0,"href":"https:\/\/www.redenoticia.com.br\/noticia\/wp-json\/wp\/v2\/posts\/32547\/revisions"}],"wp:attachment":[{"href":"https:\/\/www.redenoticia.com.br\/noticia\/wp-json\/wp\/v2\/media?parent=32547"}],"wp:term":[{"taxonomy":"category","embeddable":true,"href":"https:\/\/www.redenoticia.com.br\/noticia\/wp-json\/wp\/v2\/categories?post=32547"},{"taxonomy":"post_tag","embeddable":true,"href":"https:\/\/www.redenoticia.com.br\/noticia\/wp-json\/wp\/v2\/tags?post=32547"}],"curies":[{"name":"wp","href":"https:\/\/api.w.org\/{rel}","templated":true}]}}