{"id":32532,"date":"2010-11-24T14:08:24","date_gmt":"2010-11-24T18:08:24","guid":{"rendered":"http:\/\/www.redenoticia.com.br\/noticia\/?p=32532"},"modified":"2010-11-24T14:08:24","modified_gmt":"2010-11-24T18:08:24","slug":"inscricao-para-miss-primavera-melhor-idade-em-sp","status":"publish","type":"post","link":"https:\/\/www.redenoticia.com.br\/noticia\/2010\/inscricao-para-miss-primavera-melhor-idade-em-sp\/32532","title":{"rendered":"Inscri\u00e7\u00e3o para Miss Primavera Melhor Idade em SP"},"content":{"rendered":"<p>O Fundo de Solidariedade e Desenvolvimento Social e Cultural do Estado de S\u00e3o  Paulo (Fussesp) realizar\u00e1 o &#8220;<strong><em>Concurso Miss Primavera &#8211; Maior Idade<\/em><\/strong> &#8211; ALEGRIA DE  VIVER&#8221; no dia\u00a02 de dezembro. As inscri\u00e7\u00f5es est\u00e3o abertas e o regulamento est\u00e1  dispon\u00edvel no site <a href=\"http:\/\/www.fussesp.sp.gov.br\/\" target=\"_blank\">www.fussesp.sp.gov.br<\/a>.<\/p>\n<p>O evento acontecer\u00e1 nas depend\u00eancias do Parque da \u00c1gua Branca, na capital, e  tem por objetivo de eleger a senhora que re\u00fana beleza, desenvoltura e simpatia  com a finalidade de valorizar a integra\u00e7\u00e3o social da terceira idade, por meio de  suas associa\u00e7\u00f5es e de atividades culturais de entretenimento. O concurso ir\u00e1  eleger a &#8220;Miss Primavera&#8221; de S\u00e3o Paulo e a &#8220;Miss Simpatia&#8221;, sendo que o mandato  dos eleitos se estender\u00e1 at\u00e9 o pr\u00f3ximo concurso.<\/p>\n<p>Durante o evento ser\u00e1  sorteada uma viagem e outros brindes para o p\u00fablico presente. Haver\u00e1 tamb\u00e9m uma  apresenta\u00e7\u00e3o musical com a presen\u00e7a do cantor Jerry Adriani, aberta ao p\u00fablico e  o ingresso ser\u00e1 um quilo (1 kg) de alimento n\u00e3o perec\u00edvel &#8211; que n\u00e3o poder\u00e1 ser  nem sal, nem a\u00e7\u00facar. Posteriormente as arrecada\u00e7\u00f5es ser\u00e3o doadas a entidades  ligadas a terceira idade, a serem definidas pela Comiss\u00e3o Organizadora,  juntamente com a Presidente do Fussesp e primeira-dama do Estado, Deuzeni  Goldman.<\/p>\n<p>Do Fussesp<\/p>\n","protected":false},"excerpt":{"rendered":"<p>O Fundo de Solidariedade e Desenvolvimento Social e Cultural do Estado de S\u00e3o Paulo (Fussesp) realizar\u00e1 o &#8220;Concurso Miss Primavera &#8211; Maior Idade &#8211; ALEGRIA DE VIVER&#8221; no dia\u00a02 de dezembro. As inscri\u00e7\u00f5es est\u00e3o abertas e o regulamento est\u00e1 dispon\u00edvel no site www.fussesp.sp.gov.br. O evento acontecer\u00e1 nas depend\u00eancias do Parque da \u00c1gua Branca, na capital, [&hellip;]<\/p>\n","protected":false},"author":3,"featured_media":0,"comment_status":"open","ping_status":"open","sticky":false,"template":"","format":"standard","meta":{"_genesis_hide_title":false,"_genesis_hide_breadcrumbs":false,"_genesis_hide_singular_image":false,"_genesis_hide_footer_widgets":false,"_genesis_custom_body_class":"","_genesis_custom_post_class":"","_genesis_layout":"","_jetpack_memberships_contains_paid_content":false,"footnotes":""},"categories":[22],"tags":[],"class_list":{"0":"post-32532","1":"post","2":"type-post","3":"status-publish","4":"format-standard","6":"category-brasil","7":"entry","8":"gs-1","9":"gs-odd","10":"gs-even","11":"gs-featured-content-entry"},"jetpack_featured_media_url":"","jetpack_sharing_enabled":true,"jetpack_likes_enabled":true,"_links":{"self":[{"href":"https:\/\/www.redenoticia.com.br\/noticia\/wp-json\/wp\/v2\/posts\/32532","targetHints":{"allow":["GET"]}}],"collection":[{"href":"https:\/\/www.redenoticia.com.br\/noticia\/wp-json\/wp\/v2\/posts"}],"about":[{"href":"https:\/\/www.redenoticia.com.br\/noticia\/wp-json\/wp\/v2\/types\/post"}],"author":[{"embeddable":true,"href":"https:\/\/www.redenoticia.com.br\/noticia\/wp-json\/wp\/v2\/users\/3"}],"replies":[{"embeddable":true,"href":"https:\/\/www.redenoticia.com.br\/noticia\/wp-json\/wp\/v2\/comments?post=32532"}],"version-history":[{"count":0,"href":"https:\/\/www.redenoticia.com.br\/noticia\/wp-json\/wp\/v2\/posts\/32532\/revisions"}],"wp:attachment":[{"href":"https:\/\/www.redenoticia.com.br\/noticia\/wp-json\/wp\/v2\/media?parent=32532"}],"wp:term":[{"taxonomy":"category","embeddable":true,"href":"https:\/\/www.redenoticia.com.br\/noticia\/wp-json\/wp\/v2\/categories?post=32532"},{"taxonomy":"post_tag","embeddable":true,"href":"https:\/\/www.redenoticia.com.br\/noticia\/wp-json\/wp\/v2\/tags?post=32532"}],"curies":[{"name":"wp","href":"https:\/\/api.w.org\/{rel}","templated":true}]}}