{"id":32520,"date":"2010-11-23T17:20:59","date_gmt":"2010-11-23T21:20:59","guid":{"rendered":"http:\/\/www.redenoticia.com.br\/noticia\/?p=32520"},"modified":"2010-11-23T17:20:59","modified_gmt":"2010-11-23T21:20:59","slug":"tendencia-da-moda-verao-paris-milao-e-eua","status":"publish","type":"post","link":"https:\/\/www.redenoticia.com.br\/noticia\/2010\/tendencia-da-moda-verao-paris-milao-e-eua\/32520","title":{"rendered":"Tend\u00eancia da moda ver\u00e3o Paris, Mil\u00e3o e EUA"},"content":{"rendered":"<p>A 36\u00aa edi\u00e7\u00e3o do semin\u00e1rio Senac Moda Informa\u00e7\u00e3o, um dos mais conceituados  eventos da ind\u00fastria de moda brasileira, foi sucesso de p\u00fablico e cr\u00edtica. Quem  participou do semin\u00e1rio, deparou-se com uma novidade: o preview apresentado pela  consultora de moda internacional Aissa Basile, que encerrava o dia de atividades  nas edi\u00e7\u00f5es anteriores, foi exibido on-line para os participantes cadastrados do  evento no dia 26 de outubro.<\/p>\n<p>Aissa Basile apresentou a cobertura das <strong><em>semanas de moda de Nova Yorque, Mil\u00e3o  e Paris<\/em><\/strong>, realizadas em setembro. Confira a seguir quais s\u00e3o as principais  apostas,\u00a0<strong><em>tend\u00eancias\u00a0de moda<\/em><\/strong> e temas apresentados nas passarelas para o Ver\u00e3o 2012:<\/p>\n<p>Romance buc\u00f3lico \u2013 Fresco e delicado como um jardim na primavera. O estilo  \u2018menina camponesa\u2019 ganhou destaque nas cole\u00e7\u00f5es em vestidos com al\u00e7as cruzadas  nas costas e pantacourts (cal\u00e7as mais curtas). Microvestidos e longuetes com  babados ao lado de t\u00fanicas e vestidos ombro a ombro com mangas bufantes tamb\u00e9m  foram vistos nas passarelas, assim como macac\u00f5es, macaquinhos e bloomers \u2013  aventais sobre a pele com bolsos chapados.<\/p>\n<p>Sensualidade minimal \u2013 Puro e simples ou composto e maximizado. No desfile da  Prada predominou o que a grife batizou de Minimal barroco &#8211; estampas, rococ\u00f3s,  tons fl\u00faor e listras. A simplicidade exagerada em volumes, cores e shapes foi  apresentada no desfile de Jil Sander, junto a detalhes metalizados e contraste  \u00f3ptico tamb\u00e9m foram destaques nas cole\u00e7\u00f5es. O Minimal tamb\u00e9m foi renovado pelas  sobreposi\u00e7\u00f5es e uso de transpar\u00eancias.<\/p>\n<p>Sport City \u2013 O vigor atl\u00e9tico. Nesse tema, leggings e joggers com bastante  mistura de mat\u00e9rias e sobreposi\u00e7\u00f5es marcaram presen\u00e7a na maioria dos desfiles.  Roupas inspiradas nos trajes dos judocas, anoraks e jaquetas moles  desestruturadas, assim como a amarra\u00e7\u00e3o paraquedas e cadar\u00e7os no tom s\u00e3o apostas  ousadas. Quem optar pelo tema precisar\u00e1 estar com a barriguinha em dia: bands,  mini-tops e cava fitness nos macac\u00f5es e nas regatas ser\u00e3o o must do ver\u00e3o  2012.<\/p>\n<p>Flash Back Anos 70 \u2013 O ver\u00e3o quer viver de corpo e alma. Atrav\u00e9s dos subtemas  Rock Fever, Glamour Sexy, Snob e Hedonista (inspirado no Studio 54, famosa  discoteca de Nova Yorque), as principais pe\u00e7as desfiladas nas passarelas foram:  vestidos com fendas vertiginosas, bainhas assim\u00e9tricas, decotes (ombro s\u00f3 e  frente \u00fanica), macac\u00f5es frente \u00fanica &#8211; com e sem pregas &#8211; e cal\u00e7as retas,  cenoura e palazzo (pijama). Ombros valorizados. A jaqueta biker, com tachas e  metelass\u00eas, foi a pe\u00e7a que mais apareceu, com comprimentos variados. A  alfaiataria Tomboy \u2013 mais descontra\u00edda \u2013 foi vista atrav\u00e9s de cal\u00e7as pegleg \u2013  curtas e mais ajustadas na panturrilha \u2013 e Skinny.<\/p>\n<p>Sedu\u00e7\u00e3o Andr\u00f3gina \u2013 Yves Saint Laurent mesclou o universo deles e delas,  nascendo ent\u00e3o a moda unissex. Os terninhos de 1971 e as cal\u00e7as pijama, com  frente flatch e algumas pregas, assim como o smoking de 1975, ser\u00e3o pe\u00e7as  essenciais na moda andr\u00f3gina. As camisas tamb\u00e9m foram destaque: come\u00e7am mais  curtas na frente alongando em cauda nas costas. A cl\u00e1ssica branca invadiu a  passarela.<\/p>\n<p>Hippie Chic \u2013 As t\u00fanicas \u2013 estampadas, com barrados, bordados ou safari -,  prometem ser o hit da esta\u00e7\u00e3o. Vestidos vaporosos, mais longos, com frente \u00fanica  tamb\u00e9m marcaram presen\u00e7a. Cal\u00e7as trompete e boca de sino, com cintura bem baixa,  aparecer\u00e3o em vers\u00f5es atuais.<\/p>\n<p>Perfume Oriental \u2013 Um olhar para o oriente. Os Cheongsan \u2013 vestidos de gueixa  &#8211; e a t\u00fanica mandarim fortalecem a feminilidade do tema. Quimonos, transpasses e  faixas tamb\u00e9m marcam presen\u00e7a na tend\u00eancia.<\/p>\n<p>Marinheiras \u2013 Retr\u00f4 em Dior e Betsey Johnson. Junya Watanabe apresentou um  lado mais gamine moderno do tema. As listras em estilo breton, o abotoamento  n\u00e1utico, macaquinhos, shorts-saias e jaquetas s\u00e3o elementares no tema.<\/p>\n<p>Data do 37\u00ba Senac Moda Informa\u00e7\u00e3o<\/p>\n<p>A pr\u00f3xima edi\u00e7\u00e3o do Senac Moda Informa\u00e7\u00e3o j\u00e1 tem data marcada. O semin\u00e1rio  ser\u00e1 realizado no Pal\u00e1cio de Conven\u00e7\u00f5es do Anhembi, no dia 24 de mar\u00e7o de  2011.<\/p>\n","protected":false},"excerpt":{"rendered":"<p>A 36\u00aa edi\u00e7\u00e3o do semin\u00e1rio Senac Moda Informa\u00e7\u00e3o, um dos mais conceituados eventos da ind\u00fastria de moda brasileira, foi sucesso de p\u00fablico e cr\u00edtica. Quem participou do semin\u00e1rio, deparou-se com uma novidade: o preview apresentado pela consultora de moda internacional Aissa Basile, que encerrava o dia de atividades nas edi\u00e7\u00f5es anteriores, foi exibido on-line para [&hellip;]<\/p>\n","protected":false},"author":3,"featured_media":0,"comment_status":"open","ping_status":"open","sticky":false,"template":"","format":"standard","meta":{"_genesis_hide_title":false,"_genesis_hide_breadcrumbs":false,"_genesis_hide_singular_image":false,"_genesis_hide_footer_widgets":false,"_genesis_custom_body_class":"","_genesis_custom_post_class":"","_genesis_layout":"","_jetpack_memberships_contains_paid_content":false,"footnotes":""},"categories":[22],"tags":[],"class_list":{"0":"post-32520","1":"post","2":"type-post","3":"status-publish","4":"format-standard","6":"category-brasil","7":"entry","8":"gs-1","9":"gs-odd","10":"gs-even","11":"gs-featured-content-entry"},"jetpack_featured_media_url":"","jetpack_sharing_enabled":true,"jetpack_likes_enabled":true,"_links":{"self":[{"href":"https:\/\/www.redenoticia.com.br\/noticia\/wp-json\/wp\/v2\/posts\/32520","targetHints":{"allow":["GET"]}}],"collection":[{"href":"https:\/\/www.redenoticia.com.br\/noticia\/wp-json\/wp\/v2\/posts"}],"about":[{"href":"https:\/\/www.redenoticia.com.br\/noticia\/wp-json\/wp\/v2\/types\/post"}],"author":[{"embeddable":true,"href":"https:\/\/www.redenoticia.com.br\/noticia\/wp-json\/wp\/v2\/users\/3"}],"replies":[{"embeddable":true,"href":"https:\/\/www.redenoticia.com.br\/noticia\/wp-json\/wp\/v2\/comments?post=32520"}],"version-history":[{"count":0,"href":"https:\/\/www.redenoticia.com.br\/noticia\/wp-json\/wp\/v2\/posts\/32520\/revisions"}],"wp:attachment":[{"href":"https:\/\/www.redenoticia.com.br\/noticia\/wp-json\/wp\/v2\/media?parent=32520"}],"wp:term":[{"taxonomy":"category","embeddable":true,"href":"https:\/\/www.redenoticia.com.br\/noticia\/wp-json\/wp\/v2\/categories?post=32520"},{"taxonomy":"post_tag","embeddable":true,"href":"https:\/\/www.redenoticia.com.br\/noticia\/wp-json\/wp\/v2\/tags?post=32520"}],"curies":[{"name":"wp","href":"https:\/\/api.w.org\/{rel}","templated":true}]}}