{"id":32517,"date":"2010-11-23T17:11:50","date_gmt":"2010-11-23T21:11:50","guid":{"rendered":"http:\/\/www.redenoticia.com.br\/noticia\/?p=32517"},"modified":"2010-11-23T17:12:18","modified_gmt":"2010-11-23T21:12:18","slug":"dicas-para-cabelos-masculinos-saudaveis","status":"publish","type":"post","link":"https:\/\/www.redenoticia.com.br\/noticia\/2010\/dicas-para-cabelos-masculinos-saudaveis\/32517","title":{"rendered":"Dicas para cabelos masculinos saud\u00e1veis"},"content":{"rendered":"<p><img loading=\"lazy\" decoding=\"async\" class=\"alignleft size-full wp-image-32518\" title=\"cabelo homem masculino\" src=\"https:\/\/www.redenoticia.com.br\/noticia\/imagens\/cabelo-homem-masculino.jpg\" alt=\"\" width=\"301\" height=\"194\" srcset=\"https:\/\/www.redenoticia.com.br\/noticia\/imagens\/cabelo-homem-masculino.jpg 301w, https:\/\/www.redenoticia.com.br\/noticia\/imagens\/cabelo-homem-masculino-250x161.jpg 250w, https:\/\/www.redenoticia.com.br\/noticia\/imagens\/cabelo-homem-masculino-150x96.jpg 150w\" sizes=\"auto, (max-width: 301px) 100vw, 301px\" \/>Muito se fala sobre como cuidar dos cabelos  levando em conta o que as mulheres esperam como padr\u00e3o de beleza para seus fios.  No entanto, sabemos que h\u00e1 diferen\u00e7as inquestion\u00e1veis no que se refere ao <strong><em>cabelo  masculino<\/em><\/strong> e feminino. Sem entrar no m\u00e9rito dermatol\u00f3gico mas aprofundar no  aspecto est\u00e9tico, o cabeleireiro Marcos Vianna \u2013 ele mesmo detentor de cabelos  fartos, bonitos e saud\u00e1veis \u2013 afirma que todo homem pode ter cabelos bem  cuidados a qualquer momento. \u201cN\u00e3o \u00e9 porque nunca a pessoa cuidou do cabelo que  mesmo com mais idade n\u00e3o ter\u00e1 como real\u00e7ar a beleza do cabelo\u201d, afirma, com base  em sua clientela masculina com idades de cinco a oitenta anos.<\/p>\n<p>O primeiro passo que Marcos ressalta como  importante para cabelos masculinos saud\u00e1veis e bonitos \u00e9 o cuidado regular na  lavagem dos fios. Homens costumam cometer erros neste processo, explica Marcos.  \u201cA lavagem deve ser feita com shampoo apropriado para o tipo de cabelo, e n\u00e3o  com sabonete em barra ou l\u00edquido, que tem pH muito diferente de um shampoo.  Mesmo os cabelos com couro cabeludo oleoso precisam de condicionamento no final  da lavagem at\u00e9 porque o processo do shampoo deixa os fios mais el\u00e9tricos e o  condicionador consegue equilibrar, o que resulta em fios menos arrepiados,  dif\u00edceis e duros\u201d, fala o profissional.<\/p>\n<p>O segundo passo est\u00e1 na hora de enxugar o cabelo,  que deve ser um processo calmo, e n\u00e3o repuxando os fios a ponto de quebra-los.  Marcos explica que, se a pessoa passa a toalha nos fios como quem est\u00e1 \u201capagando  inc\u00eandio\u201d, a tend\u00eancia \u00e9 tracionar os fios, induzindo a queda. \u201cO certo \u00e9  enxugar os fios sem colocar for\u00e7a, e depois de tirar o excesso de \u00e1gua massagear  o couro cabeludo para estimular a irriga\u00e7\u00e3o sangu\u00ednea. Um couro cabeludo  irrigado reduz em muito a queda de cabelos, popularmente conhecida como  alopecia\u201d, explica.<\/p>\n<p>Produtos de finaliza\u00e7\u00e3o voltados para o p\u00fablico  masculino s\u00e3o, na opini\u00e3o do profissional, excelentes para moldar os fios do  jeito que a pessoa quiser, e ainda permanecer com um visual bacana por todo o  dia. Ele explica que os novos produtos s\u00e3o formulados exatamente para quem passa  o dia sob efeito de luz seja natural, seja artificial, ainda em ambientes com  ressecamento \u2013 o ar condicionado dos escrit\u00f3rios \u2013 e mesmo a polui\u00e7\u00e3o do ar.  Usar produtos femininos pode trazer algum desconforto? Na opini\u00e3o de Marcos o  que \u00e9 desconfort\u00e1vel costuma ser o aroma, muito adocicado, e tamb\u00e9m o fato que  produtos voltados a mulheres esperam fios longos e pesados, coisa menos comum  nos homens.<\/p>\n<p>Dentre os aspectos que realmente fazem a  diferen\u00e7a no cabelo masculino, o que Marcos reitera que \u00e9 fundamental \u00e9 o  consumo maior de \u00e1gua. Um corpo hidratado traduz uma pele hidratada e  consequentemente um couro cabeludo hidratado. \u201cO excesso de oleosidade \u00e9 uma  defesa do couro cabeludo por falta de hidrata\u00e7\u00e3o\u201d, ressalta. Isso fica ainda  pior se a pessoa tiver h\u00e1bitos de usar chap\u00e9us e bon\u00e9s. \u201cA cabe\u00e7a coberta por  bon\u00e9 transforma-se num forno com temperaturas at\u00e9 dois graus acima do resto do  corpo, e o detalhe \u00e9 que a pessoa sentiria isso se fosse nas m\u00e3os ou p\u00e9s, mas  como \u00e9 no couro cabeludo este calor n\u00e3o \u00e9 desconfort\u00e1vel. Muitos jovens come\u00e7am  a ter queda de cabelos por uso excessivo de bon\u00e9s, \u00b4por vezes ficando com a  cabe\u00e7a coberta mais de dez horas por dia\u201d, alerta Marcos.<\/p>\n<p>Para finalizar, Marcos Vianna afirma que o cabelo  masculino \u00e9 alvo de aten\u00e7\u00e3o tanto das mulheres quanto dos homens, principalmente  quando se trata da primeira impress\u00e3o. \u201cHoje sabemos que imagem \u00e9 muito  relevante numa negocia\u00e7\u00e3o, num processo de sele\u00e7\u00e3o de candidatos. Fato \u00e9 que uma  pessoa com um visual bem cuidado torna-se visualmente mais agrad\u00e1vel, e hoje  coma tecnologia dispon\u00edvel todos podem usufruir da beleza dos cabelos como  aliado na rela\u00e7\u00e3o social, certo?\u201d alerta Marcos.<\/p>\n","protected":false},"excerpt":{"rendered":"<p>Muito se fala sobre como cuidar dos cabelos levando em conta o que as mulheres esperam como padr\u00e3o de beleza para seus fios. No entanto, sabemos que h\u00e1 diferen\u00e7as inquestion\u00e1veis no que se refere ao cabelo masculino e feminino. Sem entrar no m\u00e9rito dermatol\u00f3gico mas aprofundar no aspecto est\u00e9tico, o cabeleireiro Marcos Vianna \u2013 ele [&hellip;]<\/p>\n","protected":false},"author":3,"featured_media":32518,"comment_status":"open","ping_status":"open","sticky":false,"template":"","format":"standard","meta":{"_genesis_hide_title":false,"_genesis_hide_breadcrumbs":false,"_genesis_hide_singular_image":false,"_genesis_hide_footer_widgets":false,"_genesis_custom_body_class":"","_genesis_custom_post_class":"","_genesis_layout":"","_jetpack_memberships_contains_paid_content":false,"footnotes":""},"categories":[22],"tags":[],"class_list":{"0":"post-32517","1":"post","2":"type-post","3":"status-publish","4":"format-standard","5":"has-post-thumbnail","7":"category-brasil","8":"entry","9":"gs-1","10":"gs-odd","11":"gs-even","12":"gs-featured-content-entry"},"jetpack_featured_media_url":"https:\/\/www.redenoticia.com.br\/noticia\/imagens\/cabelo-homem-masculino.jpg","jetpack_sharing_enabled":true,"jetpack_likes_enabled":true,"_links":{"self":[{"href":"https:\/\/www.redenoticia.com.br\/noticia\/wp-json\/wp\/v2\/posts\/32517","targetHints":{"allow":["GET"]}}],"collection":[{"href":"https:\/\/www.redenoticia.com.br\/noticia\/wp-json\/wp\/v2\/posts"}],"about":[{"href":"https:\/\/www.redenoticia.com.br\/noticia\/wp-json\/wp\/v2\/types\/post"}],"author":[{"embeddable":true,"href":"https:\/\/www.redenoticia.com.br\/noticia\/wp-json\/wp\/v2\/users\/3"}],"replies":[{"embeddable":true,"href":"https:\/\/www.redenoticia.com.br\/noticia\/wp-json\/wp\/v2\/comments?post=32517"}],"version-history":[{"count":0,"href":"https:\/\/www.redenoticia.com.br\/noticia\/wp-json\/wp\/v2\/posts\/32517\/revisions"}],"wp:featuredmedia":[{"embeddable":true,"href":"https:\/\/www.redenoticia.com.br\/noticia\/wp-json\/wp\/v2\/media\/32518"}],"wp:attachment":[{"href":"https:\/\/www.redenoticia.com.br\/noticia\/wp-json\/wp\/v2\/media?parent=32517"}],"wp:term":[{"taxonomy":"category","embeddable":true,"href":"https:\/\/www.redenoticia.com.br\/noticia\/wp-json\/wp\/v2\/categories?post=32517"},{"taxonomy":"post_tag","embeddable":true,"href":"https:\/\/www.redenoticia.com.br\/noticia\/wp-json\/wp\/v2\/tags?post=32517"}],"curies":[{"name":"wp","href":"https:\/\/api.w.org\/{rel}","templated":true}]}}