{"id":32509,"date":"2010-11-23T13:39:44","date_gmt":"2010-11-23T17:39:44","guid":{"rendered":"http:\/\/www.redenoticia.com.br\/noticia\/?p=32509"},"modified":"2010-11-23T13:39:44","modified_gmt":"2010-11-23T17:39:44","slug":"obmep-2010-resultado-e-vencedores-serao-conhecidos-em-2511","status":"publish","type":"post","link":"https:\/\/www.redenoticia.com.br\/noticia\/2010\/obmep-2010-resultado-e-vencedores-serao-conhecidos-em-2511\/32509","title":{"rendered":"Obmep 2010 &#8211; resultado e vencedores ser\u00e3o conhecidos em 25\/11"},"content":{"rendered":"<p><strong><em><img loading=\"lazy\" decoding=\"async\" class=\"alignleft size-full wp-image-29138\" title=\"obmep 2010 prova resultado gabarito\" src=\"https:\/\/www.redenoticia.com.br\/noticia\/imagens\/obmep-2010-prova-resultado-gabarito.jpg\" alt=\"\" width=\"300\" height=\"193\" srcset=\"https:\/\/www.redenoticia.com.br\/noticia\/imagens\/obmep-2010-prova-resultado-gabarito.jpg 300w, https:\/\/www.redenoticia.com.br\/noticia\/imagens\/obmep-2010-prova-resultado-gabarito-250x160.jpg 250w, https:\/\/www.redenoticia.com.br\/noticia\/imagens\/obmep-2010-prova-resultado-gabarito-150x96.jpg 150w\" sizes=\"auto, (max-width: 300px) 100vw, 300px\" \/>Obmep 2010<\/em><\/strong> &#8211; ser\u00e3o conhecidos na quinta-feira, 25, os 3,2 mil estudantes  vencedores da sexta Olimp\u00edada Brasileira de Matem\u00e1tica das Escolas P\u00fablicas  (Obmep). A solenidade de divulga\u00e7\u00e3o dos ganhadores ter\u00e1 in\u00edcio \u00e0s 10h, no  Minist\u00e9rio de Ci\u00eancia e Tecnologia, com a presen\u00e7a dos ministros da Educa\u00e7\u00e3o,  Fernando Haddad, e da Ci\u00eancia e Tecnologia, S\u00e9rgio Rezende. As medalhas ser\u00e3o  entregues no pr\u00f3ximo ano.<\/p>\n<p>A competi\u00e7\u00e3o teve 500 medalhistas de ouro, 900  de prata e 1,8 mil de bronze, selecionados entre 19,6 milh\u00f5es de alunos  inscritos em todo o pa\u00eds. O conjunto de ganhadores ser\u00e1 convidado a participar  do Programa de Inicia\u00e7\u00e3o Cient\u00edfica J\u00fanior (PIC-Obmep) do Minist\u00e9rio de Ci\u00eancia  e Tecnologia.<\/p>\n<p>Na solenidade, tamb\u00e9m ser\u00e3o anunciados os estudantes que  receber\u00e3o men\u00e7\u00e3o honrosa. Eles obtiveram boa pontua\u00e7\u00e3o nas duas etapas da Obmep,  mas n\u00e3o somaram pontos suficientes para a classifica\u00e7\u00e3o entre os ganhadores de  medalhas. At\u00e9 30 mil estudantes podem receber essa men\u00e7\u00e3o.<\/p>\n<p>A Olimp\u00edada  Brasileira de Matem\u00e1tica das Escolas P\u00fablicas, realizada desde 2005,  \u00e9 dirigida a estudantes da educa\u00e7\u00e3o b\u00e1sica \u2014 n\u00edvel um para alunos do sexto e do  s\u00e9timo anos do ensino fundamental; n\u00edvel dois, do oitavo e do nono anos do  ensino fundamental; n\u00edvel tr\u00eas, todas as s\u00e9ries do ensino  m\u00e9dio.<\/p>\n<p>Pr\u00eamios<strong> <\/strong>\u2014 Projeto de est\u00edmulo ao estudo da  matem\u00e1tica, a olimp\u00edada \u00e9 voltada para escolas p\u00fablicas, estudantes e  professores de todo o pa\u00eds. Para estimular a participa\u00e7\u00e3o, a Obmep produz e  distribui material did\u00e1tico, oferece est\u00e1gio aos professores premiados e  participa\u00e7\u00e3o de alunos no Programa de Inicia\u00e7\u00e3o Cient\u00edfica J\u00fanior. Nesse  programa, os ganhadores da competi\u00e7\u00e3o estudam matem\u00e1tica por um ano com bolsa de  estudos do Conselho Nacional de Desenvolvimento Cient\u00edfico e Tecnol\u00f3gico (CNPq).  A Obmep tamb\u00e9m prepara, a cada ano, cerca de 30 medalhistas de ouro para  competi\u00e7\u00f5es internacionais.<\/p>\n<p>Promovida pelos dois minist\u00e9rios, a Obmep \u00e9 realizada pelo  Instituto Nacional de Matem\u00e1tica Pura Aplicada (Impa) e pela Sociedade  Brasileira de Matem\u00e1tica (SBM). No conjunto, a <a href=\"http:\/\/www.obmep.org.br\/regulamento.html\" target=\"_blank\">Obmep de 2010<\/a> recebeu 19,6 milh\u00f5es de inscri\u00e7\u00f5es de estudantes de 99,2% dos munic\u00edpios do  pa\u00eds.<\/p>\n<p>Ionice Lorenzoni<\/p>\n","protected":false},"excerpt":{"rendered":"<p>Obmep 2010 &#8211; ser\u00e3o conhecidos na quinta-feira, 25, os 3,2 mil estudantes vencedores da sexta Olimp\u00edada Brasileira de Matem\u00e1tica das Escolas P\u00fablicas (Obmep). A solenidade de divulga\u00e7\u00e3o dos ganhadores ter\u00e1 in\u00edcio \u00e0s 10h, no Minist\u00e9rio de Ci\u00eancia e Tecnologia, com a presen\u00e7a dos ministros da Educa\u00e7\u00e3o, Fernando Haddad, e da Ci\u00eancia e Tecnologia, S\u00e9rgio Rezende. [&hellip;]<\/p>\n","protected":false},"author":3,"featured_media":29138,"comment_status":"open","ping_status":"open","sticky":false,"template":"","format":"standard","meta":{"_genesis_hide_title":false,"_genesis_hide_breadcrumbs":false,"_genesis_hide_singular_image":false,"_genesis_hide_footer_widgets":false,"_genesis_custom_body_class":"","_genesis_custom_post_class":"","_genesis_layout":"","_jetpack_memberships_contains_paid_content":false,"footnotes":""},"categories":[22],"tags":[],"class_list":{"0":"post-32509","1":"post","2":"type-post","3":"status-publish","4":"format-standard","5":"has-post-thumbnail","7":"category-brasil","8":"entry","9":"gs-1","10":"gs-odd","11":"gs-even","12":"gs-featured-content-entry"},"jetpack_featured_media_url":"https:\/\/www.redenoticia.com.br\/noticia\/imagens\/obmep-2010-prova-resultado-gabarito.jpg","jetpack_sharing_enabled":true,"jetpack_likes_enabled":true,"_links":{"self":[{"href":"https:\/\/www.redenoticia.com.br\/noticia\/wp-json\/wp\/v2\/posts\/32509","targetHints":{"allow":["GET"]}}],"collection":[{"href":"https:\/\/www.redenoticia.com.br\/noticia\/wp-json\/wp\/v2\/posts"}],"about":[{"href":"https:\/\/www.redenoticia.com.br\/noticia\/wp-json\/wp\/v2\/types\/post"}],"author":[{"embeddable":true,"href":"https:\/\/www.redenoticia.com.br\/noticia\/wp-json\/wp\/v2\/users\/3"}],"replies":[{"embeddable":true,"href":"https:\/\/www.redenoticia.com.br\/noticia\/wp-json\/wp\/v2\/comments?post=32509"}],"version-history":[{"count":0,"href":"https:\/\/www.redenoticia.com.br\/noticia\/wp-json\/wp\/v2\/posts\/32509\/revisions"}],"wp:featuredmedia":[{"embeddable":true,"href":"https:\/\/www.redenoticia.com.br\/noticia\/wp-json\/wp\/v2\/media\/29138"}],"wp:attachment":[{"href":"https:\/\/www.redenoticia.com.br\/noticia\/wp-json\/wp\/v2\/media?parent=32509"}],"wp:term":[{"taxonomy":"category","embeddable":true,"href":"https:\/\/www.redenoticia.com.br\/noticia\/wp-json\/wp\/v2\/categories?post=32509"},{"taxonomy":"post_tag","embeddable":true,"href":"https:\/\/www.redenoticia.com.br\/noticia\/wp-json\/wp\/v2\/tags?post=32509"}],"curies":[{"name":"wp","href":"https:\/\/api.w.org\/{rel}","templated":true}]}}