{"id":32500,"date":"2010-11-23T12:18:21","date_gmt":"2010-11-23T16:18:21","guid":{"rendered":"http:\/\/www.redenoticia.com.br\/noticia\/?p=32500"},"modified":"2010-11-23T12:18:21","modified_gmt":"2010-11-23T16:18:21","slug":"brasil-ja-tem-23-vagas-para-os-jogos-olimpicos-de-londres-2012","status":"publish","type":"post","link":"https:\/\/www.redenoticia.com.br\/noticia\/2010\/brasil-ja-tem-23-vagas-para-os-jogos-olimpicos-de-londres-2012\/32500","title":{"rendered":"Brasil j\u00e1 tem 23 vagas para os Jogos Ol\u00edmpicos de Londres 2012"},"content":{"rendered":"<p>A delega\u00e7\u00e3o que representar\u00e1 o Brasil nos <strong><em>Jogos Ol\u00edmpicos de Londres 2012<\/em><\/strong> j\u00e1  come\u00e7a a tomar forma. No \u00faltimo final de semana, atletas brasileiros de duas  modalidades garantiram presen\u00e7a no maior evento esportivo do mundo. Futebol  feminino, com 18 atletas, e tiro esportivo, com uma atleta, se juntam ao  hipismo, que havia classificado a equipe de saltos. Com isso, o Brasil j\u00e1 soma  23 vagas asseguradas.<\/p>\n<p>No s\u00e1bado, dia 20, a atleta Ana Luiza Mello conquistou a medalha de ouro na  prova Pistola 25m do Campeonato das Am\u00e9ricas de Tiro Esportivo e garantiu a  primeira vaga individual brasileira para os Jogos Ol\u00edmpicos Londres 2012. A  competi\u00e7\u00e3o est\u00e1 sendo realizada no Centro Nacional de Tiro Esportivo, em Deodoro  (RJ), instala\u00e7\u00e3o constru\u00edda para os Jogos Pan-americanos de 2007 e que sediar\u00e1  as provas de tiro nos Jogos Ol\u00edmpicos Rio 2016.<\/p>\n<p>J\u00e1 a Sele\u00e7\u00e3o feminina de futebol chega a mais uma edi\u00e7\u00e3o ol\u00edmpica, ap\u00f3s  conquistar de forma invicta o Campeonato Sul-Americano, disputado no Equador. No  jogo final, neste domingo, 21, em Quito, o Brasil derrotou o Chile por 3 a 1,  coroando a bela campanha na competi\u00e7\u00e3o: sete vit\u00f3rias em sete jogos, com 25 gols  marcados e apenas dois sofridos. Daniele e Marta (dois) marcaram os gols do  Brasil.<\/p>\n<p>Os Jogos Ol\u00edmpicos de Londres ser\u00e3o realizados entre os dias 27 de julho e 12  de agosto de 2012.<br \/>\nVagas do Time Brasil nos Jogos Ol\u00edmpicos Londres 2012:<\/p>\n<p>Hipismo saltos &#8211; Equipe (4 atletas)<\/p>\n<p>Futebol feminino &#8211; Equipe (18 atletas)<\/p>\n<p>Tiro Esportivo &#8211; Pistola 25m (Ana Luiza Mello)<\/p>\n<p>Assessoria de Imprensa do COB \/ Textual<\/p>\n","protected":false},"excerpt":{"rendered":"<p>A delega\u00e7\u00e3o que representar\u00e1 o Brasil nos Jogos Ol\u00edmpicos de Londres 2012 j\u00e1 come\u00e7a a tomar forma. No \u00faltimo final de semana, atletas brasileiros de duas modalidades garantiram presen\u00e7a no maior evento esportivo do mundo. Futebol feminino, com 18 atletas, e tiro esportivo, com uma atleta, se juntam ao hipismo, que havia classificado a equipe [&hellip;]<\/p>\n","protected":false},"author":3,"featured_media":0,"comment_status":"open","ping_status":"open","sticky":false,"template":"","format":"standard","meta":{"_genesis_hide_title":false,"_genesis_hide_breadcrumbs":false,"_genesis_hide_singular_image":false,"_genesis_hide_footer_widgets":false,"_genesis_custom_body_class":"","_genesis_custom_post_class":"","_genesis_layout":"","_jetpack_memberships_contains_paid_content":false,"footnotes":""},"categories":[22],"tags":[],"class_list":{"0":"post-32500","1":"post","2":"type-post","3":"status-publish","4":"format-standard","6":"category-brasil","7":"entry","8":"gs-1","9":"gs-odd","10":"gs-even","11":"gs-featured-content-entry"},"jetpack_featured_media_url":"","jetpack_sharing_enabled":true,"jetpack_likes_enabled":true,"_links":{"self":[{"href":"https:\/\/www.redenoticia.com.br\/noticia\/wp-json\/wp\/v2\/posts\/32500","targetHints":{"allow":["GET"]}}],"collection":[{"href":"https:\/\/www.redenoticia.com.br\/noticia\/wp-json\/wp\/v2\/posts"}],"about":[{"href":"https:\/\/www.redenoticia.com.br\/noticia\/wp-json\/wp\/v2\/types\/post"}],"author":[{"embeddable":true,"href":"https:\/\/www.redenoticia.com.br\/noticia\/wp-json\/wp\/v2\/users\/3"}],"replies":[{"embeddable":true,"href":"https:\/\/www.redenoticia.com.br\/noticia\/wp-json\/wp\/v2\/comments?post=32500"}],"version-history":[{"count":0,"href":"https:\/\/www.redenoticia.com.br\/noticia\/wp-json\/wp\/v2\/posts\/32500\/revisions"}],"wp:attachment":[{"href":"https:\/\/www.redenoticia.com.br\/noticia\/wp-json\/wp\/v2\/media?parent=32500"}],"wp:term":[{"taxonomy":"category","embeddable":true,"href":"https:\/\/www.redenoticia.com.br\/noticia\/wp-json\/wp\/v2\/categories?post=32500"},{"taxonomy":"post_tag","embeddable":true,"href":"https:\/\/www.redenoticia.com.br\/noticia\/wp-json\/wp\/v2\/tags?post=32500"}],"curies":[{"name":"wp","href":"https:\/\/api.w.org\/{rel}","templated":true}]}}