{"id":32496,"date":"2010-11-23T12:11:34","date_gmt":"2010-11-23T16:11:34","guid":{"rendered":"http:\/\/www.redenoticia.com.br\/noticia\/?p=32496"},"modified":"2010-11-23T12:11:34","modified_gmt":"2010-11-23T16:11:34","slug":"bndes-defende-inovacao-em-empresas-exportadoras","status":"publish","type":"post","link":"https:\/\/www.redenoticia.com.br\/noticia\/2010\/bndes-defende-inovacao-em-empresas-exportadoras\/32496","title":{"rendered":"BNDES defende inova\u00e7\u00e3o em empresas exportadoras"},"content":{"rendered":"<p>O presidente do Banco Nacional de Desenvolvimento Econ\u00f4mico e Social (<strong><em>BNDES<\/em><\/strong>),  Luciano Coutinho, defendeu a necessidade do Brasil aprofundar a inova\u00e7\u00e3o nas  <strong><em>empresas exportadoras<\/em><\/strong>, especialmente de commodities, para continuar competitivo  no mercado global. O alerta foi dado nesta sexta-feira, 19 de outubro, na  Federa\u00e7\u00e3o das Ind\u00fastrias do Estado da Bahia (FIEB), no lan\u00e7amento do n\u00facleo de  inova\u00e7\u00e3o da Bahia.<\/p>\n<p>O n\u00facleo \u00e9 uma a\u00e7\u00e3o da Mobiliza\u00e7\u00e3o Empresarial pela Inova\u00e7\u00e3o (MEI),  iniciativa da Confedera\u00e7\u00e3o Nacional da Ind\u00fastria (CNI) para dobrar em quatro  anos o n\u00famero de empresas inovadoras no pa\u00eds. O n\u00facleo da Bahia \u00e9 o d\u00e9cimo  criado este ano pela MEI, em parceria com as federa\u00e7\u00f5es estaduais das  ind\u00fastrias. Os outros n\u00facleos instalados s\u00e3o o de Santa Catarina, Paran\u00e1, Rio  Grande do Sul, Esp\u00edrito Santo, S\u00e3o Paulo, Minas Gerais, Distrito Federal,  Maranh\u00e3o e Pernambuco.<\/p>\n<p>Coutinho enfatizou a necessidade de se criar uma rede adequada de log\u00edstica  para tornar a cadeia de commodities brasileiras inovadora. \u201cTenho certeza de que  o governo da presidente eleita Dilma Rousseff incentivar\u00e1 os investimentos em  log\u00edstica Isso abrange portos, aeroportos e ferrovias\u201d, declarou o presidente do  BNDES.<\/p>\n<p>Segundo ele, \u201cn\u00e3o existem mais impedimentos para que os empres\u00e1rios  brasileiros se engajem na agenda da inova\u00e7\u00e3o\u201d, na medida em que, conforme  assegurou, h\u00e1 recursos suficientes e incentivos para a atividade.<\/p>\n<p>Diante de uma plat\u00e9ia de empres\u00e1rios, Coutinho salientou a necessidade de  maior engajamento do setor produtivo na inova\u00e7\u00e3o, assumindo riscos, para que o  pa\u00eds se torne mais competitivo. Informou que o investimento das empresas em  inova\u00e7\u00e3o corresponde a 1,5% do Produto Interno Bruto (PIB) nas economias dos  pa\u00edses desenvolvidos, percentual que \u00e9 bem menor no Brasil. \u201cTenho convic\u00e7\u00e3o de  que o setor empresarial brasileiro vai dar uma arrancada firme em dire\u00e7\u00e3o \u00e0  inova\u00e7\u00e3o\u201d, assinalou.<\/p>\n<p>O presidente do BNDES destacou o papel da MEI ao fortalecer a parceria entre  o setor privado e o governo federal no aprimoramento das pol\u00edticas de incentivo  \u00e0 inova\u00e7\u00e3o. \u201cTodas as necessidades de aperfei\u00e7oamento das pol\u00edticas de inova\u00e7\u00e3o  apontadas na MEI foram acolhidas pelo governo\u201d, destacou. Citou, entre elas, o  poder dado ao governo federal de usar seu poder de compra em favor das empresas  brasileiras que investirem em inova\u00e7\u00e3o.<\/p>\n<p>Planos de gest\u00e3o &#8211; O lan\u00e7amento do n\u00facleo de inova\u00e7\u00e3o da Bahia ocorreu  durante o Semin\u00e1rio Oportunidades de Inova\u00e7\u00e3o para a Bahia, realizado pela FIEB.  O n\u00facleo da Bahia reunir\u00e1 a FIEB, o Instituto Euvaldo Lodi (IEL), o Servi\u00e7o  Social da Ind\u00fastria (SESI), o Servi\u00e7o Nacional de Aprendizagem Industrial  (SENAI). Outras entidades parceiras s\u00e3o o Servi\u00e7o Brasileiro de Apoio \u00e0s Micro e  Pequenas Empresas (Sebrae), a Funda\u00e7\u00e3o de Amparo \u00e0 Pesquisa do Estado da Bahia  (FAPESB), o Instituto Federal de Educa\u00e7\u00e3o, Ci\u00eancia e Tecnologia, universidades  locais, as secretarias estaduais de Ind\u00fastria e Com\u00e9rcio e de Ci\u00eancia e  Tecnologia.<\/p>\n<p>O diretor de Educa\u00e7\u00e3o e Tecnologia da CNI, Rafael Lucchesi, ressaltou a  import\u00e2ncia dos n\u00facleos e das federa\u00e7\u00f5es na mobiliza\u00e7\u00e3o e sensibiliza\u00e7\u00e3o das  empresas para a inova\u00e7\u00e3o e no papel de capacitar e prestar assessoria para as  ind\u00fastrias elaborarem e implantarem planos de gest\u00e3o da inova\u00e7\u00e3o. \u201cO papel da  MEI \u00e9 colocar a inova\u00e7\u00e3o no centro das estrat\u00e9gias empresariais\u201d, disse  Lucchesi, para quem \u00e9 necess\u00e1rio ampliar a capacidade de alavancagem dos gastos  p\u00fablicos no setor.<\/p>\n<p>Lembrou como iniciativas propostas pela MEI e aprovadas pelo governo a  desonera\u00e7\u00e3o tribut\u00e1ria nos investimentos em inova\u00e7\u00e3o e a cria\u00e7\u00e3o da sala de  inova\u00e7\u00e3o, que reunir\u00e1 numa s\u00f3 inst\u00e2ncia as institui\u00e7\u00f5es governamentais  respons\u00e1veis por aprovar projetos de inova\u00e7\u00e3o, dando celeridade aos  empreendimentos e evitando superposi\u00e7\u00f5es.<\/p>\n<p>O secret\u00e1rio-executivo do Minist\u00e9rio da Ci\u00eancia e Tecnologia, Luiz Elias, e o  diretor t\u00e9cnico do Sebrae nacional, Carlos Alberto dos Santos, alertaram para a  necessidade de se aumentar a apresenta\u00e7\u00e3o de projetos.. \u201cHoje temos mais  recursos e possibilidades do que demandas\u201d, informou Santos.<\/p>\n<p>O presidente da FIEB, Jos\u00e9 de Freitas Mascarenhas, considerou essencial o  trabalho de divulga\u00e7\u00e3o desses instrumentos junto \u00e0s empresas. Defendeu, por\u00e9m, a  necessidade de redu\u00e7\u00e3o da burocracia para acesso aos recursos. Reafirmou o  empenho e interesse da entidade em levar a inova\u00e7\u00e3o para as empresas locais,  citando como exemplo a instala\u00e7\u00e3o do Centro Integrado de Manufatura e Tecnologia  (CIMATEC), unidade de forma\u00e7\u00e3o de profissional do SENAI.<\/p>\n","protected":false},"excerpt":{"rendered":"<p>O presidente do Banco Nacional de Desenvolvimento Econ\u00f4mico e Social (BNDES), Luciano Coutinho, defendeu a necessidade do Brasil aprofundar a inova\u00e7\u00e3o nas empresas exportadoras, especialmente de commodities, para continuar competitivo no mercado global. O alerta foi dado nesta sexta-feira, 19 de outubro, na Federa\u00e7\u00e3o das Ind\u00fastrias do Estado da Bahia (FIEB), no lan\u00e7amento do n\u00facleo [&hellip;]<\/p>\n","protected":false},"author":3,"featured_media":0,"comment_status":"open","ping_status":"open","sticky":false,"template":"","format":"standard","meta":{"_genesis_hide_title":false,"_genesis_hide_breadcrumbs":false,"_genesis_hide_singular_image":false,"_genesis_hide_footer_widgets":false,"_genesis_custom_body_class":"","_genesis_custom_post_class":"","_genesis_layout":"","_jetpack_memberships_contains_paid_content":false,"footnotes":""},"categories":[22,7],"tags":[],"class_list":{"0":"post-32496","1":"post","2":"type-post","3":"status-publish","4":"format-standard","6":"category-brasil","7":"category-economia","8":"entry","9":"gs-1","10":"gs-odd","11":"gs-even","12":"gs-featured-content-entry"},"jetpack_featured_media_url":"","jetpack_sharing_enabled":true,"jetpack_likes_enabled":true,"_links":{"self":[{"href":"https:\/\/www.redenoticia.com.br\/noticia\/wp-json\/wp\/v2\/posts\/32496","targetHints":{"allow":["GET"]}}],"collection":[{"href":"https:\/\/www.redenoticia.com.br\/noticia\/wp-json\/wp\/v2\/posts"}],"about":[{"href":"https:\/\/www.redenoticia.com.br\/noticia\/wp-json\/wp\/v2\/types\/post"}],"author":[{"embeddable":true,"href":"https:\/\/www.redenoticia.com.br\/noticia\/wp-json\/wp\/v2\/users\/3"}],"replies":[{"embeddable":true,"href":"https:\/\/www.redenoticia.com.br\/noticia\/wp-json\/wp\/v2\/comments?post=32496"}],"version-history":[{"count":0,"href":"https:\/\/www.redenoticia.com.br\/noticia\/wp-json\/wp\/v2\/posts\/32496\/revisions"}],"wp:attachment":[{"href":"https:\/\/www.redenoticia.com.br\/noticia\/wp-json\/wp\/v2\/media?parent=32496"}],"wp:term":[{"taxonomy":"category","embeddable":true,"href":"https:\/\/www.redenoticia.com.br\/noticia\/wp-json\/wp\/v2\/categories?post=32496"},{"taxonomy":"post_tag","embeddable":true,"href":"https:\/\/www.redenoticia.com.br\/noticia\/wp-json\/wp\/v2\/tags?post=32496"}],"curies":[{"name":"wp","href":"https:\/\/api.w.org\/{rel}","templated":true}]}}