{"id":32489,"date":"2010-11-22T11:53:23","date_gmt":"2010-11-22T15:53:23","guid":{"rendered":"http:\/\/www.redenoticia.com.br\/noticia\/?p=32489"},"modified":"2010-11-22T11:53:23","modified_gmt":"2010-11-22T15:53:23","slug":"cptm-sp-exposicao-sobre-historias-em-quadrinhos","status":"publish","type":"post","link":"https:\/\/www.redenoticia.com.br\/noticia\/2010\/cptm-sp-exposicao-sobre-historias-em-quadrinhos\/32489","title":{"rendered":"CPTM SP &#8211; exposi\u00e7\u00e3o sobre hist\u00f3rias em quadrinhos"},"content":{"rendered":"<p>A Esta\u00e7\u00e3o Julio Prestes, na Linha 8-Diamante da CPTM (Companhia Paulista de Transportes Metropolitanos), recebe, at\u00e9 o dia 8 de dezembro, uma exposi\u00e7\u00e3o sobre a trajet\u00f3ria dos quadrinhos nacionais e internacionais. A mostra &#8220;A Hist\u00f3ria das <strong><em>Hist\u00f3rias em Quadrinhos<\/em><\/strong>&#8220;, realizada pela Secretaria do Estado da Cultura, por meio do Sistema Estadual de Museus (SISEM-SP), apresenta alguns personagens e s\u00e9ries antigas que marcaram crian\u00e7as e jovens e continuam queridos entre colecionadores e f\u00e3s.<\/p>\n<p>Na exposi\u00e7\u00e3o, o curador \u00c1lvaro Moy\u00e1 relaciona a produ\u00e7\u00e3o art\u00edstica de todas as HQs ao contexto hist\u00f3rico que originou sua cria\u00e7\u00e3o, caracteriza os detalhes de tra\u00e7os e os argumentos usados pelos desenhistas na concep\u00e7\u00e3o de seu trabalho. A exposi\u00e7\u00e3o tamb\u00e9m apresenta a expans\u00e3o comercial que os quadrinhos obtiveram ao longo do tempo e fez com que, de tiras de jornais se transformassem em revistas pr\u00f3prias e em outras mercadorias.<\/p>\n<p>Ap\u00f3s a Esta\u00e7\u00e3o Julio Prestes, a mostra tamb\u00e9m passar\u00e1 pelas esta\u00e7\u00f5es Jos\u00e9 Bonif\u00e1cio (Linha 11-Coral) e Itaim Paulista (Linha 12-Safira), em datas a serem definidas. A exposi\u00e7\u00e3o \u00e9 produzida pela Unidade de Fomento e Difus\u00e3o de Produ\u00e7\u00e3o Cultural (UFDPC) e realizada em parceria com a ACAM Portinari (Associa\u00e7\u00e3o Cultural de Amigos do Museu Casa de Portinari).<\/p>\n<p>Servi\u00e7o:<br \/>\nHist\u00f3ria das Hist\u00f3rias em Quadrinhos<br \/>\nPer\u00edodo: de 19\/11 a 8\/12\/2010<br \/>\nLocal: Esta\u00e7\u00e3o J\u00falio Prestes [Pra\u00e7a J\u00falio Prestes, n\u00ba 148 &#8211; Bom Retiro &#8211; S\u00e3o Paulo]<br \/>\nHor\u00e1rio: das 4h \u00e0 meia-noite [aos s\u00e1bados at\u00e9 a 1h de domingo]<br \/>\nEntrada: R$ 2,65<\/p>\n<p>Da CPTM<\/p>\n","protected":false},"excerpt":{"rendered":"<p>A Esta\u00e7\u00e3o Julio Prestes, na Linha 8-Diamante da CPTM (Companhia Paulista de Transportes Metropolitanos), recebe, at\u00e9 o dia 8 de dezembro, uma exposi\u00e7\u00e3o sobre a trajet\u00f3ria dos quadrinhos nacionais e internacionais. A mostra &#8220;A Hist\u00f3ria das Hist\u00f3rias em Quadrinhos&#8220;, realizada pela Secretaria do Estado da Cultura, por meio do Sistema Estadual de Museus (SISEM-SP), apresenta [&hellip;]<\/p>\n","protected":false},"author":3,"featured_media":0,"comment_status":"open","ping_status":"open","sticky":false,"template":"","format":"standard","meta":{"_genesis_hide_title":false,"_genesis_hide_breadcrumbs":false,"_genesis_hide_singular_image":false,"_genesis_hide_footer_widgets":false,"_genesis_custom_body_class":"","_genesis_custom_post_class":"","_genesis_layout":"","_jetpack_memberships_contains_paid_content":false,"footnotes":""},"categories":[22],"tags":[],"class_list":{"0":"post-32489","1":"post","2":"type-post","3":"status-publish","4":"format-standard","6":"category-brasil","7":"entry","8":"gs-1","9":"gs-odd","10":"gs-even","11":"gs-featured-content-entry"},"jetpack_featured_media_url":"","jetpack_sharing_enabled":true,"jetpack_likes_enabled":true,"_links":{"self":[{"href":"https:\/\/www.redenoticia.com.br\/noticia\/wp-json\/wp\/v2\/posts\/32489","targetHints":{"allow":["GET"]}}],"collection":[{"href":"https:\/\/www.redenoticia.com.br\/noticia\/wp-json\/wp\/v2\/posts"}],"about":[{"href":"https:\/\/www.redenoticia.com.br\/noticia\/wp-json\/wp\/v2\/types\/post"}],"author":[{"embeddable":true,"href":"https:\/\/www.redenoticia.com.br\/noticia\/wp-json\/wp\/v2\/users\/3"}],"replies":[{"embeddable":true,"href":"https:\/\/www.redenoticia.com.br\/noticia\/wp-json\/wp\/v2\/comments?post=32489"}],"version-history":[{"count":0,"href":"https:\/\/www.redenoticia.com.br\/noticia\/wp-json\/wp\/v2\/posts\/32489\/revisions"}],"wp:attachment":[{"href":"https:\/\/www.redenoticia.com.br\/noticia\/wp-json\/wp\/v2\/media?parent=32489"}],"wp:term":[{"taxonomy":"category","embeddable":true,"href":"https:\/\/www.redenoticia.com.br\/noticia\/wp-json\/wp\/v2\/categories?post=32489"},{"taxonomy":"post_tag","embeddable":true,"href":"https:\/\/www.redenoticia.com.br\/noticia\/wp-json\/wp\/v2\/tags?post=32489"}],"curies":[{"name":"wp","href":"https:\/\/api.w.org\/{rel}","templated":true}]}}