{"id":32487,"date":"2010-11-22T11:49:38","date_gmt":"2010-11-22T15:49:38","guid":{"rendered":"http:\/\/www.redenoticia.com.br\/noticia\/?p=32487"},"modified":"2010-11-22T11:49:38","modified_gmt":"2010-11-22T15:49:38","slug":"perpectiva-para-o-turismo-mundial","status":"publish","type":"post","link":"https:\/\/www.redenoticia.com.br\/noticia\/2010\/perpectiva-para-o-turismo-mundial\/32487","title":{"rendered":"Perpectiva para o turismo mundial"},"content":{"rendered":"<p>A perspectiva de crescimento do <strong><em>turismo<\/em><\/strong> internacional, atividade que corresponde  a 38% da balan\u00e7a de servi\u00e7os do mundo, \u00e9 de 6% para 2010. Esse foi um dos  exemplos utilizados pelo diretor da Organiza\u00e7\u00e3o Mundial de Turismo (OMT) M\u00e1rcio  Favilla, durante congresso no Festival de Turismo de Gramado (RS), para destacar  a import\u00e2ncia do setor na <strong><em>economia mundial<\/em><\/strong>.<\/p>\n<p>Favilla mostra, com informa\u00e7\u00f5es do Bar\u00f4metro do Turismo da OMT, que o setor  iniciou uma trajet\u00f3ria de recupera\u00e7\u00e3o das perdas acumuladas em 2009, auge da  crise econ\u00f4mica internacional. Segundo ele, de janeiro a agosto, as chegadas  internacionais cresceram 7% em rela\u00e7\u00e3o ao mesmo per\u00edodo do ano passado. Ele  explica, no entanto, que ainda n\u00e3o se pode falar em resultados importantes como  os de 2008, \u201cum ano excelente para o turismo\u201d, como definiu.<\/p>\n<p>Os ganhos mais expressivos em termos de chegadas de turistas internacionais  foram registrados, segundo ele, nos pa\u00edses em desenvolvimento. \u201cA \u00fanica regi\u00e3o  do mundo a ter um desempenho positivo foi a \u00c1frica. A \u00c1frica do Sul j\u00e1 est\u00e1  acima do recorde de 2008\u201d, exemplificou o diretor da OMT.<\/p>\n<p>A \u00c1sia e o Oriente M\u00e9dio devem crescer 12% neste ano , superando a marca  mundial. M\u00e1rcio Favilla, que j\u00e1 foi secret\u00e1rio executivo do Minist\u00e9rio do  Turismo, destacou que o Brasil, que tem 75% do seu PIB do turismo calcado no  mercado interno, foi pouco impactado pela crise mundial.<br \/>\n\u201cDestinos  emergentes tendem a crescer mais rapidamente e mantiveram esse diferencia em  2009\u201d, disse, durante o painel Um novo olhar sobre a ind\u00fastria tur\u00edstica em uma  economia globalizada: sustentabilidade, neg\u00f3cios e investimentos.<\/p>\n","protected":false},"excerpt":{"rendered":"<p>A perspectiva de crescimento do turismo internacional, atividade que corresponde a 38% da balan\u00e7a de servi\u00e7os do mundo, \u00e9 de 6% para 2010. Esse foi um dos exemplos utilizados pelo diretor da Organiza\u00e7\u00e3o Mundial de Turismo (OMT) M\u00e1rcio Favilla, durante congresso no Festival de Turismo de Gramado (RS), para destacar a import\u00e2ncia do setor na [&hellip;]<\/p>\n","protected":false},"author":3,"featured_media":0,"comment_status":"open","ping_status":"open","sticky":false,"template":"","format":"standard","meta":{"_genesis_hide_title":false,"_genesis_hide_breadcrumbs":false,"_genesis_hide_singular_image":false,"_genesis_hide_footer_widgets":false,"_genesis_custom_body_class":"","_genesis_custom_post_class":"","_genesis_layout":"","_jetpack_memberships_contains_paid_content":false,"footnotes":""},"categories":[22,7],"tags":[],"class_list":{"0":"post-32487","1":"post","2":"type-post","3":"status-publish","4":"format-standard","6":"category-brasil","7":"category-economia","8":"entry","9":"gs-1","10":"gs-odd","11":"gs-even","12":"gs-featured-content-entry"},"jetpack_featured_media_url":"","jetpack_sharing_enabled":true,"jetpack_likes_enabled":true,"_links":{"self":[{"href":"https:\/\/www.redenoticia.com.br\/noticia\/wp-json\/wp\/v2\/posts\/32487","targetHints":{"allow":["GET"]}}],"collection":[{"href":"https:\/\/www.redenoticia.com.br\/noticia\/wp-json\/wp\/v2\/posts"}],"about":[{"href":"https:\/\/www.redenoticia.com.br\/noticia\/wp-json\/wp\/v2\/types\/post"}],"author":[{"embeddable":true,"href":"https:\/\/www.redenoticia.com.br\/noticia\/wp-json\/wp\/v2\/users\/3"}],"replies":[{"embeddable":true,"href":"https:\/\/www.redenoticia.com.br\/noticia\/wp-json\/wp\/v2\/comments?post=32487"}],"version-history":[{"count":0,"href":"https:\/\/www.redenoticia.com.br\/noticia\/wp-json\/wp\/v2\/posts\/32487\/revisions"}],"wp:attachment":[{"href":"https:\/\/www.redenoticia.com.br\/noticia\/wp-json\/wp\/v2\/media?parent=32487"}],"wp:term":[{"taxonomy":"category","embeddable":true,"href":"https:\/\/www.redenoticia.com.br\/noticia\/wp-json\/wp\/v2\/categories?post=32487"},{"taxonomy":"post_tag","embeddable":true,"href":"https:\/\/www.redenoticia.com.br\/noticia\/wp-json\/wp\/v2\/tags?post=32487"}],"curies":[{"name":"wp","href":"https:\/\/api.w.org\/{rel}","templated":true}]}}