{"id":32484,"date":"2010-11-22T11:01:58","date_gmt":"2010-11-22T15:01:58","guid":{"rendered":"http:\/\/www.redenoticia.com.br\/noticia\/?p=32484"},"modified":"2010-11-22T11:01:58","modified_gmt":"2010-11-22T15:01:58","slug":"natura-ekos-lanca-concurso-cultural-redescobrindo-o-brasil","status":"publish","type":"post","link":"https:\/\/www.redenoticia.com.br\/noticia\/2010\/natura-ekos-lanca-concurso-cultural-redescobrindo-o-brasil\/32484","title":{"rendered":"Natura Ekos lan\u00e7a concurso cultural &#8220;Redescobrindo o Brasil&#8221;"},"content":{"rendered":"<p>Para celebrar o Ano Internacional da Biodiversidade, <strong><em>Natura Ekos<\/em><\/strong> lan\u00e7a o  <strong><em>concurso cultural<\/em><\/strong> \u201c<strong><em>Redescobrindo o Brasil<\/em><\/strong>\u201d em seu portal <a href=\"http:\/\/www.naturaekos.com.br\/\" target=\"_blank\">www.naturaekos.com.br<\/a>. Para participar,  o internauta deve escolher um dos biomas brasileiros (Amaz\u00f4nia, Mata Atl\u00e2ntica,  Cerrado, Caatinga, Pantanal, Pampa, Zonas Costeira ou Marinha) e contar, por  meio de fotos ou artigos in\u00e9ditos e de sua autoria, qual \u00e9 a sua hist\u00f3ria  pessoal em rela\u00e7\u00e3o a este lugar.<\/p>\n<p>Os vencedores v\u00e3o embarcar em uma viagem rumo \u00e0 Amaz\u00f4nia para conhecer os  castanhais da Reserva de Desenvolvimento Sustent\u00e1vel do Rio Iratapuru, no Amap\u00e1  e acompanhar a coleta da castanha. Poder\u00e3o concorrer trabalhos inscritos no  portal www.naturaekos.com.br at\u00e9 o  dia 31 de dezembro.<\/p>\n<p>Sobre a Natura<\/p>\n<p>A Natura \u00e9 a maior fabricante brasileira de cosm\u00e9ticos e produtos de higiene  e beleza e l\u00edder no setor de venda direta. Criada em 1969 a partir de um  laborat\u00f3rio e uma pequena loja em S\u00e3o Paulo, hoje a empresa possui cerca de 6,2  mil colaboradores e registrou no ano de 2009, receita bruta de R$ 5,8 bilh\u00f5es,  um crescimento de 19,3% em rela\u00e7\u00e3o ao ano anterior. O lucro l\u00edquido foi de R$  683,9 milh\u00f5es, 32,1% superior ao registrado em 2008. A Natura est\u00e1 presente no  Brasil, Argentina, Peru, Chile, M\u00e9xico, Col\u00f4mbia e Fran\u00e7a \u2013 onde mant\u00e9m uma loja  e um centro-sat\u00e9lite de pesquisa e tecnologia. Na Bol\u00edvia, Guatemala, Honduras e  El Salvador atua por meio de distribuidores. Sua for\u00e7a de vendas \u00e9 formada por  mais de 1 milh\u00e3o de consultoras, sendo 984,3 mil no Brasil e 185,8 mil no  exterior.<\/p>\n","protected":false},"excerpt":{"rendered":"<p>Para celebrar o Ano Internacional da Biodiversidade, Natura Ekos lan\u00e7a o concurso cultural \u201cRedescobrindo o Brasil\u201d em seu portal www.naturaekos.com.br. Para participar, o internauta deve escolher um dos biomas brasileiros (Amaz\u00f4nia, Mata Atl\u00e2ntica, Cerrado, Caatinga, Pantanal, Pampa, Zonas Costeira ou Marinha) e contar, por meio de fotos ou artigos in\u00e9ditos e de sua autoria, qual [&hellip;]<\/p>\n","protected":false},"author":3,"featured_media":0,"comment_status":"open","ping_status":"open","sticky":false,"template":"","format":"standard","meta":{"_genesis_hide_title":false,"_genesis_hide_breadcrumbs":false,"_genesis_hide_singular_image":false,"_genesis_hide_footer_widgets":false,"_genesis_custom_body_class":"","_genesis_custom_post_class":"","_genesis_layout":"","_jetpack_memberships_contains_paid_content":false,"footnotes":""},"categories":[22],"tags":[],"class_list":{"0":"post-32484","1":"post","2":"type-post","3":"status-publish","4":"format-standard","6":"category-brasil","7":"entry","8":"gs-1","9":"gs-odd","10":"gs-even","11":"gs-featured-content-entry"},"jetpack_featured_media_url":"","jetpack_sharing_enabled":true,"jetpack_likes_enabled":true,"_links":{"self":[{"href":"https:\/\/www.redenoticia.com.br\/noticia\/wp-json\/wp\/v2\/posts\/32484","targetHints":{"allow":["GET"]}}],"collection":[{"href":"https:\/\/www.redenoticia.com.br\/noticia\/wp-json\/wp\/v2\/posts"}],"about":[{"href":"https:\/\/www.redenoticia.com.br\/noticia\/wp-json\/wp\/v2\/types\/post"}],"author":[{"embeddable":true,"href":"https:\/\/www.redenoticia.com.br\/noticia\/wp-json\/wp\/v2\/users\/3"}],"replies":[{"embeddable":true,"href":"https:\/\/www.redenoticia.com.br\/noticia\/wp-json\/wp\/v2\/comments?post=32484"}],"version-history":[{"count":0,"href":"https:\/\/www.redenoticia.com.br\/noticia\/wp-json\/wp\/v2\/posts\/32484\/revisions"}],"wp:attachment":[{"href":"https:\/\/www.redenoticia.com.br\/noticia\/wp-json\/wp\/v2\/media?parent=32484"}],"wp:term":[{"taxonomy":"category","embeddable":true,"href":"https:\/\/www.redenoticia.com.br\/noticia\/wp-json\/wp\/v2\/categories?post=32484"},{"taxonomy":"post_tag","embeddable":true,"href":"https:\/\/www.redenoticia.com.br\/noticia\/wp-json\/wp\/v2\/tags?post=32484"}],"curies":[{"name":"wp","href":"https:\/\/api.w.org\/{rel}","templated":true}]}}