{"id":32482,"date":"2010-11-22T10:57:38","date_gmt":"2010-11-22T14:57:38","guid":{"rendered":"http:\/\/www.redenoticia.com.br\/noticia\/?p=32482"},"modified":"2010-11-22T10:57:38","modified_gmt":"2010-11-22T14:57:38","slug":"emissao-de-co2-podera-atingir-recorde-em-2010","status":"publish","type":"post","link":"https:\/\/www.redenoticia.com.br\/noticia\/2010\/emissao-de-co2-podera-atingir-recorde-em-2010\/32482","title":{"rendered":"Emiss\u00e3o de CO2 poder\u00e1 atingir recorde em 2010"},"content":{"rendered":"<div>\n<h3><span style=\"font-size: 13px;\"><span style=\"font-weight: normal;\">Ag\u00eancia FAPESP \u2013 Mesmo com o mundo em meio a uma  importante crise econ\u00f4mica e financeira, as emiss\u00f5es de di\u00f3xido de carbono  (CO2), principal personagem do aquecimento global, n\u00e3o ca\u00edram como se esperava.<\/span><\/span><\/h3>\n<\/div>\n<div>\n<p>A conclus\u00e3o est\u00e1 em um estudo feito por um grupo de pesquisadores do Reino  Unido, Estados Unidos, Austr\u00e1lia e Fran\u00e7a e publicado neste domingo (21\/11) como  carta ao editor na revista <em>Nature Geoscience<\/em>.<\/p>\n<p>O texto \u00e9 uma atualiza\u00e7\u00e3o anual do Global Carbon Project e destaca que as  emiss\u00f5es de CO2 n\u00e3o d\u00e3o sinais de que estejam caindo globalmente e poder\u00e3o  atingir um n\u00edvel recorde em 2010.<\/p>\n<p>Os autores conclu\u00edram que as emiss\u00f5es de di\u00f3xido de carbono em 2009 foram  apenas 1,3% menores do que as do ano anterior, mesmo com a crise. A queda \u00e9  menos da metade do que se estimava h\u00e1 um ano.<\/p>\n<p>A crise financeira afetou diversos pa\u00edses, levando a redu\u00e7\u00f5es na emiss\u00e3o de  CO2. No Reino Unido, por exemplo, a queda foi de 8,6% em 2009 com rela\u00e7\u00e3o ao ano  anterior. Quedas semelhantes ocorreram na maioria dos pa\u00edses industrializados.<\/p>\n<p>Entretanto, diversas economias emergentes tiveram crescimento elevado, mesmo  com a crise. Isso se refletiu no aumento das emiss\u00f5es do g\u00e1s. Na China, houve  uma eleva\u00e7\u00e3o de 8%, e na \u00cdndia de 6,2%.<\/p>\n<p>\u201cA queda nas emiss\u00f5es de CO2 em 2009 foi de menos da metade do que o  antecipado h\u00e1 um ano. Isso ocorreu porque a queda no produto interno bruto (PIB)  mundial foi menor que o previsto e a intensidade de carbono com rela\u00e7\u00e3o ao PIB  mundial \u2013 a quantidade de CO2 liberada por unidade de PIB \u2013 melhorou apenas 0,7%  em 2009, muito menos do que a m\u00e9dia de longo prazo de 1,7% ao ano\u201d, disse Pierre  Friedlingstein, da Universidade de Exeter, principal autor do estudo.<\/p>\n<p>A pesquisa aponta que, se o crescimento econ\u00f4mico continuar como previsto, as  emiss\u00f5es globais de combust\u00edveis f\u00f3sseis aumentar\u00e3o em mais de 3% em 2010,  aproximando-se das elevadas taxas observadas entre 2000 e 2008.<\/p>\n<p>O texto <em>Update on CO2 emissions<\/em>, de Pierre Friedlingstein e outros,  pode ser lido por assinantes da <em>Nature<\/em> em <a href=\"http:\/\/www.nature.com\/naturegeoscience\" target=\"_blank\">www.nature.com\/naturegeoscience<\/a>.<\/p>\n<\/div>\n","protected":false},"excerpt":{"rendered":"<p>Ag\u00eancia FAPESP \u2013 Mesmo com o mundo em meio a uma importante crise econ\u00f4mica e financeira, as emiss\u00f5es de di\u00f3xido de carbono (CO2), principal personagem do aquecimento global, n\u00e3o ca\u00edram como se esperava. A conclus\u00e3o est\u00e1 em um estudo feito por um grupo de pesquisadores do Reino Unido, Estados Unidos, Austr\u00e1lia e Fran\u00e7a e publicado [&hellip;]<\/p>\n","protected":false},"author":3,"featured_media":0,"comment_status":"open","ping_status":"open","sticky":false,"template":"","format":"standard","meta":{"_genesis_hide_title":false,"_genesis_hide_breadcrumbs":false,"_genesis_hide_singular_image":false,"_genesis_hide_footer_widgets":false,"_genesis_custom_body_class":"","_genesis_custom_post_class":"","_genesis_layout":"","_jetpack_memberships_contains_paid_content":false,"footnotes":""},"categories":[22],"tags":[],"class_list":{"0":"post-32482","1":"post","2":"type-post","3":"status-publish","4":"format-standard","6":"category-brasil","7":"entry","8":"gs-1","9":"gs-odd","10":"gs-even","11":"gs-featured-content-entry"},"jetpack_featured_media_url":"","jetpack_sharing_enabled":true,"jetpack_likes_enabled":true,"_links":{"self":[{"href":"https:\/\/www.redenoticia.com.br\/noticia\/wp-json\/wp\/v2\/posts\/32482","targetHints":{"allow":["GET"]}}],"collection":[{"href":"https:\/\/www.redenoticia.com.br\/noticia\/wp-json\/wp\/v2\/posts"}],"about":[{"href":"https:\/\/www.redenoticia.com.br\/noticia\/wp-json\/wp\/v2\/types\/post"}],"author":[{"embeddable":true,"href":"https:\/\/www.redenoticia.com.br\/noticia\/wp-json\/wp\/v2\/users\/3"}],"replies":[{"embeddable":true,"href":"https:\/\/www.redenoticia.com.br\/noticia\/wp-json\/wp\/v2\/comments?post=32482"}],"version-history":[{"count":0,"href":"https:\/\/www.redenoticia.com.br\/noticia\/wp-json\/wp\/v2\/posts\/32482\/revisions"}],"wp:attachment":[{"href":"https:\/\/www.redenoticia.com.br\/noticia\/wp-json\/wp\/v2\/media?parent=32482"}],"wp:term":[{"taxonomy":"category","embeddable":true,"href":"https:\/\/www.redenoticia.com.br\/noticia\/wp-json\/wp\/v2\/categories?post=32482"},{"taxonomy":"post_tag","embeddable":true,"href":"https:\/\/www.redenoticia.com.br\/noticia\/wp-json\/wp\/v2\/tags?post=32482"}],"curies":[{"name":"wp","href":"https:\/\/api.w.org\/{rel}","templated":true}]}}