{"id":32477,"date":"2010-11-21T17:32:34","date_gmt":"2010-11-21T21:32:34","guid":{"rendered":"http:\/\/www.redenoticia.com.br\/noticia\/?p=32477"},"modified":"2010-11-22T13:46:26","modified_gmt":"2010-11-22T17:46:26","slug":"meteorologia-%e2%80%93-previsao-do-tempo-para-esta-segunda-feira-2211","status":"publish","type":"post","link":"https:\/\/www.redenoticia.com.br\/noticia\/2010\/meteorologia-%e2%80%93-previsao-do-tempo-para-esta-segunda-feira-2211\/32477","title":{"rendered":"Meteorologia \u2013 previs\u00e3o do tempo para esta segunda-feira 22\/11"},"content":{"rendered":"<p><img loading=\"lazy\" decoding=\"async\" class=\"alignleft size-full wp-image-28410\" title=\"previsao do tempo temperatura\" src=\"https:\/\/www.redenoticia.com.br\/noticia\/imagens\/previsao-do-tempo-temperatura.jpg\" alt=\"\" width=\"300\" height=\"193\" srcset=\"https:\/\/www.redenoticia.com.br\/noticia\/imagens\/previsao-do-tempo-temperatura.jpg 300w, https:\/\/www.redenoticia.com.br\/noticia\/imagens\/previsao-do-tempo-temperatura-250x160.jpg 250w, https:\/\/www.redenoticia.com.br\/noticia\/imagens\/previsao-do-tempo-temperatura-150x96.jpg 150w\" sizes=\"auto, (max-width: 300px) 100vw, 300px\" \/>Previs\u00e3o do tempo \u2013 a <strong><em>meteorologia<\/em><\/strong> divulgou a <strong><em>previs\u00e3o do tempo<\/em><\/strong> e <strong><em>temperatura<\/em><\/strong> para segunda-feira (22\/11)\u00a0e informa que \u00e1reas de instabilidade provocar\u00e3o pancadas de chuva em grande parte das Regi\u00f5es Norte, Centro-Oeste e Sudeste. Segundo a previs\u00e3o do tempo em algumas localidades poder\u00e1 chover forte. O dia ter\u00e1 muitas nuvens e chuva na faixa leste de SC, do PR e de SP. Dados da previs\u00e3o do tempo indicam que o\u00a0c\u00e9u ficar\u00e1 nublado com pancadas de chuva no AC, RO, no AM, grande parte de MT, sul de GO e norte de MS, demais \u00e1reas de SP, em MG e sul do RJ. O dia ter\u00e1 sol e poucas nuvens no centro-sul do RS e em quase toda a Regi\u00e3o Nordeste, exceto no MA, sul do PI e oeste da BA. A previs\u00e3o do tempo destaca que as temperaturas estar\u00e3o est\u00e1veis.<\/p>\n<p>Vale do Para\u00edba \u2013 previs\u00e3o do tempo em 22\/11, o dia ser\u00e1 nublado com pancadas de chuva na regi\u00e3o. No litoral as chuvas dever\u00e3o ser mais cont\u00ednuas. As temperaturas estar\u00e3o em decl\u00ednio. O acumulado de chuva poder\u00e1 ser significativo em \u00e1reas da regi\u00e3o.<\/p>\n<p>Regi\u00e3o Centro-Oeste \u2013 previs\u00e3o do tempo em 22\/11\/2010: No sudoeste de MS: sol e varia\u00e7\u00e3o de nuvens. Nas demais \u00e1reas da Regi\u00e3o: muitas nuvens e pancadas de chuva isoladas. Temperaturas est\u00e1veis. Temperatura M\u00e1xima: 35C no norte do MT. Temperatura M\u00ednima: 18C no sul do MS.<\/p>\n<p>Regi\u00e3o Nordeste \u2013 previs\u00e3o do tempo em 22\/11\/2010: No norte da BA, leste do PI, no CE, RN, PB, PE, AL e SE: sol entre poucas nuvens. No centro-sul do MA: muitas nuvens e pancadas de chuva. Nas demais \u00e1reas: sol com varia\u00e7\u00e3o de nebulosidade e possibilidade de pancada de chuva. Temperaturas elevadas. Temperatura m\u00e1xima: 37C no norte do PI. Temperatura m\u00ednima: 16C no interior de PE.<\/p>\n<p>Regi\u00e3o Norte \u2013 previs\u00e3o do tempo em 22\/11\/2010: Em toda a Regi\u00e3o: sol entre muitas nuvens e pancadas de chuva. Temperaturas elevadas. Temperatura m\u00e1xima: 37C no norte do PA. Temperatura m\u00ednima: 18C no oeste de RR.<\/p>\n<p>Regi\u00e3o Sudeste \u2013 previs\u00e3o do tempo em 22\/11\/2010: No leste de SP: muitas nuvens e chuva. No norte do ES e nordeste de MG: sol entre nuvens e possibilidade de pancadas de chuva. Nas demais \u00e1reas: muitas nuvens e pancadas de chuva. Temperaturas est\u00e1veis. Temperatura m\u00e1xima: 34C no norte do ES. Temperatura m\u00ednima: 12C no sul de MG.<\/p>\n<p>Regi\u00e3o Sul \u2013 previs\u00e3o do tempo em 22\/11\/2010: No centro-leste do PR de SC: muitas nuvens e chuva. No centro-sul do RS: sol entre poucas nuvens. No noroeste do RS, oeste de SC e sudoeste do PR: sol entre nuvens e pancadas de chuva pela manh\u00e3. Nas demais \u00e1reas: muitas nuvens e pancadas de chuva. Temperaturas amenas. Temperatura m\u00e1xima: 34C no oeste do RS. Temperatura m\u00ednima: 5C nas \u00e1reas de serra de SC e RS.<\/p>\n<p>Previs\u00e3o do tempo e temperatura CPTEC<\/p>\n","protected":false},"excerpt":{"rendered":"<p>Previs\u00e3o do tempo \u2013 a meteorologia divulgou a previs\u00e3o do tempo e temperatura para segunda-feira (22\/11)\u00a0e informa que \u00e1reas de instabilidade provocar\u00e3o pancadas de chuva em grande parte das Regi\u00f5es Norte, Centro-Oeste e Sudeste. Segundo a previs\u00e3o do tempo em algumas localidades poder\u00e1 chover forte. O dia ter\u00e1 muitas nuvens e chuva na faixa leste [&hellip;]<\/p>\n","protected":false},"author":3,"featured_media":28410,"comment_status":"open","ping_status":"open","sticky":false,"template":"","format":"standard","meta":{"_genesis_hide_title":false,"_genesis_hide_breadcrumbs":false,"_genesis_hide_singular_image":false,"_genesis_hide_footer_widgets":false,"_genesis_custom_body_class":"","_genesis_custom_post_class":"","_genesis_layout":"","_jetpack_memberships_contains_paid_content":false,"footnotes":""},"categories":[22],"tags":[],"class_list":{"0":"post-32477","1":"post","2":"type-post","3":"status-publish","4":"format-standard","5":"has-post-thumbnail","7":"category-brasil","8":"entry","9":"gs-1","10":"gs-odd","11":"gs-even","12":"gs-featured-content-entry"},"jetpack_featured_media_url":"https:\/\/www.redenoticia.com.br\/noticia\/imagens\/previsao-do-tempo-temperatura.jpg","jetpack_sharing_enabled":true,"jetpack_likes_enabled":true,"_links":{"self":[{"href":"https:\/\/www.redenoticia.com.br\/noticia\/wp-json\/wp\/v2\/posts\/32477","targetHints":{"allow":["GET"]}}],"collection":[{"href":"https:\/\/www.redenoticia.com.br\/noticia\/wp-json\/wp\/v2\/posts"}],"about":[{"href":"https:\/\/www.redenoticia.com.br\/noticia\/wp-json\/wp\/v2\/types\/post"}],"author":[{"embeddable":true,"href":"https:\/\/www.redenoticia.com.br\/noticia\/wp-json\/wp\/v2\/users\/3"}],"replies":[{"embeddable":true,"href":"https:\/\/www.redenoticia.com.br\/noticia\/wp-json\/wp\/v2\/comments?post=32477"}],"version-history":[{"count":0,"href":"https:\/\/www.redenoticia.com.br\/noticia\/wp-json\/wp\/v2\/posts\/32477\/revisions"}],"wp:featuredmedia":[{"embeddable":true,"href":"https:\/\/www.redenoticia.com.br\/noticia\/wp-json\/wp\/v2\/media\/28410"}],"wp:attachment":[{"href":"https:\/\/www.redenoticia.com.br\/noticia\/wp-json\/wp\/v2\/media?parent=32477"}],"wp:term":[{"taxonomy":"category","embeddable":true,"href":"https:\/\/www.redenoticia.com.br\/noticia\/wp-json\/wp\/v2\/categories?post=32477"},{"taxonomy":"post_tag","embeddable":true,"href":"https:\/\/www.redenoticia.com.br\/noticia\/wp-json\/wp\/v2\/tags?post=32477"}],"curies":[{"name":"wp","href":"https:\/\/api.w.org\/{rel}","templated":true}]}}